{"id":469199,"date":"2025-10-17T05:24:10","date_gmt":"2025-10-17T05:24:10","guid":{"rendered":"https:\/\/www.europesays.com\/fr\/469199\/"},"modified":"2025-10-17T05:24:10","modified_gmt":"2025-10-17T05:24:10","slug":"folie-ou-sadisme-six-jours-pour-saisir-litineraire-macabre-de-dahbia-benkired","status":"publish","type":"post","link":"https:\/\/www.europesays.com\/fr\/469199\/","title":{"rendered":"folie ou sadisme, six jours pour saisir l&rsquo;itin\u00e9raire macabre de Dahbia Benkired"},"content":{"rendered":"<p>            Par<br \/>\n        <strong><br \/>\n            <a href=\"https:\/\/actu.fr\/auteur\/antoine-blanchet\" title=\"Consulter tous les articles de Antoine Blanchet\" rel=\"nofollow noopener\" target=\"_blank\">Antoine Blanchet<\/a><br \/>\n        <\/strong><\/p>\n<p>        Publi\u00e9 le<\/p>\n<p>            17 oct. 2025 \u00e0 6h46        <\/p>\n<p>C\u2019est le visage d\u2019une petite fille. Apparu d\u2019abord sur un compte Facebook un apr\u00e8s-midi d\u2019octobre 2022 aux c\u00f4t\u00e9s du mot \u00ab\u2009disparition\u2009\u00bb. Quelques heures plus tard, le visage poupin se propageait dans tous les m\u00e9dias. \u00ab\u2009Corps\u2009\u00bb et \u00ab\u2009<a href=\"https:\/\/actu.fr\/tag\/meurtre\" rel=\"nofollow noopener\" target=\"_blank\">meurtre<\/a>\u2009\u00bb accompagnaient d\u00e9sormais l\u2019image. Puis le visage s\u2019est d\u00e9multipli\u00e9 sur des t-shirts, des banderoles. Le terme \u00ab\u2009francocide\u2009\u00bb \u00e9tait alors brandi par l\u2019extr\u00eame droite fran\u00e7aise. Trois ans ont d\u00e9sormais pass\u00e9, mais ce vendredi 17 octobre 2025, le visage revient dans tous les esprits. <strong>L\u2019affaire <a href=\"https:\/\/actu.fr\/ile-de-france\/paris_75056\/meurtre-de-lola-a-paris-j-aurai-toujours-cette-cicatrice-la-mere-de-la-jeune-fille-se-confie_61730089.html\" rel=\"nofollow noopener\" target=\"_blank\">du meurtre de Lola Daviet<\/a><\/strong>, viol\u00e9e et tortur\u00e9e par <strong>Dahbia Benkired<\/strong> va \u00eatre jug\u00e9e par la cour d\u2019assises de <a href=\"https:\/\/actu.fr\/paris\/\" rel=\"nofollow noopener\" target=\"_blank\">Paris<\/a>. L\u2019accus\u00e9e, \u00e2g\u00e9e de 27 ans, encourt la <strong>perp\u00e9tuit\u00e9<\/strong>.<\/p>\n<p>Le corps retrouv\u00e9 dans une malle<\/p>\n<p class=\" wall-content\">C\u2019est en fin d\u2019apr\u00e8s-midi que l\u2019inqui\u00e9tude commence \u00e0 germer au sein de la famille Daviet, dont les parents sont gardiens d\u2019immeuble au sein d\u2019une r\u00e9sidence situ\u00e9e rue Manin dans le 19e arrondissement. La petite derni\u00e8re, Lola, n\u2019est pas rentr\u00e9e du coll\u00e8ge. L\u2019alerte est donn\u00e9e. Les images de vid\u00e9osurveillance de l\u2019immeuble sont consult\u00e9es. La jeune fille est vue \u00e0 15h15 en train de monter l\u2019ascenseur en compagnie d\u2019une myst\u00e9rieuse femme affubl\u00e9e d\u2019un chignon.<\/p>\n<p class=\" wall-content\">Les heures passent et l\u2019angoisse grimpe. Peu apr\u00e8s 23 heures, un SDF erre du c\u00f4t\u00e9 de l\u2019immeuble de la famille Daviet. Il aper\u00e7oit une<strong> malle en plastique<\/strong>. Il d\u00e9cide de jeter un \u0153il \u00e0 l\u2019int\u00e9rieur et d\u00e9couvre l\u2019indicible\u2009: le corps de l\u2019adolescente. Le sans-abri alerte les passants et la police est pr\u00e9venue.<\/p>\n<p>Une sc\u00e8ne d\u2019horreur<\/p>\n<p class=\" wall-content\">La <a href=\"https:\/\/actu.fr\/ile-de-france\/paris_75056\/terrorisme-meurtres-mysterieux-cold-case-a-la-rencontre-de-la-brigade-criminelle-de-paris_59898628.html\" rel=\"nofollow noopener\" target=\"_blank\">brigade criminelle<\/a> est charg\u00e9e de l\u2019enqu\u00eate. Cette unit\u00e9 de la police judiciaire parisienne traite les affaires les plus macabres. Le lendemain du meurtre, la myst\u00e9rieuse femme au chignon est interpell\u00e9e par la <strong>brigade anticriminalit\u00e9<\/strong>. Elle se nomme Dahbia Benkired. \u00c2g\u00e9e de 24 ans, elle est h\u00e9berg\u00e9e par sa s\u0153ur dans l\u2019immeuble de la rue Manin.<\/p>\n<p class=\" wall-content\">Longuement interrog\u00e9e par les enqu\u00eateurs, la jeune femme va peu \u00e0 peu livrer un r\u00e9cit insoutenable. L\u2019apr\u00e8s-midi du 14 octobre, elle a crois\u00e9 Lola en bas de la r\u00e9sidence. Elle l\u2019a alors contrainte \u00e0 se rendre chez sa s\u0153ur. Elle aurait impos\u00e9 un viol \u00e0 l\u2019adolescente avant de lui porter des coups de ciseaux et de cutter. Elle aurait ensuite enroul\u00e9 la victime avec du rouleau adh\u00e9sif puis l\u2019aurait laiss\u00e9 \u00e9touffer, rapportent nos confr\u00e8res du <a href=\"https:\/\/www.leparisien.fr\/faits-divers\/je-lai-scotchee-je-lai-tuee-et-puis-voila-le-calvaire-de-lola-12-ans-dans-les-griffes-de-dahbia-benkired-13-10-2025-77KM4K4CPJBRLKMIGA6ZJWHF6Q.php\" rel=\"nofollow noopener\" target=\"_blank\">Parisien<\/a>.<\/p>\n<p class=\" wall-content\">Apr\u00e8s le crime, Dahbia Benkired s\u2019est livr\u00e9e \u00e0 un parcours sordide. Tout d\u2019abord, apr\u00e8s avoir mis le corps de la victime dans une valise, elle a tent\u00e9 de la \u00ab\u2009vendre\u2009\u00bb \u00e0 un homme dans un bar non loin de la rue Manin. La jeune femme s\u2019est ensuite rendue chez un ami \u00e0 <a href=\"https:\/\/actu.fr\/ile-de-france\/asnieres-sur-seine_92004\" rel=\"nofollow noopener\" target=\"_blank\">Asni\u00e8res-sur-Seine<\/a>, sans que celui-ci soit mis au courant de son crime. Revenue quelques heures apr\u00e8s en VTC dans le 19\u1d49 arrondissement, c\u2019est l\u00e0 qu\u2019elle a d\u00e9pos\u00e9 la valise.<\/p>\n<p>Une vaste r\u00e9cup\u00e9ration politique<\/p>\n<p class=\" wall-content\">L\u2019affaire a suscit\u00e9 un vif \u00e9moi en France. De nombreux hommages ont \u00e9t\u00e9 rendus \u00e0 la fillette. Une marche blanche avait \u00e9t\u00e9 organis\u00e9e quelques semaines apr\u00e8s son d\u00e9c\u00e8s. Cependant, l\u2019affaire a tr\u00e8s vite \u00e9t\u00e9 r\u00e9cup\u00e9r\u00e9e par l\u2019extr\u00eame-droite. La raison\u2009: l\u2019accus\u00e9e qui \u00e9tait arriv\u00e9e en France l\u00e9galement en 2016, faisait l\u2019objet d\u2019une <strong>obligation de quitter le territoire fran\u00e7ais (OQTF)<\/strong> depuis deux mois. Une manifestation <a href=\"https:\/\/actu.fr\/ile-de-france\/paris_75056\/rassemblement-pour-lola-a-paris-un-journaliste-pris-a-partie-par-des-militants-d-extreme-droite_54660420.html\" rel=\"nofollow noopener\" target=\"_blank\">avait \u00e9t\u00e9 organis\u00e9e place Denfert-Rochereau<\/a>. La famille de l\u2019adolescente avait finalement appel\u00e9 \u00e0 la cessation de toute \u00ab\u2009r\u00e9cup\u00e9ration politique\u2009\u00bb.<\/p>\n<p>Le mobile et la folie\u2009: enjeux du proc\u00e8s\u2009?<\/p>\n<p class=\" wall-content\">Au cours de l\u2019instruction, la question a \u00e9t\u00e9 \u00e9tudi\u00e9e par plusieurs psychiatres\u2009: Dahbia Benkired est-elle atteinte de folie\u2009? Plac\u00e9e en d\u00e9tention provisoire, la jeune femme a fait plusieurs s\u00e9jours \u00e0 <strong>l\u2019Unit\u00e9 pour malades difficiles<\/strong> dans le Val-de-Marne. Les expertises r\u00e9alis\u00e9es durant l\u2019enqu\u00eate ne sont pas all\u00e9es dans ce sens. Selon les professionnels, aucun trouble psychique ou neuropsychique n\u2019a aboli le discernement de l\u2019accus\u00e9e au moment des faits. Une conclusion qui a permis de renvoyer la jeune femme devant les assises.<\/p>\n<p>Votre r\u00e9gion, votre actu !<\/p>\n<p>Recevez chaque jour les infos qui comptent pour vous.<\/p>\n<p>\t<a href=\"https:\/\/actu.fr\/newsletter\" class=\"ac-btn ac-btn--corner ac-btn--medium ac-btn--blue800\" rel=\"nofollow noopener\" target=\"_blank\">S&rsquo;incrire<\/a><\/p>\n<p class=\" wall-content\">Malgr\u00e9 ces expertises, les interrogations demeurent \u00e0 l\u2019or\u00e9e du proc\u00e8s. \u00ab\u2009On ressort frustr\u00e9s des interrogatoires. On veut comprendre ce qu\u2019il s\u2019est pass\u00e9 dans son esprit. La question de sa lucidit\u00e9 au moment des faits. On aimerait savoir comment on en est arriv\u00e9 l\u00e0\u2009\u00bb, d\u00e9clare Me Mathias Wargon, qui repr\u00e9sente l\u2019association Innocence en Danger, partie civile au proc\u00e8s. Le mobile du crime reste en effet assez flou. Aux enqu\u00eateurs, l\u2019accus\u00e9e avait \u00e9voqu\u00e9 une ranc\u0153ur contre la m\u00e8re de Lola, qui ne lui avait pas fourni un pass pour acc\u00e9der \u00e0 l\u2019immeuble.\u00a0<\/p>\n<p class=\" wall-content\">Le verdict de l\u2019audience est pr\u00e9vu pour le 24\u00a0octobre 2025.<\/p>\n<p class=\" wall-content\">Personnalisez votre actualit\u00e9 en ajoutant vos villes et m\u00e9dias en favori avec <a href=\"https:\/\/moncompte.actu.fr\" title=\"D\u00e9couvez Mon Actu\" rel=\"nofollow noopener\" data-trk=\"{&quot;cta&quot;:{&quot;action&quot;:&quot;https:\\\/\\\/moncompte.actu.fr&quot;,&quot;category&quot;:&quot;mon compte&quot;,&quot;from&quot;:&quot;article footer&quot;,&quot;name&quot;:&quot;Mon actu&quot;,&quot;type&quot;:&quot;cta&quot;}}\" target=\"_blank\">Mon Actu<\/a>.<\/p>\n","protected":false},"excerpt":{"rendered":"Par Antoine Blanchet Publi\u00e9 le 17 oct. 2025 \u00e0 6h46 C\u2019est le visage d\u2019une petite fille. Apparu d\u2019abord&hellip;\n","protected":false},"author":2,"featured_media":431505,"comment_status":"","ping_status":"","sticky":false,"template":"","format":"standard","meta":{"footnotes":""},"categories":[1888],"tags":[11,1777,674,118,1011,27,303,777,12,626,2694,25],"class_list":{"0":"post-469199","1":"post","2":"type-post","3":"status-publish","4":"format-standard","5":"has-post-thumbnail","7":"category-paris","8":"tag-actualites","9":"tag-eu","10":"tag-europe","11":"tag-faits-divers","12":"tag-fr","13":"tag-france","14":"tag-justice","15":"tag-meurtre","16":"tag-news","17":"tag-paris","18":"tag-proces","19":"tag-republique-francaise"},"share_on_mastodon":{"url":"https:\/\/pubeurope.com\/@fr\/115387843654597145","error":""},"_links":{"self":[{"href":"https:\/\/www.europesays.com\/fr\/wp-json\/wp\/v2\/posts\/469199","targetHints":{"allow":["GET"]}}],"collection":[{"href":"https:\/\/www.europesays.com\/fr\/wp-json\/wp\/v2\/posts"}],"about":[{"href":"https:\/\/www.europesays.com\/fr\/wp-json\/wp\/v2\/types\/post"}],"author":[{"embeddable":true,"href":"https:\/\/www.europesays.com\/fr\/wp-json\/wp\/v2\/users\/2"}],"replies":[{"embeddable":true,"href":"https:\/\/www.europesays.com\/fr\/wp-json\/wp\/v2\/comments?post=469199"}],"version-history":[{"count":0,"href":"https:\/\/www.europesays.com\/fr\/wp-json\/wp\/v2\/posts\/469199\/revisions"}],"wp:featuredmedia":[{"embeddable":true,"href":"https:\/\/www.europesays.com\/fr\/wp-json\/wp\/v2\/media\/431505"}],"wp:attachment":[{"href":"https:\/\/www.europesays.com\/fr\/wp-json\/wp\/v2\/media?parent=469199"}],"wp:term":[{"taxonomy":"category","embeddable":true,"href":"https:\/\/www.europesays.com\/fr\/wp-json\/wp\/v2\/categories?post=469199"},{"taxonomy":"post_tag","embeddable":true,"href":"https:\/\/www.europesays.com\/fr\/wp-json\/wp\/v2\/tags?post=469199"}],"curies":[{"name":"wp","href":"https:\/\/api.w.org\/{rel}","templated":true}]}}