{"id":469200,"date":"2025-10-17T05:25:12","date_gmt":"2025-10-17T05:25:12","guid":{"rendered":"https:\/\/www.europesays.com\/fr\/469200\/"},"modified":"2025-10-17T05:25:12","modified_gmt":"2025-10-17T05:25:12","slug":"policier-en-masse-car-protege-paris-basketball-hapoel-tel-aviv-un-match-place-sous-haute-surveillance","status":"publish","type":"post","link":"https:\/\/www.europesays.com\/fr\/469200\/","title":{"rendered":"Policier en masse, car prot\u00e9g\u00e9\u2026 Paris Basketball-Hapo\u00ebl Tel-Aviv, un match plac\u00e9 sous haute surveillance"},"content":{"rendered":"<p class=\"paragraph text_align_left lp-f-body-02\">La derni\u00e8re rencontre de l\u2019Hapo\u00ebl Tel-Aviv s\u2019est d\u00e9roul\u00e9e \u00e0 huis clos, mercredi. Suivant les recommandations des autorit\u00e9s, le club espagnol de Valence avait d\u00e9cid\u00e9 de prendre cette mesure. Cela n\u2019a pas emp\u00each\u00e9 des manifestations propalestiniennes \u00e0 l\u2019ext\u00e9rieur de la salle.<a href=\"https:\/\/www.leparisien.fr\/sports\/basket\/cinq-arrestations-lors-de-manifestations-propalestiniennes-avant-un-match-de-basket-a-valence-en-espagne-15-10-2025-KT2ZO3UBLBG4XB77L2FUN3LPHU.php\" target=\"_blank\" rel=\"noreferrer nofollow noopener\"> Cinq personnes ont \u00e9t\u00e9 interpell\u00e9es<\/a> dans un pays, o\u00f9 la cause palestinienne est populaire et les gestes de solidarit\u00e9 se sont multipli\u00e9s ces derni\u00e8res semaines.<\/p>\n<p class=\"paragraph text_align_left lp-f-body-02\">Le huis clos n\u2019a pas \u00e9t\u00e9 d\u00e9cr\u00e9t\u00e9 \u00e0 Paris, ce vendredi, m\u00eame si ce match contre l\u2019Hapo\u00ebl Tel-Aviv, programm\u00e9 \u00e0 20h45 et comptant pour la 5e journ\u00e9e d\u2019Euroligue, ce duel entre les deux derniers vainqueurs de l\u2019Eurocoupe, d\u00e9passe le cadre du <a href=\"https:\/\/www.leparisien.fr\/sports\/basket\/\" target=\"_blank\" rel=\"noreferrer nofollow noopener\">basket<\/a>. Recevoir un club de l\u2019\u00c9tat h\u00e9breu n\u2019a rien d\u2019anodin dans le contexte international actuel, et ce malgr\u00e9 <a href=\"https:\/\/www.leparisien.fr\/international\/israel\/\" target=\"_blank\" rel=\"noreferrer nofollow noopener\">le cessez-le-feu conclu \u00e0 Gaza<\/a> il y a quelques jours.<\/p>\n<p><img decoding=\"async\" class=\"image \" loading=\"lazy\" src=\"https:\/\/www.europesays.com\/fr\/wp-content\/uploads\/2025\/10\/3HH4DHOPNJDNHNPF723DHOKY5Q.jpg\" alt=\"Le Paris Basketball, avec Collin Malcolm, avait re\u00e7u le Maccabi Tel Aviv le 16 janvier dernier. Icon Sport\" align=\"\" data-rubrique-principale=\"\" data-article-type=\"\" fetchpriority=\"auto\"\/>Le Paris Basketball, avec Collin Malcolm, avait re\u00e7u le Maccabi Tel Aviv le 16 janvier dernier. Icon Sport <\/p>\n<p class=\"paragraph text_align_left lp-f-body-02\">Apr\u00e8s le Maccabi Tel Aviv, c\u2019est la deuxi\u00e8me fois cette ann\u00e9e qu\u2019un club isra\u00e9lien vient jouer \u00e0 l\u2019Adidas Arena, dans le populaire quartier de la porte de la Chapelle. Mi-janvier, la rencontre entre <a href=\"https:\/\/www.leparisien.fr\/sports\/basket\/chasseur-de-tetes-data-feeling-les-secrets-du-paris-basketball-pour-denicher-des-entraineurs-a-succes-15-10-2025-DGDZYU5DHZEKJD75ZGYRAVW3GA.php\" target=\"_blank\" rel=\"noreferrer nofollow noopener\">le Paris Basketball<\/a> et le Maccabi avait \u00e9t\u00e9 class\u00e9 4 sur une \u00e9chelle de 5 sur d\u00e9cision de la Division nationale de lutte contre le hooliganisme (DNLH) en raison \u00ab de risques av\u00e9r\u00e9s de troubles \u00e0 l\u2019ordre public li\u00e9s \u00e0 un contentieux chronique entre supporters ou \u00e0 la pr\u00e9sence av\u00e9r\u00e9e de supporters \u00e0 risques \u00bb.<\/p>\n<p>\u00ab Une cible privil\u00e9gi\u00e9e pour des actes de nature terroriste \u00bb<\/p>\n<p class=\"paragraph text_align_left lp-f-body-02\">Cette fois, la pr\u00e9fecture de Police de Paris indique que \u00ab dans un contexte de menace actuelle tr\u00e8s \u00e9lev\u00e9, cet \u00e9v\u00e9nement est susceptible de constituer une cible privil\u00e9gi\u00e9e et symbolique pour des actes de nature terroriste \u00bb.<\/p>\n<p class=\"paragraph text_align_left lp-f-body-02\">En janvier, la pr\u00e9sence de plusieurs centaines de policiers arm\u00e9s et d\u00e9ploy\u00e9s jusqu\u2019aux bouches de m\u00e9tro les plus proches avait \u00e9cart\u00e9 la principale crainte des autorit\u00e9s : des manifestations non autoris\u00e9es autour de l\u2019Arena. Celles-ci restent aujourd\u2019hui la principale menace. D\u2019autant que la pr\u00e9fecture de Police indique que \u00ab certains militants de la cause palestinienne ont exprim\u00e9 une forte hostilit\u00e9 \u00e0 l\u2019annonce de ce match \u00bb dans un communiqu\u00e9.<\/p>\n<p class=\"paragraph text_align_left lp-f-body-02\">Rappelons qu\u2019il y a dix mois, un autre match de basket entre Nanterre et l\u2019Hapo\u00ebl Holon avait \u00e9t\u00e9 interrompu une dizaine de minutes apr\u00e8s l\u2019irruption d\u2019un militant muni un drapeau palestinien sur le parquet, suivie de tensions avec les supporters isra\u00e9liens en tribunes.<\/p>\n<p>Aucune revendication tol\u00e9r\u00e9e<\/p>\n<p class=\"paragraph text_align_left lp-f-body-02\">Pour \u00e9viter ce nouveau genre d\u2019incident ce vendredi, alors que le club n\u2019a pas communiqu\u00e9 sur des mesures de s\u00e9curit\u00e9 particuli\u00e8res, aucune revendication ne sera tol\u00e9r\u00e9e sous peine d\u2019exclusion imm\u00e9diate et de poursuites p\u00e9nales \u00e9ventuelles. Un large p\u00e9rim\u00e8tre de s\u00e9curit\u00e9 sera mis en place autour de l\u2019Arena \u00e0 partir de 17h30 et jusqu\u2019\u00e0 23h59 avec des restrictions de circulation. Aucun objet pyrotechnique, sac \u00e0 dos sauf n\u00e9cessit\u00e9, r\u00e9cipient en verre et tout autre objet dangereux ne seront admis.<\/p>\n<p class=\"paragraph text_align_left lp-f-body-02\">Aucun drapeau, en dehors de ceux soutenant les deux \u00e9quipes, ne sera autoris\u00e9 dans ce p\u00e9rim\u00e8tre ni dans la salle. Cela concerne en premier lieu ceux en faveur de la cause palestinienne qui sont interdits. Des fouilles drastiques seront op\u00e9r\u00e9es \u00e0 plusieurs points.<\/p>\n<p class=\"paragraph text_align_left lp-f-body-02\">Jusqu\u2019\u00e0 leur entr\u00e9e dans l\u2019Arena, le car des joueurs et ceux des quelques supporters de l\u2019Hapo\u00ebl seront solidement escort\u00e9s jusqu\u2019au parking situ\u00e9 sous celle-ci ceci afin d\u2019\u00e9viter tout contact avec le reste du public. Dans la salle, les fans de Tel Aviv n\u2019auront pas plus le droit d\u2019\u00eatre au plus pr\u00e8s du reste de la foule. C\u2019est d\u00e9j\u00e0 ce qui avait \u00e9t\u00e9 mis en \u0153uvre au d\u00e9but de l\u2019ann\u00e9e lors de la venue de l\u2019autre \u00e9quipe de la grande ville d\u2019Isra\u00ebl. Et \u00e0 l\u2019\u00e9poque, le Paris Basketball avait gagn\u00e9 dans le calme.<\/p>\n","protected":false},"excerpt":{"rendered":"La derni\u00e8re rencontre de l\u2019Hapo\u00ebl Tel-Aviv s\u2019est d\u00e9roul\u00e9e \u00e0 huis clos, mercredi. Suivant les recommandations des autorit\u00e9s, le&hellip;\n","protected":false},"author":2,"featured_media":469201,"comment_status":"","ping_status":"","sticky":false,"template":"","format":"standard","meta":{"footnotes":""},"categories":[1888],"tags":[11,1465,1777,674,1011,27,12,626,25,60],"class_list":{"0":"post-469200","1":"post","2":"type-post","3":"status-publish","4":"format-standard","5":"has-post-thumbnail","7":"category-paris","8":"tag-actualites","9":"tag-basket","10":"tag-eu","11":"tag-europe","12":"tag-fr","13":"tag-france","14":"tag-news","15":"tag-paris","16":"tag-republique-francaise","17":"tag-sports"},"share_on_mastodon":{"url":"https:\/\/pubeurope.com\/@fr\/115387847874364515","error":""},"_links":{"self":[{"href":"https:\/\/www.europesays.com\/fr\/wp-json\/wp\/v2\/posts\/469200","targetHints":{"allow":["GET"]}}],"collection":[{"href":"https:\/\/www.europesays.com\/fr\/wp-json\/wp\/v2\/posts"}],"about":[{"href":"https:\/\/www.europesays.com\/fr\/wp-json\/wp\/v2\/types\/post"}],"author":[{"embeddable":true,"href":"https:\/\/www.europesays.com\/fr\/wp-json\/wp\/v2\/users\/2"}],"replies":[{"embeddable":true,"href":"https:\/\/www.europesays.com\/fr\/wp-json\/wp\/v2\/comments?post=469200"}],"version-history":[{"count":0,"href":"https:\/\/www.europesays.com\/fr\/wp-json\/wp\/v2\/posts\/469200\/revisions"}],"wp:featuredmedia":[{"embeddable":true,"href":"https:\/\/www.europesays.com\/fr\/wp-json\/wp\/v2\/media\/469201"}],"wp:attachment":[{"href":"https:\/\/www.europesays.com\/fr\/wp-json\/wp\/v2\/media?parent=469200"}],"wp:term":[{"taxonomy":"category","embeddable":true,"href":"https:\/\/www.europesays.com\/fr\/wp-json\/wp\/v2\/categories?post=469200"},{"taxonomy":"post_tag","embeddable":true,"href":"https:\/\/www.europesays.com\/fr\/wp-json\/wp\/v2\/tags?post=469200"}],"curies":[{"name":"wp","href":"https:\/\/api.w.org\/{rel}","templated":true}]}}