{"id":469223,"date":"2025-10-17T05:41:10","date_gmt":"2025-10-17T05:41:10","guid":{"rendered":"https:\/\/www.europesays.com\/fr\/469223\/"},"modified":"2025-10-17T05:41:10","modified_gmt":"2025-10-17T05:41:10","slug":"moreira-dun-souffle-devant-agius","status":"publish","type":"post","link":"https:\/\/www.europesays.com\/fr\/469223\/","title":{"rendered":"Moreira d&rsquo;un souffle devant Agius"},"content":{"rendered":"<p>                Record du circuit pour Moreira<\/p>\n<p>Les pilotes Moto2\u2122 prenaient la piste \u00e0 Phillip Island ce vendredi dans le cadre de la FP1 et de la Practice du Grand Prix Liqui Moly d&rsquo;Australie. Pour huit petits milli\u00e8mes de seconde, Diogo Moreira (Italtrans Racing Team) s&rsquo;offre le record du circuit en <strong>1&rsquo;30.307 <\/strong>devant Senna Agius (Liqui Moly Dynavolt Intact GP), d\u00e9poss\u00e9d\u00e9 de la premi\u00e8re place sur le fil devant son public. Le pilote Intact GP devance David Alonso (CFMOTO Aspar Team), d\u00e9j\u00e0 impressionnant en FP1 et longtemps aux commandes de la Practice.<\/p>\n<p>Gonz\u00e1lez qualifi\u00e9 mais&#8230;<\/p>\n<p>L&rsquo;homme fort de la matin\u00e9e \u00e9tait un certain Jake Dixon (ELF Marc VDS Racing Team). De retour aux avant-postes derni\u00e8rement apr\u00e8s une p\u00e9riode un peu plus d\u00e9licate, le Britannique est quatri\u00e8me de la Practice devant un Manuel Gonz\u00e1lez (Liqui Moly Dynavolt Intact GP) loin d&rsquo;\u00eatre au top de sa forme. En effet, l&rsquo;Espagnol est parti \u00e0 la faute dans les deux s\u00e9ances du jour et semble subir la pression de Diogo Moreira au Championnat du Monde. Mario Suryo Aji (IDEMITSU Honda Team Asia) d\u00e9croche une honorable sixi\u00e8me place devant Ar\u00f3n Canet (Fantic Racing LINO SONEGO), qui assure l&rsquo;essentiel sans briller.<\/p>\n<p>Holgado et Vietti en Q1<\/p>\n<p>Tony Arbolino (BLU CRU Pramac Yamaha Moto2\u2122) est huiti\u00e8me devant Darryn Binder (ITALJET Gresini Moto2\u2122) et Collin Veijer (Red Bull KTM Ajo), qui se hisse une nouvelle fois dans le top 10. Les derniers qualifi\u00e9s d&rsquo;office pour la Q2 sont Daniel Mu\u00f1oz (Red Bull KTM Ajo), Barry Baltus (Fantic Racing LINO SONEGO), Izan Guevara (BLU CRU Pramac Yamaha Moto2\u2122) et Ayumu Sasaki (RW \u2013 Idrofoglia Racing GP). Comme souvent, la Q1 va \u00eatre particuli\u00e8rement int\u00e9ressante \u00e0 suivre en Moto2\u2122. Partis \u00e0 la faute cet apr\u00e8s-midi, Daniel Holgado (CFMOTO Aspar Team), Zonta Van den Goorbergh (RW &#8211; Idrofoglia Racing GP), Marcos Ram\u00edrez (OnlyFans American Racing Team) et Celestino Vietti (SUP Racing) passeront tous les quatre par les rep\u00eachages. L&rsquo;Australien Harrison Voight (QJMOTOR \u2013 FRINSA \u2013 MSI), invit\u00e9 ce week-end, est lui aussi tomb\u00e9.<\/p>\n<p>Les pilotes Moto2\u2122 disputeront la FP2 du GP d&rsquo;Australie samedi \u00e0 00h25.<\/p>\n<p>\n                                Jake Dixon, David Alonso, Liqui Moly Australian Motorcycle Grand Prix\n                        <\/p>\n<p>\n                                Practice, Moto2\u2122, Liqui Moly Australian Motorcycle Grand Prix\n                        <\/p>\n<p>\n                                David Alonso, CFMOTO Inde Aspar Team, Liqui Moly Australian Motorcycle Grand Prix\n                        <\/p>\n<p>\n                                Senna Agius, LIQUI MOLY Dynavolt Intact GP, Liqui Moly Australian Motorcycle Grand Prix\n                        <\/p>\n<p>\n                                Diogo Moreira, Ivan Ortola, Liqui Moly Australian Motorcycle Grand Prix\n                        <\/p>\n<p>\n                                David Alonso, CFMOTO Inde Aspar Team, Liqui Moly Australian Motorcycle Grand Prix\n                        <\/p>\n<p>\n                                Diogo Moreira, Italtrans Racing Team, Liqui Moly Australian Motorcycle Grand Prix\n                        <\/p>\n<p>Cliquez <a href=\"https:\/\/www.motogp.com\/fr\/gp-results\/2025\/aus\/moto2\/pr\/classification\" target=\"_blank\" rel=\"noopener\">ici<\/a> pour acc\u00e9der aux r\u00e9sultats.<\/p>\n","protected":false},"excerpt":{"rendered":"Record du circuit pour Moreira Les pilotes Moto2\u2122 prenaient la piste \u00e0 Phillip Island ce vendredi dans le&hellip;\n","protected":false},"author":2,"featured_media":469224,"comment_status":"","ping_status":"","sticky":false,"template":"","format":"standard","meta":{"footnotes":""},"categories":[1413],"tags":[1011,27,1457,1456,60,2032],"class_list":{"0":"post-469223","1":"post","2":"type-post","3":"status-publish","4":"format-standard","5":"has-post-thumbnail","7":"category-moto","8":"tag-fr","9":"tag-france","10":"tag-moto","11":"tag-motocycle","12":"tag-sports","13":"tag-text"},"share_on_mastodon":{"url":"https:\/\/pubeurope.com\/@fr\/115387910336340912","error":""},"_links":{"self":[{"href":"https:\/\/www.europesays.com\/fr\/wp-json\/wp\/v2\/posts\/469223","targetHints":{"allow":["GET"]}}],"collection":[{"href":"https:\/\/www.europesays.com\/fr\/wp-json\/wp\/v2\/posts"}],"about":[{"href":"https:\/\/www.europesays.com\/fr\/wp-json\/wp\/v2\/types\/post"}],"author":[{"embeddable":true,"href":"https:\/\/www.europesays.com\/fr\/wp-json\/wp\/v2\/users\/2"}],"replies":[{"embeddable":true,"href":"https:\/\/www.europesays.com\/fr\/wp-json\/wp\/v2\/comments?post=469223"}],"version-history":[{"count":0,"href":"https:\/\/www.europesays.com\/fr\/wp-json\/wp\/v2\/posts\/469223\/revisions"}],"wp:featuredmedia":[{"embeddable":true,"href":"https:\/\/www.europesays.com\/fr\/wp-json\/wp\/v2\/media\/469224"}],"wp:attachment":[{"href":"https:\/\/www.europesays.com\/fr\/wp-json\/wp\/v2\/media?parent=469223"}],"wp:term":[{"taxonomy":"category","embeddable":true,"href":"https:\/\/www.europesays.com\/fr\/wp-json\/wp\/v2\/categories?post=469223"},{"taxonomy":"post_tag","embeddable":true,"href":"https:\/\/www.europesays.com\/fr\/wp-json\/wp\/v2\/tags?post=469223"}],"curies":[{"name":"wp","href":"https:\/\/api.w.org\/{rel}","templated":true}]}}