{"id":469231,"date":"2025-10-17T05:45:14","date_gmt":"2025-10-17T05:45:14","guid":{"rendered":"https:\/\/www.europesays.com\/fr\/469231\/"},"modified":"2025-10-17T05:45:14","modified_gmt":"2025-10-17T05:45:14","slug":"jai-fait-un-petit-burn-out","status":"publish","type":"post","link":"https:\/\/www.europesays.com\/fr\/469231\/","title":{"rendered":"j&rsquo;ai fait un petit burn-out"},"content":{"rendered":"<p><strong>Surcharge de travail.<\/strong> En avril 2024, <a href=\"https:\/\/www.journaldesfemmes.fr\/people\/personnalites\/2869039-jarry-age-vie-privee-enfants\/\" title=\"Anthony Lambert\" rel=\"nofollow noopener\" target=\"_blank\">Jarry<\/a> a d\u00e9cid\u00e9 de renoncer \u00e0 la pr\u00e9sentation du jeu\u00a0Tout le monde veut prendre sa place car il n&rsquo;arrivait plus tenir le rythme impos\u00e9 par les tournages alors qu&rsquo;il donnait un spectacle en m\u00eame temps. \u00ab\u00a0J&rsquo;ai ador\u00e9 pr\u00e9senter Tout le monde veut prendre sa place, mais je tournais 21\u00a0\u00e9missions par semaine, du lundi au mercredi, et j&rsquo;\u00e9tais sur sc\u00e8ne du jeudi au samedi (&#8230;) J&rsquo;ai commenc\u00e9 \u00e0 avoir des rhumatismes aux genoux, une fatigue du syst\u00e8me digestif, plein d&rsquo;allergies. J&rsquo;ai fait un petit burn-out\u00a0\u00bb, a confi\u00e9 l&rsquo;humoriste de 48 ans au Parisien.<\/p>\n","protected":false},"excerpt":{"rendered":"Surcharge de travail. En avril 2024, Jarry a d\u00e9cid\u00e9 de renoncer \u00e0 la pr\u00e9sentation du jeu\u00a0Tout le monde&hellip;\n","protected":false},"author":2,"featured_media":469232,"comment_status":"","ping_status":"","sticky":false,"template":"","format":"standard","meta":{"footnotes":""},"categories":[1359],"tags":[59299,51761,58,59,52292,1011,27,1624,51766,1031,973],"class_list":{"0":"post-469231","1":"post","2":"type-post","3":"status-publish","4":"format-standard","5":"has-post-thumbnail","7":"category-people","8":"tag-cms-journaldesfemmes-3244370","9":"tag-controller-content","10":"tag-divertissement","11":"tag-entertainment","12":"tag-format-reportage","13":"tag-fr","14":"tag-france","15":"tag-jarry","16":"tag-les-histoires-du-jdf","17":"tag-magazine","18":"tag-people"},"share_on_mastodon":{"url":"https:\/\/pubeurope.com\/@fr\/115387926044320255","error":""},"_links":{"self":[{"href":"https:\/\/www.europesays.com\/fr\/wp-json\/wp\/v2\/posts\/469231","targetHints":{"allow":["GET"]}}],"collection":[{"href":"https:\/\/www.europesays.com\/fr\/wp-json\/wp\/v2\/posts"}],"about":[{"href":"https:\/\/www.europesays.com\/fr\/wp-json\/wp\/v2\/types\/post"}],"author":[{"embeddable":true,"href":"https:\/\/www.europesays.com\/fr\/wp-json\/wp\/v2\/users\/2"}],"replies":[{"embeddable":true,"href":"https:\/\/www.europesays.com\/fr\/wp-json\/wp\/v2\/comments?post=469231"}],"version-history":[{"count":0,"href":"https:\/\/www.europesays.com\/fr\/wp-json\/wp\/v2\/posts\/469231\/revisions"}],"wp:featuredmedia":[{"embeddable":true,"href":"https:\/\/www.europesays.com\/fr\/wp-json\/wp\/v2\/media\/469232"}],"wp:attachment":[{"href":"https:\/\/www.europesays.com\/fr\/wp-json\/wp\/v2\/media?parent=469231"}],"wp:term":[{"taxonomy":"category","embeddable":true,"href":"https:\/\/www.europesays.com\/fr\/wp-json\/wp\/v2\/categories?post=469231"},{"taxonomy":"post_tag","embeddable":true,"href":"https:\/\/www.europesays.com\/fr\/wp-json\/wp\/v2\/tags?post=469231"}],"curies":[{"name":"wp","href":"https:\/\/api.w.org\/{rel}","templated":true}]}}