{"id":469235,"date":"2025-10-17T05:47:32","date_gmt":"2025-10-17T05:47:32","guid":{"rendered":"https:\/\/www.europesays.com\/fr\/469235\/"},"modified":"2025-10-17T05:47:32","modified_gmt":"2025-10-17T05:47:32","slug":"castillon-en-couserans-rencontre-autour-du-livre-lhistoire-du-couserans-un-pays-pyreneen-meconnu","status":"publish","type":"post","link":"https:\/\/www.europesays.com\/fr\/469235\/","title":{"rendered":"Castillon-en-Couserans. Rencontre autour du livre \u00ab\u00a0L\u2019Histoire du Couserans : un pays pyr\u00e9n\u00e9en m\u00e9connu\u00a0\u00bb"},"content":{"rendered":"<p>Le samedi 18 octobre \u00e0 17 h, \u00e0 la m\u00e9diath\u00e8que de Castillon, aura lieu une rencontre avec deux des auteurs du livre L\u2019Histoire du Couserans : un pays pyr\u00e9n\u00e9en m\u00e9connu, Jean-Paul Ferr\u00e9 et G\u00e9rard Tougne. Fruit du travail de trois chercheurs, l\u2019ouvrage retrace l\u2019histoire du Couserans, des origines \u00e0 nos jours.<\/p>\n<p>Jean-Paul Ferr\u00e9, professeur d\u2019occitan et d\u2019histoire-g\u00e9ographie, est tr\u00e8s impliqu\u00e9 dans la collecte et la transmission du patrimoine culturel immat\u00e9riel du Comminges et du Couserans. G\u00e9rard Tougne, professeur d\u2019histoire-g\u00e9ographie lui aussi, est l\u2019auteur de recherches sur le Castillonnais sous l\u2019Ancien R\u00e9gime. Il a \u00e9galement \u00e9t\u00e9 maire d\u2019une commune de la Bellongue.<\/p>\n<p>Ils ont \u00e9t\u00e9 accompagn\u00e9s par Pauline Chaboussou pour le volet sur l\u2019art religieux. Pauline Chaboussou est charg\u00e9e du suivi des travaux sur les monuments historiques et des contenus mus\u00e9ographiques pour la Conservation d\u00e9partementale de l\u2019Ari\u00e8ge.<\/p>\n<p>Le livre est paru aux \u00e9ditions Le Pas d\u2019Oiseau en avril 2025. Les visiteurs pourront acheter un exemplaire sur place et le faire d\u00e9dicacer. Cette pr\u00e9sentation sera compl\u00e9t\u00e9e par une exposition de photos sur le Couserans, r\u00e9alis\u00e9e par Bernard Lesage. La m\u00e9diath\u00e8que proposera ensuite un moment convivial autour d\u2019un verre.<\/p>\n","protected":false},"excerpt":{"rendered":"Le samedi 18 octobre \u00e0 17 h, \u00e0 la m\u00e9diath\u00e8que de Castillon, aura lieu une rencontre avec deux&hellip;\n","protected":false},"author":2,"featured_media":469236,"comment_status":"","ping_status":"","sticky":false,"template":"","format":"standard","meta":{"footnotes":""},"categories":[1357],"tags":[1379,58,59,1011,27,1380],"class_list":{"0":"post-469235","1":"post","2":"type-post","3":"status-publish","4":"format-standard","5":"has-post-thumbnail","7":"category-livres","8":"tag-books","9":"tag-divertissement","10":"tag-entertainment","11":"tag-fr","12":"tag-france","13":"tag-livres"},"share_on_mastodon":{"url":"https:\/\/pubeurope.com\/@fr\/115387933915801622","error":""},"_links":{"self":[{"href":"https:\/\/www.europesays.com\/fr\/wp-json\/wp\/v2\/posts\/469235","targetHints":{"allow":["GET"]}}],"collection":[{"href":"https:\/\/www.europesays.com\/fr\/wp-json\/wp\/v2\/posts"}],"about":[{"href":"https:\/\/www.europesays.com\/fr\/wp-json\/wp\/v2\/types\/post"}],"author":[{"embeddable":true,"href":"https:\/\/www.europesays.com\/fr\/wp-json\/wp\/v2\/users\/2"}],"replies":[{"embeddable":true,"href":"https:\/\/www.europesays.com\/fr\/wp-json\/wp\/v2\/comments?post=469235"}],"version-history":[{"count":0,"href":"https:\/\/www.europesays.com\/fr\/wp-json\/wp\/v2\/posts\/469235\/revisions"}],"wp:featuredmedia":[{"embeddable":true,"href":"https:\/\/www.europesays.com\/fr\/wp-json\/wp\/v2\/media\/469236"}],"wp:attachment":[{"href":"https:\/\/www.europesays.com\/fr\/wp-json\/wp\/v2\/media?parent=469235"}],"wp:term":[{"taxonomy":"category","embeddable":true,"href":"https:\/\/www.europesays.com\/fr\/wp-json\/wp\/v2\/categories?post=469235"},{"taxonomy":"post_tag","embeddable":true,"href":"https:\/\/www.europesays.com\/fr\/wp-json\/wp\/v2\/tags?post=469235"}],"curies":[{"name":"wp","href":"https:\/\/api.w.org\/{rel}","templated":true}]}}