{"id":469247,"date":"2025-10-17T05:53:11","date_gmt":"2025-10-17T05:53:11","guid":{"rendered":"https:\/\/www.europesays.com\/fr\/469247\/"},"modified":"2025-10-17T05:53:11","modified_gmt":"2025-10-17T05:53:11","slug":"jean-dujardin-violemment-dezingue-apres-son-passage-au-jt-de-lea-salame-sur-france-2","status":"publish","type":"post","link":"https:\/\/www.europesays.com\/fr\/469247\/","title":{"rendered":"Jean Dujardin violemment d\u00e9zingu\u00e9 apr\u00e8s son passage au JT de L\u00e9a Salam\u00e9 sur France 2"},"content":{"rendered":"<p>      R\u00e9sum\u00e9<\/p>\n<p>Jean Dujardin a suscit\u00e9 de vives r\u00e9actions suite \u00e0 ses propos nuanc\u00e9s sur la France lors d\u2019une interview t\u00e9l\u00e9vis\u00e9e, divisant fortement l\u2019opinion publique.<\/p>\n<p>        Sommaire<\/p>\n<p><a href=\"https:\/\/www.public.fr\/tag\/jean-dujardin\" target=\"_blank\" rel=\"noopener\"><strong>Jean Dujardin<\/strong><\/a> fait parler de lui depuis son passage sur le plateau du <a href=\"https:\/\/x.com\/le20hfrancetele\" target=\"_blank\" rel=\"noreferrer noopener\"><strong>journal de 20 heures de France 2<\/strong><\/a>, ce jeudi 16 octobre 2025. <\/p>\n<p>Invit\u00e9 par <a href=\"https:\/\/www.public.fr\/tag\/lea-salame\" target=\"_blank\" rel=\"noopener\"><strong>L\u00e9a Salam\u00e9<\/strong><\/a>, l&rsquo;acteur a livr\u00e9 quelques r\u00e9flexions personnelles sur la France. Et selon lui, il est d\u00e9sormais \u00ab\u00a0compliqu\u00e9\u00a0\u00bb de parler du pays, \u00ab\u00a0de sa culture\u00a0\u00bb et \u00ab\u00a0de sa gastronomie\u00a0\u00bb. <\/p>\n<p>Jean Dujardin : son avis tranch\u00e9 sur la France<\/p>\n<p>\u00ab\u00a0<strong>C\u2019est tr\u00e8s compliqu\u00e9 quand on parle de la France<\/strong>. Pour certains, la France c\u2019est rance. Il y en a d\u2019autres qui sont dans la d\u00e9fiance. En revanche, il n\u2019y a vraiment plus de nuance\u00a0\u00bb, a d\u00e9clar\u00e9 l&rsquo;acteur en pleine promotion de son nouveau film, L&rsquo;homme qui r\u00e9tr\u00e9cit.<\/p>\n<p>\u00ab\u00a0Depuis 25 ans, je vois des gens qui aiment leurs pays. Et j\u2019ai l\u2019impression que les r\u00e9seaux sociaux ne ressemblent pas aux humains que je rencontre. Je vois des gens heureux, des gens qui ont envie\u2026\u00a0\u00bb, a ajout\u00e9 Jean Dujardin en r\u00e9action \u00e0 une citation de Sylvain Tesson (\u00ab\u00a0La France est un paradis peupl\u00e9 de gens qui se croient en enfer\u00a0\u00bb).<\/p>\n<p>Et de poursuivre : \u00ab\u00a0Qu\u2019est-ce qui nous emp\u00eache (d\u2019\u00eatre heureux) ?\u00a0\u00bb \u00ab\u00a0On est (peut-\u00eatre) pris en \u00e9tau dans une politique en ce moment un peu aust\u00e8re, un peu difficile, ou parfois dans une actualit\u00e9 en continu o\u00f9 on ne r\u00e9fl\u00e9chit plus vraiment. C\u2019est comme quand on rentre chez nous, on met le GPS alors qu\u2019on conna\u00eet le chemin\u00a0\u00bb.<\/p>\n<p>Pour le com\u00e9dien, <strong>la France est \u00ab\u00a0un tr\u00e8s joli pays. Et quand on le dit rapidement, on est tax\u00e9 de facho<\/strong>. Je suis r\u00e9trograde car j\u2019aime le p\u00e2t\u00e9 ? Il ne faut pas tout \u00e9couter, mais il faut garder espoir\u00a0\u00bb. Des mots qui ont rapidement d\u00e9cha\u00een\u00e9 les passions. <\/p>\n<p>Les internautes d\u00e9zinguent l&rsquo;acteur<\/p>\n<p>Si certains ont salu\u00e9 sa fa\u00e7on de voir les choses, d&rsquo;autres, en revanche, n&rsquo;ont pas h\u00e9sit\u00e9 \u00e0 le critiquer ouvertement. <\/p>\n<p>\u00ab\u00a0<strong>Il est si d\u00e9connect\u00e9 de la r\u00e9alit\u00e9<\/strong>, forc\u00e9ment, il est privil\u00e9gi\u00e9 et en a peu conscience, il pense que la souffrance des gens se r\u00e9sume aux actualit\u00e9s alors que la majorit\u00e9 des \u00e9tudiants peine \u00e0 se nourrir, le ch\u00f4mage explose et il y en a qui vont au travail jusqu\u2019\u00e0 la morgue\u00a0\u00bb, s&rsquo;est notamment indign\u00e9 un internaute sur X (anciennement Twitter). <\/p>\n<p>\u00ab\u00a0Avec le salaire que tu re\u00e7ois pour tes films, c&rsquo;est forc\u00e9ment \u00e9vident donc bon\u00a0\u00bb, a ajout\u00e9 un autre. Et un troisi\u00e8me de rench\u00e9rir : \u00ab\u00a0Dujardin, celui qui jouait dans le film r\u00e9alis\u00e9 par le p\u00e9docriminel Polanski ? &#8230; Quelle surprise qu&rsquo;il vienne dire des conneries aupr\u00e8s de celle qui se fait passer pour une journaliste\u00a0\u00bb. <\/p>\n<p>Les propos de l&rsquo;acteur semblent diviser sur la Toile.<\/p>\n<p>      Mentionn\u00e9s dans cet article<\/p>\n<p>      Sur le m\u00eame sujet<\/p>\n","protected":false},"excerpt":{"rendered":"R\u00e9sum\u00e9 Jean Dujardin a suscit\u00e9 de vives r\u00e9actions suite \u00e0 ses propos nuanc\u00e9s sur la France lors d\u2019une&hellip;\n","protected":false},"author":2,"featured_media":469248,"comment_status":"","ping_status":"","sticky":false,"template":"","format":"standard","meta":{"footnotes":""},"categories":[8],"tags":[58,59,1011,27,218,26420,3806],"class_list":{"0":"post-469247","1":"post","2":"type-post","3":"status-publish","4":"format-standard","5":"has-post-thumbnail","7":"category-divertissement","8":"tag-divertissement","9":"tag-entertainment","10":"tag-fr","11":"tag-france","12":"tag-jean-dujardin","13":"tag-journal-de-20-heures-de-france-2","14":"tag-lea-salame"},"share_on_mastodon":{"url":"https:\/\/pubeurope.com\/@fr\/115387957762525294","error":""},"_links":{"self":[{"href":"https:\/\/www.europesays.com\/fr\/wp-json\/wp\/v2\/posts\/469247","targetHints":{"allow":["GET"]}}],"collection":[{"href":"https:\/\/www.europesays.com\/fr\/wp-json\/wp\/v2\/posts"}],"about":[{"href":"https:\/\/www.europesays.com\/fr\/wp-json\/wp\/v2\/types\/post"}],"author":[{"embeddable":true,"href":"https:\/\/www.europesays.com\/fr\/wp-json\/wp\/v2\/users\/2"}],"replies":[{"embeddable":true,"href":"https:\/\/www.europesays.com\/fr\/wp-json\/wp\/v2\/comments?post=469247"}],"version-history":[{"count":0,"href":"https:\/\/www.europesays.com\/fr\/wp-json\/wp\/v2\/posts\/469247\/revisions"}],"wp:featuredmedia":[{"embeddable":true,"href":"https:\/\/www.europesays.com\/fr\/wp-json\/wp\/v2\/media\/469248"}],"wp:attachment":[{"href":"https:\/\/www.europesays.com\/fr\/wp-json\/wp\/v2\/media?parent=469247"}],"wp:term":[{"taxonomy":"category","embeddable":true,"href":"https:\/\/www.europesays.com\/fr\/wp-json\/wp\/v2\/categories?post=469247"},{"taxonomy":"post_tag","embeddable":true,"href":"https:\/\/www.europesays.com\/fr\/wp-json\/wp\/v2\/tags?post=469247"}],"curies":[{"name":"wp","href":"https:\/\/api.w.org\/{rel}","templated":true}]}}