{"id":469251,"date":"2025-10-17T05:55:16","date_gmt":"2025-10-17T05:55:16","guid":{"rendered":"https:\/\/www.europesays.com\/fr\/469251\/"},"modified":"2025-10-17T05:55:16","modified_gmt":"2025-10-17T05:55:16","slug":"les-grandes-banques-americaines-ne-sont-plus-obligees-de-considerer-les-risques-climatiques","status":"publish","type":"post","link":"https:\/\/www.europesays.com\/fr\/469251\/","title":{"rendered":"Les grandes banques am\u00e9ricaines ne sont plus oblig\u00e9es de consid\u00e9rer les risques climatiques"},"content":{"rendered":"<p>                          <img loading=\"lazy\" decoding=\"async\" src=\"https:\/\/www.europesays.com\/fr\/wp-content\/uploads\/2025\/10\/e3dc6cc_ftp-import-images-1-yh77otvxfbdi-5181618-01-06.jpg\" alt=\"Militants pour le climat devant le si\u00e8ge du Fonds mon\u00e9taire international, \u00e0 Washington, le 16\u00a0octobre 2025.\"   width=\"664\" height=\"443\"\/>    Militants pour le climat devant le si\u00e8ge du Fonds mon\u00e9taire international, \u00e0 Washington, le 16\u00a0octobre 2025.  ANDREW HARNIK\/AFP                            <\/p>\n<p class=\"article__paragraph  \">Les grandes banques am\u00e9ricaines ne sont plus tenues de porter une attention particuli\u00e8re aux\u00a0risques li\u00e9s au changement climatique qui p\u00e8sent sur leur activit\u00e9, ont annonc\u00e9, jeudi 16\u00a0octobre, les agences de r\u00e9gulation des Etats-Unis, dont la R\u00e9serve f\u00e9d\u00e9rale (Fed, banque centrale).<\/p>\n<p class=\"article__paragraph  \">\u00ab\u00a0Bon d\u00e9barras\u00a0\u00bb, a comment\u00e9 en deux mots un des responsables de la Fed, le gouverneur Christopher Waller, dans un communiqu\u00e9. Il est l\u2019un des candidats pressentis pour prendre la t\u00eate de l\u2019institution mon\u00e9taire quand le mandat de Jerome Powell s\u2019ach\u00e8vera, au printemps prochain. Il doit pour cela \u00eatre d\u00e9sign\u00e9 par Donald Trump.<\/p>\n<p>                                         Lire aussi |  Article r\u00e9serv\u00e9 \u00e0 nos abonn\u00e9s  <a href=\"https:\/\/www.lemonde.fr\/economie\/article\/2025\/10\/15\/fini-les-questions-climatiques-et-societales-la-trumpisation-du-fmi-et-de-la-banque-mondiale_6646774_3234.html\" class=\"js-article-read-also catcher--favoris__link\" data-premium=\"1\" id=\"article-title-3442273\" rel=\"nofollow noopener\" target=\"_blank\">Le FMI et la Banque mondiale sur la voie de la \u00ab\u00a0trumpisation\u00a0\u00bb avec l\u2019abandon des questions climatiques et soci\u00e9tales<\/a>    <\/p>\n<p>   Lire plus tard  <\/p>\n<p class=\"article__paragraph  \">En octobre\u00a02023, une s\u00e9rie de recommandations avaient \u00e9t\u00e9 publi\u00e9es pour que les banques se\u00a0penchent sur les risques climatiques qui peuvent faire vaciller leur activit\u00e9. La multiplication, par exemple, des incendies, des inondations ou des ouragans d\u00e9vastateurs repr\u00e9sente un co\u00fbt assurantiel \u00e9lev\u00e9. Ces recommandations avaient \u00e9t\u00e9 adress\u00e9es aux banques ayant plus de 100\u00a0milliards de dollars (86\u00a0milliards d\u2019euros) d\u2019actifs.<\/p>\n<p>                      \u00ab\u00a0Courte vue\u00a0\u00bb                      <\/p>\n<p class=\"article__paragraph  \">Les agences de r\u00e9gulation am\u00e9ricaines estiment que \u00ab\u00a0les principes de gestion des risques financiers li\u00e9s au climat ne sont pas n\u00e9cessaires, car les normes de s\u00e9curit\u00e9 et de robustesse existantes imposent \u00e0 toutes les institutions supervis\u00e9es de mettre en place une gestion des risques efficace, adapt\u00e9e \u00e0 leur taille, \u00e0 leur complexit\u00e9 et \u00e0 leurs activit\u00e9s\u00a0\u00bb, selon leur communiqu\u00e9 commun. \u00ab\u00a0En outre, toutes les institutions supervis\u00e9es sont tenues d\u2019examiner et de traiter de mani\u00e8re appropri\u00e9e tous les risques financiers importants et doivent \u00eatre r\u00e9silientes face \u00e0 toute une s\u00e9rie de risques, y compris les risques \u00e9mergents\u00a0\u00bb, est-il ajout\u00e9.<\/p>\n<p class=\"article__paragraph  \">Dans le d\u00e9tail, au conseil des gouverneurs de la Fed, cinq membres ont vot\u00e9 pour le retrait des recommandations, une s\u2019est abstenue (la gouverneure Lisa Cook) et un a vot\u00e9 contre. Il s\u2019agit de Michael Barr, l\u2019ancien vice-pr\u00e9sident de l\u2019institution mon\u00e9taire, charg\u00e9 de la r\u00e9gulation bancaire, qui avait port\u00e9 ce changement, et avait annonc\u00e9 sa d\u00e9mission de ce poste quelques jours avant le retour au pouvoir de Donald Trump en janvier, tout en demeurant gouverneur. Dans un communiqu\u00e9 s\u00e9par\u00e9, M.\u00a0Barr a regrett\u00e9 une d\u00e9cision \u00ab\u00a0de courte vue qui rendra le syst\u00e8me financier plus risqu\u00e9 alors m\u00eame que les risques li\u00e9s au climat augmentent\u00a0\u00bb.<\/p>\n<p>                                         Lire aussi |  <a href=\"https:\/\/www.lemonde.fr\/international\/article\/2025\/06\/26\/etats-unis-la-fed-veut-autoriser-les-banques-a-detenir-moins-de-capitaux-propres_6615914_3210.html\" class=\"js-article-read-also catcher--favoris__link\" data-premium=\"\" id=\"article-title-3428821\" rel=\"nofollow noopener\" target=\"_blank\">La Fed veut autoriser les banques \u00e0\u00a0d\u00e9tenir moins de\u00a0capitaux propres<\/a>    <\/p>\n<p>   Lire plus tard  <\/p>\n<p class=\"article__paragraph  \">Sa rempla\u00e7ante, Michelle Bowman, a fait part de ses fortes r\u00e9serves sur les directives sur le climat qui, a-t-elle soutenu dans son propre communiqu\u00e9, \u00ab\u00a0ont eu pour effet de semer la confusion quant aux attentes des autorit\u00e9s de surveillance et d\u2019augmenter les co\u00fbts et les charges li\u00e9s \u00e0 la conformit\u00e9, sans am\u00e9liorer de mani\u00e8re proportionnelle la s\u00e9curit\u00e9 et la robustesse des institutions financi\u00e8res ni la stabilit\u00e9 financi\u00e8re des Etats-Unis\u00a0\u00bb.<\/p>\n<p class=\"author__detail\">  Le Monde avec AFP  <\/p>\n<p>                <a href=\"https:\/\/www.lemonde.fr\/syndication\/\" class=\"reuse__content\" title=\"R\u00e9utiliser ce contenu\" target=\"_blank\" rel=\"nofollow noopener\">R\u00e9utiliser ce contenu<\/a>      <\/p>\n","protected":false},"excerpt":{"rendered":"Militants pour le climat devant le si\u00e8ge du Fonds mon\u00e9taire international, \u00e0 Washington, le 16\u00a0octobre 2025. ANDREW HARNIK\/AFP&hellip;\n","protected":false},"author":2,"featured_media":469252,"comment_status":"","ping_status":"","sticky":false,"template":"","format":"standard","meta":{"footnotes":""},"categories":[6],"tags":[35,33,34,1011,27],"class_list":{"0":"post-469251","1":"post","2":"type-post","3":"status-publish","4":"format-standard","5":"has-post-thumbnail","7":"category-economie","8":"tag-business","9":"tag-economie","10":"tag-economy","11":"tag-fr","12":"tag-france"},"share_on_mastodon":{"url":"https:\/\/pubeurope.com\/@fr\/115387965485929628","error":""},"_links":{"self":[{"href":"https:\/\/www.europesays.com\/fr\/wp-json\/wp\/v2\/posts\/469251","targetHints":{"allow":["GET"]}}],"collection":[{"href":"https:\/\/www.europesays.com\/fr\/wp-json\/wp\/v2\/posts"}],"about":[{"href":"https:\/\/www.europesays.com\/fr\/wp-json\/wp\/v2\/types\/post"}],"author":[{"embeddable":true,"href":"https:\/\/www.europesays.com\/fr\/wp-json\/wp\/v2\/users\/2"}],"replies":[{"embeddable":true,"href":"https:\/\/www.europesays.com\/fr\/wp-json\/wp\/v2\/comments?post=469251"}],"version-history":[{"count":0,"href":"https:\/\/www.europesays.com\/fr\/wp-json\/wp\/v2\/posts\/469251\/revisions"}],"wp:featuredmedia":[{"embeddable":true,"href":"https:\/\/www.europesays.com\/fr\/wp-json\/wp\/v2\/media\/469252"}],"wp:attachment":[{"href":"https:\/\/www.europesays.com\/fr\/wp-json\/wp\/v2\/media?parent=469251"}],"wp:term":[{"taxonomy":"category","embeddable":true,"href":"https:\/\/www.europesays.com\/fr\/wp-json\/wp\/v2\/categories?post=469251"},{"taxonomy":"post_tag","embeddable":true,"href":"https:\/\/www.europesays.com\/fr\/wp-json\/wp\/v2\/tags?post=469251"}],"curies":[{"name":"wp","href":"https:\/\/api.w.org\/{rel}","templated":true}]}}