{"id":469266,"date":"2025-10-17T06:03:21","date_gmt":"2025-10-17T06:03:21","guid":{"rendered":"https:\/\/www.europesays.com\/fr\/469266\/"},"modified":"2025-10-17T06:03:21","modified_gmt":"2025-10-17T06:03:21","slug":"a-la-decouverte-de-jules-coulon-troisieme-ligne-du-rct","status":"publish","type":"post","link":"https:\/\/www.europesays.com\/fr\/469266\/","title":{"rendered":"\u00e0 la d\u00e9couverte de Jules Coulon, troisi\u00e8me ligne du RCT"},"content":{"rendered":"<p class=\"fs-5 \">Soldat discret, Jules Coulon compte d\u00e9j\u00e0, \u00e0 tout juste 23 ans, 52 matches avec Toulon. Lanc\u00e9 dans le grand bain le 7 novembre 2021 par Patrice Collazo \u00e0 Clermont, le Messin poursuit son \u00e9volution. Lui qui, enfant, n\u2019avait pourtant rien d\u2019un gamin format\u00e9 pour devenir rugbyman. Pour le comprendre, il faut se replonger dans son enfance.<\/p>\n<p class=\"fs-5 \">N\u00e9 le 4 juillet 2002 \u00e0 Metz, \u00ab Julot \u00bb de son surnom (\u00e0 prononcer Djoulot), grandit dans une r\u00e9gion estampill\u00e9e football. \u00ab Mon p\u00e8re en avait fait et honn\u00eatement, petit, j\u2019\u00e9tais tr\u00e8s ballon rond, sourit le polyvalent troisi\u00e8me ligne. Alors forc\u00e9ment, j\u2019ai essay\u00e9. \u00bb Mais l\u2019amour entre le football et le petit Jules ne prend pas vraiment. \u00ab C\u2019\u00e9tait compliqu\u00e9, poursuit-il. J\u2019\u00e9tais plus grand et plus gros que les autres. Et \u00e0 cet \u00e2ge-l\u00e0, \u00e7a ne se passait pas bien avec mes \u00e9ducateurs. J\u2019avoue que \u00e7a m\u2019a un peu d\u00e9go\u00fbt\u00e9\u2026 et j\u2019ai d\u00e9cid\u00e9 d\u2019arr\u00eater. \u00bb<\/p>\n<p>                                                                                \u00ab Partir \u00e0 800 kilom\u00e8tres de chez soi \u00e0 15 ans, c\u2019est dur \u00bb<\/p>\n<p class=\"fs-5 \">Finalement \u00e0 10 ans, c\u2019est gr\u00e2ce \u00e0 Beno\u00eet, un de ses amis d\u2019\u00e9cole, qu\u2019il s\u2019essaye au rugby. Il raconte : \u00ab Je me souviens tr\u00e8s bien de la sc\u00e8ne. J\u2019\u00e9tais dans la voiture de ma m\u00e8re, sur la rocade. On est pass\u00e9 \u00e0 c\u00f4t\u00e9 du stade et, je ne sais pas pourquoi mais ce coup-ci, j\u2019ai eu envie d\u2019essayer. \u00bb Alors, coup de c\u0153ur imm\u00e9diat ? \u00ab Ce qui m\u2019a vraiment plu, c\u2019est l\u2019esprit famille. Sinc\u00e8rement, je ne savais pas courir, j\u2019\u00e9tais en surpoids. On faisait des tours de stade et m\u00eame si j\u2019\u00e9tais deux terrains derri\u00e8re tout le monde, il y avait un \u00e9ducateur avec moi pour m\u2019aider. J\u2019ai kiff\u00e9, je me suis accroch\u00e9\u2026 et je n\u2019ai plus arr\u00eat\u00e9. \u00bb<\/p>\n<p class=\"fs-5 \">Au Rugby club Metz Moselle, Jules Coulon prend sa premi\u00e8re licence. Et si, au d\u00e9part, il \u00ab d\u00e9couvre \u00bb cette nouvelle discipline et \u00ab gal\u00e8re un peu \u00bb, d\u00e8s sa deuxi\u00e8me ann\u00e9e, il prend son pied. Et en plus de s\u2019\u00e9clater, il performe. Au point de taper dans l\u2019\u0153il de Jean-Jacques Bortola\u00ef, du c\u00f4t\u00e9 de l\u2019association du RCT. \u00ab J\u2019ai toujours dit : \u201cSi \u00e7a doit se faire, on viendra me chercher. \u00c7a voudra dire que j\u2019ai le niveau pour. Je n\u2019irai pas faire de tests\u201d. \u00bb<\/p>\n<p class=\"fs-5 \">Et c\u2019est bien le RCT qui viendra \u00e0 lui. Si bien qu\u2019\u00e0 15 ans, il prend finalement la direction du Var. D\u2019abord pour rejoindre le p\u00f4le d\u2019Hy\u00e8res, puis celui de Toulon. \u00ab Partir \u00e0 800 kilom\u00e8tres de chez soi \u00e0 15 ans, franchement, c\u2019est dur. Je ne pense pas qu\u2019on puisse r\u00e9ellement s\u2019y pr\u00e9parer, en fait. \u00bb Jules Coulon n\u2019oubliera d\u2019ailleurs jamais sa premi\u00e8re semaine \u00e0 Toulon. \u00ab Mes parents \u00e9taient descendus avec moi pour ce qu\u2019on appelle la semaine d\u2019acclimatation. Je pense que j\u2019ai pleur\u00e9 tous les jours jusqu\u2019au d\u00e9part. \u00bb<\/p>\n<p>                                                                                \u00ab Je les remercie \u00bb<\/p>\n<p class=\"fs-5 \">Le samedi, Carole et Jean-Michel reprennent la route, direction la Moselle. \u00ab Trois heures apr\u00e8s, j\u2019\u00e9tais en train de les appeler pour leur dire de venir me chercher. Ils ont refus\u00e9. Ils m\u2019ont dit que je pouvais les appeler tous les jours, ils ne viendraient pas avant un mois. Que sinon, j\u2019allais le regretter. Aujourd\u2019hui, je les remercie. \u00bb<\/p>\n<p class=\"fs-5 \">Si bien qu\u2019aujourd\u2019hui, \u00ab Julot \u00bb est parvenu \u00e0 ce qui, au fil des ann\u00e9es, \u00e9tait devenu son r\u00eave : signer pro dans son club formateur (lire ci-contre). \u00ab J\u2019ai appris, quelques ann\u00e9es plus tard, que lors de ce fameux retour, mes parents ne s\u2019\u00e9taient pas adress\u00e9 un mot jusqu\u2019\u00e0 Metz. Me laisser, c\u2019\u00e9tait aussi tr\u00e8s difficile pour eux. Ils ont fait \u00e9norm\u00e9ment de sacrifices. Bon, j\u2019ai aussi appris qu\u2019ils avaient fait des paris pour savoir quand est-ce que j\u2019allais craquer et rentrer \u00bb, se marre-t-il.<\/p>\n<p class=\"fs-5 \">Gamin puis adolescent d\u00e9termin\u00e9, Jules Coulon n\u2019a pas l\u00e2ch\u00e9. Grand bien lui en a pris. Leader des \u00e9quipes jeunes et d\u00e9sormais joueur \u00e0 part enti\u00e8re de l\u2019effectif pro, le Messin a r\u00e9ussi une premi\u00e8re partie de sa mission. Et il n\u2019a que 23 ans.<\/p>\n<p class=\"fs-5 \">Form\u00e9 et fa\u00e7onn\u00e9 \u00e0 Toulon, Jules Coulon est \u00e0 l\u2019or\u00e9e de son plus grand d\u00e9fi : s\u2019imposer sur la rade. Jusqu\u2019ici joueur de rotation par excellence, jamais d\u00e9cevant lorsqu\u2019il est align\u00e9 et m\u00eame plut\u00f4t performant, leader de touche, le minot sait qu\u2019il doit poursuivre son \u00e9volution. Si bien qu\u2019au retour de l\u2019\u00e9t\u00e9, le troisi\u00e8me ligne a repris le chemin du Campus avec une nouvelle mentalit\u00e9. Il raconte : \u00ab Je suis revenu avec de vraies intentions et de vraies ambitions. Sur la pr\u00e9paration, j\u2019ai atteint mes objectifs au niveau physique. Maintenant, je dois le mettre \u00e0 profit sur le terrain. \u00bb<\/p>\n<p class=\"fs-5 \">Officiellement \u00ab pro \u00bb depuis d\u00e9but juin et engag\u00e9 avec le RCT jusqu\u2019\u00e0 la fin de la saison 2026-2027, Jules Coulon a coch\u00e9 l\u2019un de ses objectifs : \u00ab C\u2019est forc\u00e9ment une fiert\u00e9, poursuit-il. Toulon, c\u2019est le premier club qui est venu me chercher et qui m\u2019a fait confiance. J\u2019ai fait tellement de sacrifices que c\u2019est symbolique de signer pro ici. \u00bb<\/p>\n<p>                                                                                \u00ab Jules est l\u00e0, et il faut compter sur lui \u00bb<\/p>\n<p class=\"fs-5 \">S\u2019il compte 52 matches avec Toulon, le Messin est conscient que d\u00e9sormais, il doit encha\u00eener : \u00ab C\u2019est l\u2019ann\u00e9e o\u00f9 je dois engranger beaucoup d\u2019exp\u00e9rience, jouer toujours plus de matches et me montrer \u00e0 ce niveau-l\u00e0. J\u2019ai pu \u00e9changer avec Pierre [Mignoni]. On s\u2019est fix\u00e9 des objectifs, \u00e0 moi de les atteindre. \u00bb<\/p>\n<p class=\"fs-5 \">Joueur complet, \u00ab Coulock \u00bb de son autre surnom [trouv\u00e9 par l\u2019inspir\u00e9 Baptiste Serin en comparaison avec Henry Pollock, diamant anglais], doit surtout parvenir, sur cette saison, \u00e0 se d\u00e9tacher de l\u2019image de l\u2019\u00e9ternel \u00ab jeune \u00bb. Pas si \u00e9vident, quand on est issu de la formation. \u00ab Mon but, c\u2019est aussi de changer, d\u2019\u00e9voluer. J\u2019aime pouvoir \u00eatre un leader dans un vestiaire. Mais quand tu rentres dans un groupe pro, c\u2019est forc\u00e9ment diff\u00e9rent. Il y a des joueurs qui le font tr\u00e8s bien. Mais je m\u2019y fais. J\u2019essaye de montrer un autre visage, tout en gardant ma personnalit\u00e9. Je veux prouver que Jules est l\u00e0, et qu\u2019il faut compter sur lui. \u00bb Une chose est s\u00fbre, quand il est align\u00e9 sur le terrain, difficile de ne pas remarquer qu\u2019il est l\u00e0. Et c\u2019est l\u2019essentiel. F. DA.<\/p>\n","protected":false},"excerpt":{"rendered":"Soldat discret, Jules Coulon compte d\u00e9j\u00e0, \u00e0 tout juste 23 ans, 52 matches avec Toulon. Lanc\u00e9 dans le&hellip;\n","protected":false},"author":2,"featured_media":469267,"comment_status":"","ping_status":"","sticky":false,"template":"","format":"standard","meta":{"footnotes":""},"categories":[9619],"tags":[1111,11,1777,674,1011,27,12,882,3461,25,2310],"class_list":{"0":"post-469266","1":"post","2":"type-post","3":"status-publish","4":"format-standard","5":"has-post-thumbnail","7":"category-toulon","8":"tag-actu","9":"tag-actualites","10":"tag-eu","11":"tag-europe","12":"tag-fr","13":"tag-france","14":"tag-news","15":"tag-provence-alpes-cote-dazur","16":"tag-rct","17":"tag-republique-francaise","18":"tag-toulon"},"share_on_mastodon":{"url":"https:\/\/pubeurope.com\/@fr\/115387996829340412","error":""},"_links":{"self":[{"href":"https:\/\/www.europesays.com\/fr\/wp-json\/wp\/v2\/posts\/469266","targetHints":{"allow":["GET"]}}],"collection":[{"href":"https:\/\/www.europesays.com\/fr\/wp-json\/wp\/v2\/posts"}],"about":[{"href":"https:\/\/www.europesays.com\/fr\/wp-json\/wp\/v2\/types\/post"}],"author":[{"embeddable":true,"href":"https:\/\/www.europesays.com\/fr\/wp-json\/wp\/v2\/users\/2"}],"replies":[{"embeddable":true,"href":"https:\/\/www.europesays.com\/fr\/wp-json\/wp\/v2\/comments?post=469266"}],"version-history":[{"count":0,"href":"https:\/\/www.europesays.com\/fr\/wp-json\/wp\/v2\/posts\/469266\/revisions"}],"wp:featuredmedia":[{"embeddable":true,"href":"https:\/\/www.europesays.com\/fr\/wp-json\/wp\/v2\/media\/469267"}],"wp:attachment":[{"href":"https:\/\/www.europesays.com\/fr\/wp-json\/wp\/v2\/media?parent=469266"}],"wp:term":[{"taxonomy":"category","embeddable":true,"href":"https:\/\/www.europesays.com\/fr\/wp-json\/wp\/v2\/categories?post=469266"},{"taxonomy":"post_tag","embeddable":true,"href":"https:\/\/www.europesays.com\/fr\/wp-json\/wp\/v2\/tags?post=469266"}],"curies":[{"name":"wp","href":"https:\/\/api.w.org\/{rel}","templated":true}]}}