{"id":469274,"date":"2025-10-17T06:12:10","date_gmt":"2025-10-17T06:12:10","guid":{"rendered":"https:\/\/www.europesays.com\/fr\/469274\/"},"modified":"2025-10-17T06:12:10","modified_gmt":"2025-10-17T06:12:10","slug":"immobilier-en-seine-maritime-ces-communes-ou-les-prix-baissent-et-celles-ou-ils-augmentent","status":"publish","type":"post","link":"https:\/\/www.europesays.com\/fr\/469274\/","title":{"rendered":"Immobilier en Seine-Maritime. Ces communes o\u00f9 les prix baissent et celles o\u00f9 ils augmentent"},"content":{"rendered":"<p>            Par<br \/>\n        <strong><br \/>\n            <a href=\"https:\/\/actu.fr\/auteur\/yann-rivallan\" title=\"Consulter tous les articles de Yann Rivallan\" target=\"_blank\" rel=\"noopener\">Yann Rivallan<\/a><br \/>\n        <\/strong><\/p>\n<p>        Publi\u00e9 le<\/p>\n<p>            17 oct. 2025 \u00e0 7h12        <\/p>\n<p>Le <strong>march\u00e9 de l\u2019immobilier<\/strong> est-il de nouveau sur la pente ascendante en <a href=\"https:\/\/actu.fr\/normandie\/seine-maritime_76\" target=\"_blank\" rel=\"noopener\">Seine-Maritime<\/a>\u2009? C\u2019est ce que pense la chambre interd\u00e9partementale des Notaires de la Seine-Maritime et de l\u2019Eure. Mais ce red\u00e9marrage s\u2019av\u00e8re <strong>timide en 2025<\/strong>, apr\u00e8s une ann\u00e9e 2024 o\u00f9 les chiffres \u00e9taient <a href=\"https:\/\/actu.fr\/economie\/immobilier-en-seine-maritime-quelles-sont-les-villes-les-plus-attractives_61716012.html\" target=\"_blank\" rel=\"noopener\">clairement mauvais<\/a>. On fait le point sur l\u2019\u00e9volution des prix dans les communes.<\/p>\n<p>Une \u00ab\u2009phase de reprise\u2009\u00bb encore timide<\/p>\n<p class=\" wall-content\">Les repr\u00e9sentants de la Chambre des notaires ont tenu \u00e0 \u00ab\u2009rester positifs et optimistes\u2009\u00bb, face \u00e0 des chiffres plut\u00f4t r\u00e9jouissants.<\/p>\n<blockquote class=\"ac-article-quote wall-content\">\n<p>Maintenant, on esp\u00e8re que le creux de la vague est derri\u00e8re nous.<\/p>\n<p>    <strong>Me Gr\u00e9goire Ozanne<\/strong><br \/>\n        Vice-pr\u00e9sident de la chambre interd\u00e9partementale des Notaires    <\/p><\/blockquote>\n<p class=\" wall-content\">En 2025, le march\u00e9 de l\u2019immobilier dans notre d\u00e9partement \u00ab\u2009semble entamer sa phase de reprise\u2009\u00bb, assurent les repr\u00e9sentants de la chambre. Elle reste n\u00e9anmoins \u00ab<strong>\u2009timide<\/strong>, progressive, mais bien r\u00e9elle\u2009\u00bb.<\/p>\n<p>Le march\u00e9 de l\u2019ancien se porte bien<\/p>\n<p class=\" wall-content\">Facteurs encourageants, selon les professionnels de l\u2019immobilier\u2009: <strong>les prix de vente<\/strong> des logements. En Seine-Maritime, acheter redevient abordable, apr\u00e8s une p\u00e9riode compliqu\u00e9e. Mais les baisses de prix varient en fonction des biens et des communes.<\/p>\n<p>    <a href=\"https:\/\/datawrapper.dwcdn.net\/DME28\/1\/\" title=\"Ouvrie le lien\" target=\"_blank\" rel=\"noopener\">Cliquez ici pour visualiser le contenu<\/a><\/p>\n<p class=\" wall-content\">Les prix de vente des maisons et des appartements anciens baissent respectivement de <strong>0,6\u2009% et 0,5\u2009%<\/strong> \u00e0 l\u2019\u00e9chelle du d\u00e9partement.<\/p>\n<p>    <a href=\"https:\/\/datawrapper.dwcdn.net\/FjppW\/1\/\" title=\"Ouvrie le lien\" target=\"_blank\" rel=\"noopener\">Cliquez ici pour visualiser le contenu<\/a><\/p>\n<p>Votre r\u00e9gion, votre actu !<\/p>\n<p>Recevez chaque jour les infos qui comptent pour vous.<\/p>\n<p>\t<a href=\"https:\/\/actu.fr\/newsletter\" class=\"ac-btn ac-btn--corner ac-btn--medium ac-btn--blue800\" target=\"_blank\" rel=\"noopener\">S&rsquo;incrire<\/a><\/p>\n<p class=\" wall-content\">Les logements neufs baissent aussi, mais les chiffres pr\u00e9cis ne sont pas encore connus. Enfin, le prix des terrains \u00e0 b\u00e2tir d\u00e9gringole, avec <strong>une baisse de 7,7\u2009%<\/strong> par rapport \u00e0 l\u2019ann\u00e9e derni\u00e8re.<\/p>\n<p>\u00ab\u2009Le neuf est clairement sinistr\u00e9 chez nous\u2009\u00bb<\/p>\n<p class=\" wall-content\">Des chiffres qu\u2019il faut toutefois mettre en corr\u00e9lation avec le nombre de ventes de biens sur l\u2019ann\u00e9e 2025. Si celles des <strong>maisons anciennes progressent bien<\/strong> (+ 6,9 % de ventes par rapport \u00e0 2024), tout comme celles des appartements anciens (+ 0,7 %), le neuf continue sa chute vertigineuse.<\/p>\n<p class=\" wall-content\">Selon la chambre des notaires, le nombre de vente d\u2019appartements neufs <strong>chute de 14,8\u2009%<\/strong> en Seine-Maritime en 2025. C\u2019est encore pire pour les terrains \u00e0 b\u00e2tir\u2009: ils accusent <strong>une baisse de 26,4\u2009%<\/strong>. Ce qui fait dire \u00e0 Me Ozanne que \u00ab\u2009le neuf est clairement sinistr\u00e9 chez nous\u2009\u00bb.<\/p>\n<p>Des acheteurs encore \u00ab\u2009t\u00e9tanis\u00e9s\u2009\u00bb<\/p>\n<p class=\" wall-content\">Mais pourquoi le march\u00e9 reste aussi timide, malgr\u00e9 des signes encourageants\u2009? Pour les repr\u00e9sentants de la chambre des notaires, <strong>\u00ab\u2009l\u2019instabilit\u00e9 politique et fiscale\u2009\u00bb<\/strong> y est pour quelque chose.<\/p>\n<blockquote class=\"ac-article-quote wall-content\">\n<p>Beaucoup d&rsquo;acheteurs potentiels sont t\u00e9tanis\u00e9s. Ils ont peur qu&rsquo;on leur invente des imp\u00f4ts qui n&rsquo;existent pas encore.<\/p>\n<p>    <strong>Me Gr\u00e9goire Ozanne<\/strong><br \/>\n        Vice-pr\u00e9sident de la chambre interd\u00e9partementale des Notaires    <\/p><\/blockquote>\n<p class=\" wall-content\">Sans oublier <strong>\u00ab\u2009l\u2019acc\u00e8s aux pr\u00eats bancaires\u2009\u00bb<\/strong>, qui reste compliqu\u00e9 pour beaucoup de personnes, \u00ab\u2009surtout les primo-acc\u00e9dants [les personnes qui ach\u00e8tent leur premier bien, NDLR]\u2009\u00bb.<\/p>\n<p>\u00ab\u2009La demande a toujours \u00e9t\u00e9 l\u00e0\u2009\u00bb<\/p>\n<p class=\" wall-content\">N\u00e9anmoins, apr\u00e8s une ann\u00e9e 2024 pour le moins catastrophique, les acheteurs qui avaient d\u00e9cid\u00e9 de repousser leurs investissements \u00ab\u2009reviennent, selon les notaires interrog\u00e9s. M\u00eame si le march\u00e9 est en difficult\u00e9.\u2009\u00bb<\/p>\n<p class=\" wall-content\">Et la raison \u00e0 cela, c\u2019est qu\u2019il \u00ab\u2009est plus facile d\u2019acheter\u2009\u00bb, l\u00e2che l\u2019un d\u2019eux. \u00ab\u2009Surtout depuis que l\u2019on a pu dig\u00e9rer la hausse des taux d\u2019int\u00e9r\u00eat [pour les pr\u00eats bancaires, NDLR].\u2009\u00bb<\/p>\n<p class=\" wall-content\">Et puis, \u00ab\u2009la demande a toujours \u00e9t\u00e9 l\u00e0\u2009\u00bb, assure Me Ozanne. Le probl\u00e8me c\u2019est, comme souvent, une question d\u2019argent\u2026<\/p>\n<p class=\" wall-content\">Personnalisez votre actualit\u00e9 en ajoutant vos villes et m\u00e9dias en favori avec <a href=\"https:\/\/moncompte.actu.fr\" title=\"D\u00e9couvez Mon Actu\" rel=\"nofollow noopener\" data-trk=\"{&quot;cta&quot;:{&quot;action&quot;:&quot;https:\\\/\\\/moncompte.actu.fr&quot;,&quot;category&quot;:&quot;mon compte&quot;,&quot;from&quot;:&quot;article footer&quot;,&quot;name&quot;:&quot;Mon actu&quot;,&quot;type&quot;:&quot;cta&quot;}}\" target=\"_blank\">Mon Actu<\/a>.<\/p>\n","protected":false},"excerpt":{"rendered":"Par Yann Rivallan Publi\u00e9 le 17 oct. 2025 \u00e0 7h12 Le march\u00e9 de l\u2019immobilier est-il de nouveau sur&hellip;\n","protected":false},"author":2,"featured_media":469275,"comment_status":"","ping_status":"","sticky":false,"template":"","format":"standard","meta":{"footnotes":""},"categories":[9587],"tags":[1111,11,33,1777,674,1011,27,1116,1908,12,5161,25,9590,9908],"class_list":{"0":"post-469274","1":"post","2":"type-post","3":"status-publish","4":"format-standard","5":"has-post-thumbnail","7":"category-rouen","8":"tag-actu","9":"tag-actualites","10":"tag-economie","11":"tag-eu","12":"tag-europe","13":"tag-fr","14":"tag-france","15":"tag-immobilier","16":"tag-logement","17":"tag-news","18":"tag-normandie","19":"tag-republique-francaise","20":"tag-rouen","21":"tag-taxe-fonciere"},"share_on_mastodon":{"url":"https:\/\/pubeurope.com\/@fr\/115388032218948113","error":""},"_links":{"self":[{"href":"https:\/\/www.europesays.com\/fr\/wp-json\/wp\/v2\/posts\/469274","targetHints":{"allow":["GET"]}}],"collection":[{"href":"https:\/\/www.europesays.com\/fr\/wp-json\/wp\/v2\/posts"}],"about":[{"href":"https:\/\/www.europesays.com\/fr\/wp-json\/wp\/v2\/types\/post"}],"author":[{"embeddable":true,"href":"https:\/\/www.europesays.com\/fr\/wp-json\/wp\/v2\/users\/2"}],"replies":[{"embeddable":true,"href":"https:\/\/www.europesays.com\/fr\/wp-json\/wp\/v2\/comments?post=469274"}],"version-history":[{"count":0,"href":"https:\/\/www.europesays.com\/fr\/wp-json\/wp\/v2\/posts\/469274\/revisions"}],"wp:featuredmedia":[{"embeddable":true,"href":"https:\/\/www.europesays.com\/fr\/wp-json\/wp\/v2\/media\/469275"}],"wp:attachment":[{"href":"https:\/\/www.europesays.com\/fr\/wp-json\/wp\/v2\/media?parent=469274"}],"wp:term":[{"taxonomy":"category","embeddable":true,"href":"https:\/\/www.europesays.com\/fr\/wp-json\/wp\/v2\/categories?post=469274"},{"taxonomy":"post_tag","embeddable":true,"href":"https:\/\/www.europesays.com\/fr\/wp-json\/wp\/v2\/tags?post=469274"}],"curies":[{"name":"wp","href":"https:\/\/api.w.org\/{rel}","templated":true}]}}