{"id":469298,"date":"2025-10-17T06:25:16","date_gmt":"2025-10-17T06:25:16","guid":{"rendered":"https:\/\/www.europesays.com\/fr\/469298\/"},"modified":"2025-10-17T06:25:16","modified_gmt":"2025-10-17T06:25:16","slug":"la-region-aide-au-rachat-de-deux-chateaux-bordelais","status":"publish","type":"post","link":"https:\/\/www.europesays.com\/fr\/469298\/","title":{"rendered":"La r\u00e9gion aide au rachat de deux ch\u00e2teaux bordelais"},"content":{"rendered":"<p>Apr\u00e8s le ch\u00e2teau Mazerolles, le n\u00e9o-vigneron Paul Guillet acquiert deux nouvelles propri\u00e9t\u00e9s de l&rsquo;appellation Blaye C\u00f4tes de Bordeaux. Le fonds r\u00e9gional VitiREV Terradev prend une participation dans sa soci\u00e9t\u00e9 pour l&rsquo;aider dans sa croissance commerciale.<\/p>\n<p>T<\/p>\n<p>&#13;<br \/>\n\t\u00e9moignage de la volont\u00e9 de lutter et de continuer \u00e0 d\u00e9velopper les vins de Blaye C\u00f4tes de Bordeaux malgr\u00e9 la crise qui les touche, <a href=\"https:\/\/www.vitisphere.com\/actualite-95764-50-millions-euro-pour-la-transition-agroecologique-de-la-viticulture.html\" target=\"_blank\" rel=\"noopener\">le fonds r\u00e9gional VitiREV Terradev<\/a> annonce prendre une participation dans la soci\u00e9t\u00e9 ayant finalis\u00e9 en septembre \u00ab\u00a0l\u2019acquisition des ch\u00e2teaux Bellevue et du Grand Barrail, deux domaines viticoles bio embl\u00e9matiques de l\u2019appellation, par Paul Guillet, n\u00e9o-vigneron de l\u2019AOC Blaye C\u00f4tes de Bordeaux, et d\u00e9j\u00e0 propri\u00e9taire du ch\u00e2teau Mazerolles depuis 2023\u00a0\u00bb, indique un communiqu\u00e9, sans pr\u00e9ciser les montants engag\u00e9s<\/p>\n<p>&#13;<br \/>\n\tDans les faits, le fonds r\u00e9gional entre au capital de la soci\u00e9t\u00e9 la Chartreuse de Mazerolles, dirig\u00e9e par Paul Guillet et constituant \u00e0 pr\u00e9sent un groupe viticole par la reprise de ces deux nouvelles propri\u00e9t\u00e9s. Ayant fait carri\u00e8re dans les nouvelles technologies (Vinobest et Plugwine), et la commercialisation de vins (Vivino), Paul Guillet a attendu 2023 pour acqu\u00e9rir son premier domaine viticole, le ch\u00e2teau Mazerolles, 10 hectares en AOC Blaye C\u00f4tes de Bordeaux. La finalisation de l\u2019acquisition de ces deux nouvelles propri\u00e9t\u00e9s (toutes deux \u00e0 Plassac, en Gironde) en 2025 vient \u00ab\u00a0s\u2019inscrire dans la continuit\u00e9 de la volont\u00e9 d\u2019expansion du dirigeant et son engagement pour la valorisation de l\u2019appellation\u00a0\u00bb, pr\u00e9cise un communiqu\u00e9.<\/p>\n<p>&#13;<br \/>\n\tPremi\u00e8re op\u00e9ration en r\u00e9gion bordelaise<\/p>\n<p>&#13;<br \/>\n\tL\u2019entr\u00e9e au capital du fonds VitiREV Terradev (coordonn\u00e9 par la R\u00e9gion Nouvelle-Aquitaine), doit \u00ab\u00a0acc\u00e9l\u00e9rer le d\u00e9veloppement commercial du groupe viticole et poursuivre les engagements agro\u00e9cologiques des domaines repris\u00a0\u00bb, souligne un communiqu\u00e9. Les fonds apport\u00e9s accompagneront la croissance et le d\u00e9veloppement international du groupe viticole.<\/p>\n<p>&#13;<br \/>\n\tC\u2019est la premi\u00e8re op\u00e9ration du VitiREV Terradev dans la r\u00e9gion bordelaise. \u00ab Cet investissement refl\u00e8te notre engagement \u00e0 soutenir des projets ambitieux, port\u00e9s par des acteurs r\u00e9gionaux dynamiques\u00a0\u00bb, souligne le directeur g\u00e9n\u00e9ral d\u00e9l\u00e9gu\u00e9 d\u2019Acer Finance Rodolphe Herbelin, en charge de la gestion op\u00e9rationnelle du fonds VitiREV Terradev. \u00ab L\u2019investissement du fonds me donne les moyens de mettre en \u0153uvre ma strat\u00e9gie de d\u00e9veloppement, avec la volont\u00e9 de conjuguer croissance et engagements agro\u00e9cologiques\u00a0\u00bb, poursuit Paul Guillet<\/p>\n<p>&#13;<br \/>\n\t\u00a0<\/p>\n","protected":false},"excerpt":{"rendered":"Apr\u00e8s le ch\u00e2teau Mazerolles, le n\u00e9o-vigneron Paul Guillet acquiert deux nouvelles propri\u00e9t\u00e9s de l&rsquo;appellation Blaye C\u00f4tes de Bordeaux.&hellip;\n","protected":false},"author":2,"featured_media":469299,"comment_status":"","ping_status":"","sticky":false,"template":"","format":"standard","meta":{"footnotes":""},"categories":[2817],"tags":[1111,11,50486,1997,1777,674,33702,1011,27,12,2219,25],"class_list":{"0":"post-469298","1":"post","2":"type-post","3":"status-publish","4":"format-standard","5":"has-post-thumbnail","7":"category-bordeaux","8":"tag-actu","9":"tag-actualites","10":"tag-blaye","11":"tag-bordeaux","12":"tag-eu","13":"tag-europe","14":"tag-foncier","15":"tag-fr","16":"tag-france","17":"tag-news","18":"tag-nouvelle-aquitaine","19":"tag-republique-francaise"},"share_on_mastodon":{"url":"https:\/\/pubeurope.com\/@fr\/115388083327673795","error":""},"_links":{"self":[{"href":"https:\/\/www.europesays.com\/fr\/wp-json\/wp\/v2\/posts\/469298","targetHints":{"allow":["GET"]}}],"collection":[{"href":"https:\/\/www.europesays.com\/fr\/wp-json\/wp\/v2\/posts"}],"about":[{"href":"https:\/\/www.europesays.com\/fr\/wp-json\/wp\/v2\/types\/post"}],"author":[{"embeddable":true,"href":"https:\/\/www.europesays.com\/fr\/wp-json\/wp\/v2\/users\/2"}],"replies":[{"embeddable":true,"href":"https:\/\/www.europesays.com\/fr\/wp-json\/wp\/v2\/comments?post=469298"}],"version-history":[{"count":0,"href":"https:\/\/www.europesays.com\/fr\/wp-json\/wp\/v2\/posts\/469298\/revisions"}],"wp:featuredmedia":[{"embeddable":true,"href":"https:\/\/www.europesays.com\/fr\/wp-json\/wp\/v2\/media\/469299"}],"wp:attachment":[{"href":"https:\/\/www.europesays.com\/fr\/wp-json\/wp\/v2\/media?parent=469298"}],"wp:term":[{"taxonomy":"category","embeddable":true,"href":"https:\/\/www.europesays.com\/fr\/wp-json\/wp\/v2\/categories?post=469298"},{"taxonomy":"post_tag","embeddable":true,"href":"https:\/\/www.europesays.com\/fr\/wp-json\/wp\/v2\/tags?post=469298"}],"curies":[{"name":"wp","href":"https:\/\/api.w.org\/{rel}","templated":true}]}}