{"id":469300,"date":"2025-10-17T06:26:14","date_gmt":"2025-10-17T06:26:14","guid":{"rendered":"https:\/\/www.europesays.com\/fr\/469300\/"},"modified":"2025-10-17T06:26:14","modified_gmt":"2025-10-17T06:26:14","slug":"la-circulation-au-ralenti-sur-4-kilometres-sur-la64-au-sud-de-toulouse","status":"publish","type":"post","link":"https:\/\/www.europesays.com\/fr\/469300\/","title":{"rendered":"la circulation au ralenti sur 4 kilom\u00e8tres sur l&rsquo;A64, au Sud de Toulouse"},"content":{"rendered":"<p><strong>A 8h, ce vendredi 17 octobre 2025, la circulation est moins difficile que les jours pr\u00e9c\u00e9dents autour de Toulouse. Des ralentissements sur plusieurs kilom\u00e8tres sont \u00e0 d\u00e9plorer, notamment sur l\u2019A64, au Sud de la Ville rose. Le point sur le trafic routier. <\/strong><\/p>\n<p><img fetchpriority=\"high\" decoding=\"async\" width=\"1200\" height=\"801\" src=\"https:\/\/www.europesays.com\/fr\/wp-content\/uploads\/2025\/10\/Depositphotos_132192750_XL-1200x801.jpg\" alt=\"Trafic : la circulation au ralenti sur 4 kilom\u00e8tres sur l'A64, au Sud de Toulouse, ce vendredi\"  \/><\/p>\n<p>Trafic : la circulation au ralenti sur 4 kilom\u00e8tres sur l\u2019A64, au Sud de Toulouse, ce vendredi \u00a9 khongkitwiriyachan \/ Depositphotos <\/p>\n<p><strong>Au Sud de Toulouse : <\/strong>La circulation est au ralenti sur 4 kilom\u00e8tres, ce vendredi 17 octobre 2025, sur l\u2019A64, dans le sens Bayonne \u2013 Toulouse, entre Roques et Portet-sur-Garonne. Sur l\u2019A620, dans le sens int\u00e9rieur de Toulouse sud vers Toulouse nord, \u00e0 hauteur du quartier Lafourguette, un bouchon s\u2019\u00e9tend sur 2 kilom\u00e8tres. Toujours sur cet axe routier, cette fois-ci du c\u00f4t\u00e9 de Montaudran, <a href=\"https:\/\/www.bison-fute.gouv.fr\/maintenant.html\" target=\"_blank\" data-type=\"link\" data-id=\"https:\/\/www.bison-fute.gouv.fr\/maintenant.html\" rel=\"noopener nofollow\">Bison Fut\u00e9<\/a> signale 3 kilom\u00e8tres d\u2019embouteillage dans le m\u00eame sens de circulation. <\/p>\n<p><strong>A l\u2019Ouest de Toulouse : <\/strong>A 7h30, un bouchon de 4 kilom\u00e8tres a \u00e9t\u00e9 recens\u00e9 sur la route nationale 124, de Langon vers Toulouse, entre Pibrac et Colomiers. Attention, un v\u00e9hicule l\u00e9ger est en panne \u00e0 Colomiers sur la bretelle de sortie de l\u2019\u00e9changeur. Les automobilistes doivent \u00e9galement prendre leur mal en patience sur l\u2019A624, le trafic est \u00e0 l\u2019arr\u00eat sur 2 kilom\u00e8tres entre Colomiers et Purpan. <\/p>\n<p><strong>A l\u2019Est de Toulouse : <\/strong>Des ralentissements sont \u00e0 d\u00e9plorer sur pr\u00e8s de 2 kilom\u00e8tres sur l\u2019A61, dans le sens int\u00e9rieur de Toulouse vers Narbonne, \u00e0 cause du r\u00e9tr\u00e9cissement des voies. <\/p>\n<p><strong>Au Nord de Toulouse : <\/strong>Le trafic est \u00e9galement au ralenti sur 3 kilom\u00e8tres sur l\u2019A62, dans le sens ext\u00e9rieur de Toulouse vers Bordeaux. <\/p>\n","protected":false},"excerpt":{"rendered":"A 8h, ce vendredi 17 octobre 2025, la circulation est moins difficile que les jours pr\u00e9c\u00e9dents autour de&hellip;\n","protected":false},"author":2,"featured_media":469301,"comment_status":"","ping_status":"","sticky":false,"template":"","format":"standard","meta":{"footnotes":""},"categories":[2816],"tags":[1111,11,56873,1777,674,1011,27,12,2680,25,2312,59305],"class_list":{"0":"post-469300","1":"post","2":"type-post","3":"status-publish","4":"format-standard","5":"has-post-thumbnail","7":"category-toulouse","8":"tag-actu","9":"tag-actualites","10":"tag-au-sud-de-toulouse","11":"tag-eu","12":"tag-europe","13":"tag-fr","14":"tag-france","15":"tag-news","16":"tag-occitanie","17":"tag-republique-francaise","18":"tag-toulouse","19":"tag-trafic-la-circulation-au-ralenti-sur-4-kilomu00e8tres-sur-la64"},"share_on_mastodon":{"url":"https:\/\/pubeurope.com\/@fr\/115388087755860900","error":""},"_links":{"self":[{"href":"https:\/\/www.europesays.com\/fr\/wp-json\/wp\/v2\/posts\/469300","targetHints":{"allow":["GET"]}}],"collection":[{"href":"https:\/\/www.europesays.com\/fr\/wp-json\/wp\/v2\/posts"}],"about":[{"href":"https:\/\/www.europesays.com\/fr\/wp-json\/wp\/v2\/types\/post"}],"author":[{"embeddable":true,"href":"https:\/\/www.europesays.com\/fr\/wp-json\/wp\/v2\/users\/2"}],"replies":[{"embeddable":true,"href":"https:\/\/www.europesays.com\/fr\/wp-json\/wp\/v2\/comments?post=469300"}],"version-history":[{"count":0,"href":"https:\/\/www.europesays.com\/fr\/wp-json\/wp\/v2\/posts\/469300\/revisions"}],"wp:featuredmedia":[{"embeddable":true,"href":"https:\/\/www.europesays.com\/fr\/wp-json\/wp\/v2\/media\/469301"}],"wp:attachment":[{"href":"https:\/\/www.europesays.com\/fr\/wp-json\/wp\/v2\/media?parent=469300"}],"wp:term":[{"taxonomy":"category","embeddable":true,"href":"https:\/\/www.europesays.com\/fr\/wp-json\/wp\/v2\/categories?post=469300"},{"taxonomy":"post_tag","embeddable":true,"href":"https:\/\/www.europesays.com\/fr\/wp-json\/wp\/v2\/tags?post=469300"}],"curies":[{"name":"wp","href":"https:\/\/api.w.org\/{rel}","templated":true}]}}