{"id":469304,"date":"2025-10-17T06:28:18","date_gmt":"2025-10-17T06:28:18","guid":{"rendered":"https:\/\/www.europesays.com\/fr\/469304\/"},"modified":"2025-10-17T06:28:18","modified_gmt":"2025-10-17T06:28:18","slug":"noreade-premiere-regie-publique-de-leau-ne-fait-pas-rever-ses-usagers","status":"publish","type":"post","link":"https:\/\/www.europesays.com\/fr\/469304\/","title":{"rendered":"Nor\u00e9ade, premi\u00e8re r\u00e9gie publique de l\u2019eau, ne fait pas r\u00eaver ses usagers"},"content":{"rendered":"<p>C\u2019est un g\u00e9ant. La premi\u00e8re r\u00e9gie publique de l\u2019eau en France. Nor\u00e9ade, dont le si\u00e8ge est situ\u00e9 \u00e0 Wasquehal, pr\u00e8s de Lille, compte 740 communes adh\u00e9rentes (dont 650 pour l\u2019eau potable) et 425 000 abonn\u00e9s, r\u00e9partis dans les trois d\u00e9partements du Nord, du Pas\u2010de\u2010Calais et de l\u2019Aisne. Ce puissant ensemble repr\u00e9sente pr\u00e8s d\u2019un million de consommateurs, avec 30 % d\u2019abonn\u00e9s suppl\u00e9mentaires gagn\u00e9s en dix ans, entre 2014 et 2024, selon <a href=\"https:\/\/agenceenligne.noreade.fr\/web\/content?model=noreade.documents_legaux&amp;field=file&amp;id=146&amp;filename=Diaporama%20pr%C3%A9sentation%20RPQS%202023%20version%20compl%C3%A8te.pdf&amp;download=true\" target=\"_blank\" rel=\"noopener nofollow\">le rapport annuel sur le prix et la qualit\u00e9 des services<\/a> 2023. Un syndicat \u00e0 succ\u00e8s qui agr\u00e8ge \u00ab\u202fune quinzaine\u202f\u00bb de nouvelles communes chaque ann\u00e9e. L\u2019empire r\u00e9gional s\u2019\u00e9tend de Bierne, aux portes de Dunkerque, \u00e0 la Champagne\u2010Picarde, communaut\u00e9 de communes \u00e0 vingt\u2010cinq kilom\u00e8tres de\u00a0Reims.\u00a0<\/p>\n<p>L\u2019histoire de Nor\u00e9ade d\u00e9bute quelques ann\u00e9es apr\u00e8s la fin de la Seconde Guerre mondiale. Geste aujourd\u2019hui anodin, ouvrir son robinet pour utiliser l\u2019eau courante n\u2019allait pas de soi dans les ann\u00e9es 1950. \u00c0 l\u2019\u00e9poque, le pays se rel\u00e8ve et se modernise. Dans le Nord, les foyers de quelque 400 000 habitants sont \u00e0 raccorder au r\u00e9seau potable. Pour r\u00e9ussir ce d\u00e9fi, le Conseil g\u00e9n\u00e9ral (ancien nom du Conseil d\u00e9partemental) cr\u00e9e le SIDEN SIAN, un syndicat intercommunal (plus connu sous le nom de Nor\u00e9ade) qui permet de mutualiser les ressources et les \u00e9quipements. Depuis 2009, il est ind\u00e9pendant du d\u00e9partement.\u00a0<\/p>\n<p>Une eau plus ch\u00e8re qu\u2019ailleurs en France<br \/>\u00ab\u202fL\u2019avantage [de la r\u00e9gie publique], c\u2019est qu\u2019il n\u2019y a pas d\u2019actionnaires \u00e0 r\u00e9mun\u00e9rer. En principe, c\u2019est moins cher\u202f\u00bb, se r\u00e9jouissait l\u2019ex-directeur g\u00e9n\u00e9ral de la r\u00e9gie Bernard Poyet dans les colonnes de <a href=\"https:\/\/www.lavoixdunord.fr\/art\/region\/enquete-22-les-prestataires-de-l-eau-expliquent-ia23b0n1342329\" target=\"_blank\" rel=\"noopener nofollow\">La Voix du Nord,<\/a> en 2013. Cette affirmation est pourtant largement contest\u00e9e par <a href=\"https:\/\/www.ccomptes.fr\/fr\/publications\/siden-sian-nord-tome-1-enquete-nationale-sur-la-gestion-quantitative-de-leau-en\" target=\"_blank\" rel=\"noopener nofollow\">trois rapports<\/a> de la Chambre r\u00e9gionale des comptes (CRC) publi\u00e9s \u00e0 propos de la gestion de la r\u00e9gie entre 2019 et\u00a02024.<\/p>\n<p>Le prix de l\u2019eau chez Nor\u00e9ade est en effet plus \u00e9lev\u00e9 que la moyenne nationale et r\u00e9gionale. Et ce n\u2019est pas pr\u00e8s de s\u2019arr\u00eater. Hausse de + 9 %\u00a0en\u00a0\u2026<\/p>\n<p>Nous vous offrons l\u2019acc\u00e8s \u00e0 cet article<\/p>\n<p>Et \u00e0 toutes nos enqu\u00eates pendant deux jours\u00a0\u00a0! <br \/>Oui, on est g\u00e9n\u00e9reux \ud83d\ude09 Mais pensez aussi \u00e0 <a href=\"https:\/\/www.mediacites.fr\/sabonner\/\" target=\"_blank\" style=\"color:#fff\" rel=\"nofollow noopener\">vous abonner<\/a>\u00a0\u00a0!<\/p>\n<p>\t\tEn renseignant votre adresse, vous acceptez nos <a href=\"https:\/\/www.mediacites.fr\/conditions-generales-d-utilisation\/\" target=\"_blank\" rel=\"nofollow noopener\">conditions g\u00e9n\u00e9rales d\u2019utilisation<\/a>. <br \/>Mediacit\u00e9s s\u2019engage \u00e0 ne pas c\u00e9der votre adresse \u00e0 des tiers. En cas d\u2019\u00e9chec, \u00e9crivez \u00e0 <a href=\"https:\/\/www.mediacites.fr\/enquete\/lille\/2025\/10\/16\/prix-eleves-fuites-et-eau-non-conforme-noreade-premiere-regie-publique-de-leau-ne-fait-pas-rever-ses-usagers\/mailto:contact@mediacites.fr\" rel=\"nofollow noopener\" target=\"_blank\">contact@mediacites.fr<\/a><\/p>\n<ul>\n<li>J\u2019acc\u00e8de aux 4 \u00e9ditions de Mediacit\u00e9s (Lille, Lyon, Nantes et Toulouse)<\/li>\n<li>Je d\u00e9couvre un m\u00e9dia 100 % ind\u00e9pendant, avec 0 % de publicit\u00e9<\/li>\n<\/ul>\n<p>Envie de lire la\u00a0suite\u202f?<\/p>\n<p>Depuis neuf ans, Mediacit\u00e9s enqu\u00eate en toute ind\u00e9pendance dans votre ville. Gr\u00e2ce \u00e0 ses lecteurs\u202f! Abonnez\u2010vous pour ne rien manquer de nos enqu\u00eates, suivre les \u00e9lections municipales et soutenir un journal local d\u2019investigation.<\/p>\n<ul>\n<li>Acc\u00e8s aux 4 \u00e9ditions de Mediacit\u00e9s (Lille, Lyon, Nantes et Toulouse)<\/li>\n<li>100 % ind\u00e9pendant, avec 0 % de publicit\u00e9<\/li>\n<li>R\u00e9siliation facile \u00e0 tout moment<\/li>\n<\/ul>\n<p>Mediacit\u00e9s offre l\u2019acc\u00e8s \u00e0 cet article aux lecteurs de News2Com<\/p>\n<p>Et \u00e0 toutes nos enqu\u00eates pendant deux jours\u00a0\u00a0! <br \/>Oui, on est g\u00e9n\u00e9reux \ud83d\ude09 Mais pensez aussi \u00e0 <a href=\"https:\/\/www.mediacites.fr\/sabonner\/\" target=\"_blank\" style=\"color:#fff\" rel=\"nofollow noopener\">vous abonner<\/a>\u00a0\u00a0!<\/p>\n<p>\t\tEn renseignant votre adresse, vous acceptez nos <a href=\"https:\/\/www.mediacites.fr\/conditions-generales-d-utilisation\/\" target=\"_blank\" rel=\"nofollow noopener\">conditions g\u00e9n\u00e9rales d\u2019utilisation<\/a>. <br \/>Mediacit\u00e9s s\u2019engage \u00e0 ne pas c\u00e9der votre adresse \u00e0 des tiers. En cas d\u2019\u00e9chec, \u00e9crivez \u00e0 <a href=\"https:\/\/www.mediacites.fr\/enquete\/lille\/2025\/10\/16\/prix-eleves-fuites-et-eau-non-conforme-noreade-premiere-regie-publique-de-leau-ne-fait-pas-rever-ses-usagers\/mailto:contact@mediacites.fr\" rel=\"nofollow noopener\" target=\"_blank\">contact@mediacites.fr<\/a><\/p>\n<ul>\n<li>J\u2019acc\u00e8de aux 4 \u00e9ditions de Mediacit\u00e9s (Lille, Lyon, Nantes et Toulouse)<\/li>\n<li>Je d\u00e9couvre un m\u00e9dia 100 % ind\u00e9pendant, avec 0 % de publicit\u00e9<\/li>\n<\/ul>\n","protected":false},"excerpt":{"rendered":"C\u2019est un g\u00e9ant. La premi\u00e8re r\u00e9gie publique de l\u2019eau en France. Nor\u00e9ade, dont le si\u00e8ge est situ\u00e9 \u00e0&hellip;\n","protected":false},"author":2,"featured_media":469305,"comment_status":"","ping_status":"","sticky":false,"template":"","format":"standard","meta":{"footnotes":""},"categories":[2815],"tags":[1111,11,3139,4858,1067,1777,674,59306,1011,27,811,1307,12,59307,25],"class_list":{"0":"post-469304","1":"post","2":"type-post","3":"status-publish","4":"format-standard","5":"has-post-thumbnail","7":"category-lille","8":"tag-actu","9":"tag-actualites","10":"tag-cher","11":"tag-eau","12":"tag-enquete","13":"tag-eu","14":"tag-europe","15":"tag-facture-deau","16":"tag-fr","17":"tag-france","18":"tag-hauts-de-france","19":"tag-lille","20":"tag-news","21":"tag-noreade","22":"tag-republique-francaise"},"share_on_mastodon":{"url":"https:\/\/pubeurope.com\/@fr\/115388095084828164","error":""},"_links":{"self":[{"href":"https:\/\/www.europesays.com\/fr\/wp-json\/wp\/v2\/posts\/469304","targetHints":{"allow":["GET"]}}],"collection":[{"href":"https:\/\/www.europesays.com\/fr\/wp-json\/wp\/v2\/posts"}],"about":[{"href":"https:\/\/www.europesays.com\/fr\/wp-json\/wp\/v2\/types\/post"}],"author":[{"embeddable":true,"href":"https:\/\/www.europesays.com\/fr\/wp-json\/wp\/v2\/users\/2"}],"replies":[{"embeddable":true,"href":"https:\/\/www.europesays.com\/fr\/wp-json\/wp\/v2\/comments?post=469304"}],"version-history":[{"count":0,"href":"https:\/\/www.europesays.com\/fr\/wp-json\/wp\/v2\/posts\/469304\/revisions"}],"wp:featuredmedia":[{"embeddable":true,"href":"https:\/\/www.europesays.com\/fr\/wp-json\/wp\/v2\/media\/469305"}],"wp:attachment":[{"href":"https:\/\/www.europesays.com\/fr\/wp-json\/wp\/v2\/media?parent=469304"}],"wp:term":[{"taxonomy":"category","embeddable":true,"href":"https:\/\/www.europesays.com\/fr\/wp-json\/wp\/v2\/categories?post=469304"},{"taxonomy":"post_tag","embeddable":true,"href":"https:\/\/www.europesays.com\/fr\/wp-json\/wp\/v2\/tags?post=469304"}],"curies":[{"name":"wp","href":"https:\/\/api.w.org\/{rel}","templated":true}]}}