{"id":469314,"date":"2025-10-17T06:33:15","date_gmt":"2025-10-17T06:33:15","guid":{"rendered":"https:\/\/www.europesays.com\/fr\/469314\/"},"modified":"2025-10-17T06:33:15","modified_gmt":"2025-10-17T06:33:15","slug":"le-collectif-des-sans-facs-occupe-luniversite-ce-jeudi","status":"publish","type":"post","link":"https:\/\/www.europesays.com\/fr\/469314\/","title":{"rendered":"le collectif des sans-facs occupe l&rsquo;Universit\u00e9 ce jeudi"},"content":{"rendered":"<p>                            <img loading=\"lazy\" width=\"1200\" height=\"707\" class=\"attachment-article size-article wp-post-image lazyload\" alt=\"Campus des berges du Rh\u00f4ne de l'universit\u00e9 Lyon 2 @Universit\u00e9 Lumi\u00e8re Lyon 2\" decoding=\"async\" src=\"https:\/\/www.europesays.com\/fr\/wp-content\/uploads\/2025\/10\/Campus-Berges-du-Rhone_4.jpg\" data-eio-rwidth=\"1200\" data-eio-rheight=\"707\"\/><\/p>\n<p>Campus des berges du Rh\u00f4ne de l\u2019universit\u00e9 Lyon 2 @Universit\u00e9 Lumi\u00e8re Lyon 2<\/p>\n<p class=\"content\" style=\"font-size:1.2em;font-weight:700\">Le collectif des sans-facs a investi le campus de l\u2019Universit\u00e9 Lyon 2 ce jeudi. Les manifestants r\u00e9clament toujours l\u2019inscription d\u2019une trentaine d\u2019\u00e9tudiants, apr\u00e8s un rendez-vous jug\u00e9 infructueux avec la pr\u00e9sidente de l\u2019\u00e9tablissement.<\/p>\n<p>Le collectif des sans-facs prend possession de l&rsquo;Universit\u00e9 Lyon 2. Sur le campus des Berges du Rh\u00f4ne, une manifestation a eu lieu ce jeudi dans la cour centrale. Celle-ci fait suite au rendez-vous obtenu mardi avec Isabelle von Bueltzingsloewen, la pr\u00e9sidente de l\u2019universit\u00e9 Lyon 2. Les revendications n&rsquo;ont semble-t-il pas \u00e9t\u00e9 entendues. Pour rappel, l&rsquo;organisation r\u00e9clame \u00e0 l&rsquo;universit\u00e9 l&rsquo;inscription d&rsquo;une trentaine de personnes. <\/p>\n<p>C&rsquo;est notamment la situation des \u00e9tudiants \u00e9trangers qui inqui\u00e8te les \u00ab\u00a0sans facs\u00a0\u00bb. En effet, sans inscription, leur place en r\u00e9sidence universitaire ou le renouvellement de leur titre de s\u00e9jour pourraient \u00eatre mis en danger. Selon nos confr\u00e8res de <a href=\"https:\/\/www.lyonmag.com\/article\/147479\/lyon-2-les-sans-facs-installent-un-campement-pour-denoncer-la-selection-a-l-universite\" target=\"_blank\" rel=\"noreferrer noopener nofollow\">Lyon Mag,<\/a> le collectif reproche \u00e0 la pr\u00e9sidente de \u00ab\u00a0se cacher derri\u00e8re le manque de moyens \u00e0 l\u2019universit\u00e9\u00a0\u00bb. Ses choix budg\u00e9taires sont \u00e9galement remis en cause. La cible principale concerne \u00ab\u00a0les dizaines de milliers d\u2019euros d\u00e9pens\u00e9s dans l\u2019effacement de tags\u00a0\u00bb, qui devraient, selon les manifestants, servir \u00e0 inscrire la trentaine d&rsquo;\u00e9l\u00e8ves toujours \u00ab\u00a0sans facs\u00a0\u00bb actuellement.<\/p>\n","protected":false},"excerpt":{"rendered":"Campus des berges du Rh\u00f4ne de l\u2019universit\u00e9 Lyon 2 @Universit\u00e9 Lumi\u00e8re Lyon 2 Le collectif des sans-facs a&hellip;\n","protected":false},"author":2,"featured_media":466906,"comment_status":"","ping_status":"","sticky":false,"template":"","format":"standard","meta":{"footnotes":""},"categories":[1889],"tags":[1111,11,2430,59308,1777,674,1011,27,2428,21641,12,25,5768],"class_list":{"0":"post-469314","1":"post","2":"type-post","3":"status-publish","4":"format-standard","5":"has-post-thumbnail","7":"category-lyon","8":"tag-actu","9":"tag-actualites","10":"tag-auvergne-rhone-alpes","11":"tag-collectif-des-sans-facs","12":"tag-eu","13":"tag-europe","14":"tag-fr","15":"tag-france","16":"tag-lyon","17":"tag-lyon-2","18":"tag-news","19":"tag-republique-francaise","20":"tag-universite"},"share_on_mastodon":{"url":"https:\/\/pubeurope.com\/@fr\/115388114811253165","error":""},"_links":{"self":[{"href":"https:\/\/www.europesays.com\/fr\/wp-json\/wp\/v2\/posts\/469314","targetHints":{"allow":["GET"]}}],"collection":[{"href":"https:\/\/www.europesays.com\/fr\/wp-json\/wp\/v2\/posts"}],"about":[{"href":"https:\/\/www.europesays.com\/fr\/wp-json\/wp\/v2\/types\/post"}],"author":[{"embeddable":true,"href":"https:\/\/www.europesays.com\/fr\/wp-json\/wp\/v2\/users\/2"}],"replies":[{"embeddable":true,"href":"https:\/\/www.europesays.com\/fr\/wp-json\/wp\/v2\/comments?post=469314"}],"version-history":[{"count":0,"href":"https:\/\/www.europesays.com\/fr\/wp-json\/wp\/v2\/posts\/469314\/revisions"}],"wp:featuredmedia":[{"embeddable":true,"href":"https:\/\/www.europesays.com\/fr\/wp-json\/wp\/v2\/media\/466906"}],"wp:attachment":[{"href":"https:\/\/www.europesays.com\/fr\/wp-json\/wp\/v2\/media?parent=469314"}],"wp:term":[{"taxonomy":"category","embeddable":true,"href":"https:\/\/www.europesays.com\/fr\/wp-json\/wp\/v2\/categories?post=469314"},{"taxonomy":"post_tag","embeddable":true,"href":"https:\/\/www.europesays.com\/fr\/wp-json\/wp\/v2\/tags?post=469314"}],"curies":[{"name":"wp","href":"https:\/\/api.w.org\/{rel}","templated":true}]}}