{"id":469319,"date":"2025-10-17T06:37:21","date_gmt":"2025-10-17T06:37:21","guid":{"rendered":"https:\/\/www.europesays.com\/fr\/469319\/"},"modified":"2025-10-17T06:37:21","modified_gmt":"2025-10-17T06:37:21","slug":"trois-ans-apres-le-meurtre-de-lola-laccusee-devant-la-cour-dassises-de-paris","status":"publish","type":"post","link":"https:\/\/www.europesays.com\/fr\/469319\/","title":{"rendered":"Trois ans apr\u00e8s le meurtre de Lola, l&rsquo;accus\u00e9e devant la cour d&rsquo;assises de Paris"},"content":{"rendered":"<p class=\"mb-4 text-lg md:leading-8 break-words\">En 2022, le meurtre de Lola avait boulevers\u00e9 l&rsquo;opinion et enflamm\u00e9 la classe politique: trois ans apr\u00e8s les faits, la cour d&rsquo;assises de Paris doit juger, \u00e0 partir de vendredi, Dahbia Benkired, accus\u00e9e d&rsquo;avoir viol\u00e9, tortur\u00e9 et tu\u00e9 cette adolescente de 12 ans.<\/p>\n<p class=\"mb-4 text-lg md:leading-8 break-words\">Ag\u00e9e de 27 ans, elle r\u00e9pondra pendant six journ\u00e9es d&rsquo;audience du meurtre et du viol de Lola, accompagn\u00e9s d&rsquo;actes de torture et de barbarie. La jeune femme encourt la r\u00e9clusion criminelle \u00e0 perp\u00e9tuit\u00e9.<\/p>\n<p class=\"mb-4 text-lg md:leading-8 break-words\">Le 14 octobre 2022, vers 16H40, plusieurs r\u00e9sidents d&rsquo;un immeuble du 19e arrondissement de Paris l&rsquo;avait aper\u00e7ue dans leur hall d&rsquo;entr\u00e9e, charg\u00e9e de valises et surtout d&rsquo;une imposante malle recouverte d&rsquo;une couverture.<\/p>\n<p class=\"mb-4 text-lg md:leading-8 break-words\">Une heure et demie plus t\u00f4t, elle apparaissait sur les bandes de vid\u00e9osurveillance de la r\u00e9sidence en train d&rsquo;aborder une jeune adolescente, Lola Daviet, 12 ans, la fille du gardien de l&rsquo;immeuble, qui rentrait du coll\u00e8ge.<\/p>\n<p class=\"mb-4 text-lg md:leading-8 break-words\">Entre les deux s\u00e9quences, l&rsquo;enqu\u00eate a reconstitu\u00e9 une sc\u00e8ne de crime\u00a0sordide: Dahbia Benkired a contraint la fillette \u00e0 la suivre dans l&rsquo;appartement qu&rsquo;elle occupait &#8211; en fait celui de sa s\u0153ur -, lui a impos\u00e9 des actes sexuels et l&rsquo;a frapp\u00e9e \u00e0 plusieurs reprises avec ciseaux et cutter. Enroul\u00e9e d&rsquo;adh\u00e9sif, y compris sur l&rsquo;ensemble du visage, la jeune Lola est morte d&rsquo;asphyxie.<\/p>\n<p class=\"mb-4 text-lg md:leading-8 break-words\">L&rsquo;accus\u00e9e avait alors plac\u00e9 le corps de sa victime dans une malle trouv\u00e9e dans l&rsquo;appartement, avant d&rsquo;entamer une fuite erratique.<\/p>\n<p class=\"mb-4 text-lg md:leading-8 break-words\">Au bar en bas de l&rsquo;immeuble, alors qu&rsquo;un client croit deviner un reste humain dans cet imposant bagage, elle affirme qu&rsquo;elle \u00ab\u00a0vend un rein\u00a0\u00bb. A l&rsquo;ami qu&rsquo;elle appelle ensuite et qui consent \u00e0 la ramener chez lui, en banlieue ouest, Dahbia Benkired ne donne en revanche aucune explication \u00e0 ces lourds bagages &#8211; aucune charge n&rsquo;a \u00e9t\u00e9 retenue contre lui.<\/p>\n<p class=\"mb-4 text-lg md:leading-8 break-words\">Elle avait finalement d\u00e9cid\u00e9 de retourner au domicile de sa s\u0153ur en VTC.\u00a0Lorsque l&rsquo;a\u00een\u00e9e distingue les restes humains, elle hurle, entra\u00eenant la panique de Dahbia Benkired qui constate en outre un \u00e9norme dispositif policier autour de l&rsquo;immeuble. Elle prend la fuite, se r\u00e9fugie chez un autre ami, o\u00f9 elle est interpell\u00e9e le lendemain matin.<\/p>\n<p class=\"mb-4 text-lg md:leading-8 break-words\">&#8211; \u00ab\u00a0Conduites manipulatoires\u00a0\u00bb &#8211;<\/p>\n<p class=\"mb-4 text-lg md:leading-8 break-words\">Devant la cour d&rsquo;assises, il s&rsquo;agira notamment d&rsquo;\u00e9tablir le mobile de ce crime sordide.<\/p>\n<p class=\"mb-4 text-lg md:leading-8 break-words\">Lors d&rsquo;un premier interrogatoire, Dahbia Benkired avait d&rsquo;abord montr\u00e9 son agacement de ne pas d\u00e9tenir de pass permettant d&rsquo;appeler les ascenseurs &#8211; sa s\u0153ur ne lui avait donn\u00e9 que la cl\u00e9 de son appartement- et d&rsquo;avoir essuy\u00e9 le refus de la gardienne, la m\u00e8re de Lola, de lui en fournir un.<\/p>\n<p class=\"mb-4 text-lg md:leading-8 break-words\">Elle a ensuite accus\u00e9 un ex-conjoint d&rsquo;\u00eatre l&rsquo;auteur des faits.<\/p>\n<p class=\"mb-4 text-lg md:leading-8 break-words\">Les enqu\u00eateurs se sont aussi interrog\u00e9s sur des croyances autour de la sorcellerie, aiguillonn\u00e9s par plusieurs recherches internet qu&rsquo;elle avait effectu\u00e9es quelques jours plus t\u00f4t.<\/p>\n<p class=\"mb-4 text-lg md:leading-8 break-words\">Pourquoi, en outre, les chiffres 1 et 0 \u00e9crits au vernis sur la vo\u00fbte plantaire de chaque pied de sa victime? \u00ab\u00a0\u00c7a vous int\u00e9resse, la mort d&rsquo;une petite? Pas moi\u00a0\u00bb, avait r\u00e9pondu Dahbia Benkired.<\/p>\n<p class=\"mb-4 text-lg md:leading-8 break-words\">Si les experts ont relev\u00e9 des \u00ab\u00a0conduites manipulatoires\u00a0\u00bb, l&rsquo;accus\u00e9e, grosse consommatrice de cannabis, ne souffre pas \u00ab\u00a0d&rsquo;une pathologie psychiatrique majeure\u00a0\u00bb.<\/p>\n<p class=\"mb-4 text-lg md:leading-8 break-words\">Sans v\u00e9ritable domicile fixe ni activit\u00e9 professionnelle, elle apparaissait au moment des faits sombrer dans une grande pr\u00e9carit\u00e9, point d&rsquo;orgue d&rsquo;une existence chaotique entre l&rsquo;Alg\u00e9rie et la France, \u00e9lev\u00e9e un temps par des tantes peu aimantes avant une installation d\u00e9finitive en France en 2013.<\/p>\n<p class=\"mb-4 text-lg md:leading-8 break-words\">Selon une enqu\u00eate de personnalit\u00e9 consult\u00e9e par l&rsquo;AFP, le d\u00e9c\u00e8s de sa m\u00e8re, en septembre 2020, avait \u00e9t\u00e9 un \u00ab\u00a0point de bascule\u00a0\u00bb.<\/p>\n<p class=\"mb-4 text-lg md:leading-8 break-words\">L'\u00a0\u00bbaffaire Lola\u00a0\u00bb avait d\u00e9clench\u00e9 une vague d&rsquo;effroi dans l&rsquo;opinion publique. La situation irr\u00e9guli\u00e8re en France de Dahbia Benkired, de nationalit\u00e9 alg\u00e9rienne, avait \u00e9t\u00e9 mise en avant par la droite et l&rsquo;extr\u00eame droite.<\/p>\n<p class=\"mb-4 text-lg md:leading-8 break-words\">Six mois apr\u00e8s la pr\u00e9sidentielle, le parti d&rsquo;Eric Zemmour avait d\u00e9nonc\u00e9 un \u00ab\u00a0francocide\u00a0\u00bb, organis\u00e9 une manifestation &#8211; la pr\u00e9sence de l&rsquo;ultradroite avait convaincu in extremis Jordan Bardella de ne pas y participer &#8211; et achet\u00e9 les noms \u00ab\u00a0ManifPourLola.fr\u00a0\u00bb ou \u00ab\u00a0JusticePourLola.fr\u00a0\u00bb, au m\u00e9pris de la famille de l&rsquo;adolescente, qui avait r\u00e9clam\u00e9 qu&rsquo;on n&rsquo;utilise plus son nom.<\/p>\n<p class=\"mb-4 text-lg md:leading-8 break-words\">pab-abo\/cal\/dro<\/p>\n","protected":false},"excerpt":{"rendered":"En 2022, le meurtre de Lola avait boulevers\u00e9 l&rsquo;opinion et enflamm\u00e9 la classe politique: trois ans apr\u00e8s les&hellip;\n","protected":false},"author":2,"featured_media":469320,"comment_status":"","ping_status":"","sticky":false,"template":"","format":"standard","meta":{"footnotes":""},"categories":[1888],"tags":[8337,1111,1928,11,1927,1764,59311,59309,1777,674,1011,27,12,1926,626,1925,25,59310],"class_list":{"0":"post-469319","1":"post","2":"type-post","3":"status-publish","4":"format-standard","5":"has-post-thumbnail","7":"category-paris","8":"tag-19e-arrondissement-de-paris","9":"tag-actu","10":"tag-actu-paris","11":"tag-actualites","12":"tag-actualites-paris","13":"tag-ans","14":"tag-cour-dassises-2","15":"tag-dahbia-benkired","16":"tag-eu","17":"tag-europe","18":"tag-fr","19":"tag-france","20":"tag-news","21":"tag-news-paris","22":"tag-paris","23":"tag-paris-news","24":"tag-republique-francaise","25":"tag-scene-de-crime"},"share_on_mastodon":{"url":"https:\/\/pubeurope.com\/@fr\/115388130557939761","error":""},"_links":{"self":[{"href":"https:\/\/www.europesays.com\/fr\/wp-json\/wp\/v2\/posts\/469319","targetHints":{"allow":["GET"]}}],"collection":[{"href":"https:\/\/www.europesays.com\/fr\/wp-json\/wp\/v2\/posts"}],"about":[{"href":"https:\/\/www.europesays.com\/fr\/wp-json\/wp\/v2\/types\/post"}],"author":[{"embeddable":true,"href":"https:\/\/www.europesays.com\/fr\/wp-json\/wp\/v2\/users\/2"}],"replies":[{"embeddable":true,"href":"https:\/\/www.europesays.com\/fr\/wp-json\/wp\/v2\/comments?post=469319"}],"version-history":[{"count":0,"href":"https:\/\/www.europesays.com\/fr\/wp-json\/wp\/v2\/posts\/469319\/revisions"}],"wp:featuredmedia":[{"embeddable":true,"href":"https:\/\/www.europesays.com\/fr\/wp-json\/wp\/v2\/media\/469320"}],"wp:attachment":[{"href":"https:\/\/www.europesays.com\/fr\/wp-json\/wp\/v2\/media?parent=469319"}],"wp:term":[{"taxonomy":"category","embeddable":true,"href":"https:\/\/www.europesays.com\/fr\/wp-json\/wp\/v2\/categories?post=469319"},{"taxonomy":"post_tag","embeddable":true,"href":"https:\/\/www.europesays.com\/fr\/wp-json\/wp\/v2\/tags?post=469319"}],"curies":[{"name":"wp","href":"https:\/\/api.w.org\/{rel}","templated":true}]}}