{"id":469323,"date":"2025-10-17T06:39:11","date_gmt":"2025-10-17T06:39:11","guid":{"rendered":"https:\/\/www.europesays.com\/fr\/469323\/"},"modified":"2025-10-17T06:39:11","modified_gmt":"2025-10-17T06:39:11","slug":"en-direct-le-proces-de-dahbia-benkired-accusee-du-meurtre-de-la-petite-lola-souvre-ce-vendredi-a-paris","status":"publish","type":"post","link":"https:\/\/www.europesays.com\/fr\/469323\/","title":{"rendered":"EN DIRECT &#8211; Le proc\u00e8s de Dahbia Benkired, accus\u00e9e du meurtre de la petite Lola, s\u2019ouvre ce vendredi \u00e0 Paris"},"content":{"rendered":"<p class=\"fig-paragraph\">Aujourd\u2019hui \u00e2g\u00e9e de 27 ans, Dahbia Benkired, est jug\u00e9e pour \u00abmeurtre d\u2019un mineur de moins de 15 ans et viol commis sur un mineur avec torture ou acte de barbarie\u00bb.<\/p>\n<p class=\"fig-paragraph\">Son proc\u00e8s devant la cour d\u2019assises de Paris, situ\u00e9e au 4 boulevard du Palais, d\u00e9bute ce vendredi \u00e0 9h30 jusqu\u2019au vendredi 24 octobre. L\u2019audience aura lieu en salle Victor Hugo et sera ouverte au public,\u00a0<a href=\"http:\/\/www.lefigaro.fr\/faits-divers\/meurtre-de-lola-a-paris-en-2022-la-mere-de-la-fillette-ne-demandera-pas-le-huis-clos-lors-du-proces-prevu-fin-octobre-20250917\" target=\"_blank\" data-fig-type=\"NewsFlash\" rel=\"noopener\" data-gtm-custom-categorie=\"navigation\" data-gtm-custom-action=\"crossclick\" data-gtm-custom-label=\"Contextuel\" data-gtm-event=\"customEventSPE\" data-fig-domain=\"LEFIGARO\">la m\u00e8re de Lola n\u2019ayant pas demand\u00e9 le huis clos<\/a>.<\/p>\n<p class=\"fig-paragraph\">Au cours de l\u2019enqu\u00eate, l\u2019accus\u00e9e a \u00e9voqu\u00e9 une \u00abvengeance\u00bb li\u00e9e \u00e0 un badge d\u2019acc\u00e8s \u00e0 la r\u00e9sidence qui lui aurait \u00e9t\u00e9 refus\u00e9. Mais le mobile reste tr\u00e8s flou \u00e0 ce stade.<\/p>\n<p class=\"fig-paragraph\">Apr\u00e8s avoir reconnu les faits en garde \u00e0 vue, Dahbia Benkired a expliqu\u00e9 au cours de l\u2019instruction avoir vu en Lola \u00abun fant\u00f4me\u00bb. Pr\u00e9c\u00e9demment, sa s\u0153ur a\u00een\u00e9e avait d\u00e9crit\u00a0\u00abdes r\u00e9veils nocturnes\u00bb, le mois pr\u00e9c\u00e9dant le crime, au cours desquels\u00a0\u00abelle tenait des propos incoh\u00e9rents\u00bb.<\/p>\n<p class=\"fig-paragraph\">Mais apr\u00e8s trois expertises psychiatriques, la justice a tranch\u00e9\u00a0: Dahbia Benkired ne souffre pas d\u2019une pathologie psychiatrique majeure et peut \u00eatre jug\u00e9e.<\/p>\n<p class=\"fig-paragraph\">L\u2019accus\u00e9e encourt la r\u00e9clusion criminelle \u00e0 perp\u00e9tuit\u00e9.<\/p>\n<p>    L\u2019entr\u00e9e du tribunal judiciaire de Paris, en septembre 2025.<br \/>\n                Guillaume Poingt \/ Le Figaro<\/p>\n","protected":false},"excerpt":{"rendered":"Aujourd\u2019hui \u00e2g\u00e9e de 27 ans, Dahbia Benkired, est jug\u00e9e pour \u00abmeurtre d\u2019un mineur de moins de 15 ans&hellip;\n","protected":false},"author":2,"featured_media":469324,"comment_status":"","ping_status":"","sticky":false,"template":"","format":"standard","meta":{"footnotes":""},"categories":[1888],"tags":[119,11,3694,20851,271,2951,3695,1777,674,3696,118,1011,27,2825,1253,303,52922,12,626,1072,2694,25,2949],"class_list":{"0":"post-469323","1":"post","2":"type-post","3":"status-publish","4":"format-standard","5":"has-post-thumbnail","7":"category-paris","8":"tag-accident","9":"tag-actualites","10":"tag-affaires","11":"tag-cour-dassises","12":"tag-crime","13":"tag-criminalite","14":"tag-enquetes","15":"tag-eu","16":"tag-europe","17":"tag-evenements","18":"tag-faits-divers","19":"tag-fr","20":"tag-france","21":"tag-insecurite","22":"tag-islamisme","23":"tag-justice","24":"tag-meurtre-de-lola","25":"tag-news","26":"tag-paris","27":"tag-police","28":"tag-proces","29":"tag-republique-francaise","30":"tag-violences"},"share_on_mastodon":{"url":"https:\/\/pubeurope.com\/@fr\/115388138412220996","error":""},"_links":{"self":[{"href":"https:\/\/www.europesays.com\/fr\/wp-json\/wp\/v2\/posts\/469323","targetHints":{"allow":["GET"]}}],"collection":[{"href":"https:\/\/www.europesays.com\/fr\/wp-json\/wp\/v2\/posts"}],"about":[{"href":"https:\/\/www.europesays.com\/fr\/wp-json\/wp\/v2\/types\/post"}],"author":[{"embeddable":true,"href":"https:\/\/www.europesays.com\/fr\/wp-json\/wp\/v2\/users\/2"}],"replies":[{"embeddable":true,"href":"https:\/\/www.europesays.com\/fr\/wp-json\/wp\/v2\/comments?post=469323"}],"version-history":[{"count":0,"href":"https:\/\/www.europesays.com\/fr\/wp-json\/wp\/v2\/posts\/469323\/revisions"}],"wp:featuredmedia":[{"embeddable":true,"href":"https:\/\/www.europesays.com\/fr\/wp-json\/wp\/v2\/media\/469324"}],"wp:attachment":[{"href":"https:\/\/www.europesays.com\/fr\/wp-json\/wp\/v2\/media?parent=469323"}],"wp:term":[{"taxonomy":"category","embeddable":true,"href":"https:\/\/www.europesays.com\/fr\/wp-json\/wp\/v2\/categories?post=469323"},{"taxonomy":"post_tag","embeddable":true,"href":"https:\/\/www.europesays.com\/fr\/wp-json\/wp\/v2\/tags?post=469323"}],"curies":[{"name":"wp","href":"https:\/\/api.w.org\/{rel}","templated":true}]}}