{"id":469329,"date":"2025-10-17T06:42:11","date_gmt":"2025-10-17T06:42:11","guid":{"rendered":"https:\/\/www.europesays.com\/fr\/469329\/"},"modified":"2025-10-17T06:42:11","modified_gmt":"2025-10-17T06:42:11","slug":"f1-calendrier-heures-chaines-pour-suivre-le-grand-prix-des-etats-unis-ce-week-end","status":"publish","type":"post","link":"https:\/\/www.europesays.com\/fr\/469329\/","title":{"rendered":"F1 : calendrier, heures, cha\u00eenes pour suivre le Grand Prix des \u00c9tats-Unis ce week-end"},"content":{"rendered":"<p class=\"paragraph text_align_left lp-f-body-02\">\u00c0 l\u2019heure actuelle, le pilote McLaren Oscar Piastri se maintient sur la plus haute marche du podium (336 points), devant son co\u00e9quipier Lando Norris (314 points) et le champion en titre Max Verstappen (273 points). George Russell occupe, quant \u00e0 lui, la quatri\u00e8me position (237 points), tandis que Charles Leclerc et Lewis Hamilton pointent respectivement \u00e0 la cinqui\u00e8me et \u00e0 la sixi\u00e8me place du classement. Cette semaine, les pilotes s\u2019affrontent sur le circuit des Am\u00e9riques, une piste qui s\u2019\u00e9tend sur 5 513 m\u00e8tres. Au total, les participants doivent franchir vingt virages et deux zones de DRS. Rapide et technique, ce trac\u00e9 met \u00e0 rude \u00e9preuve les monoplaces et les coureurs. Pour le moment, c\u2019est Lewis Hamilton qui a d\u00e9croch\u00e9 le plus de victoires \u00e0 Austin, avec six troph\u00e9es remport\u00e9s depuis 2007. Dans ces lignes on vous dit \u00e0 quelle heure et sur quelle cha\u00eene voir le Grand Prix\u2122 de Formule 1\u00ae des \u00c9tats-Unis en direct et en streaming ce dimanche soir.<\/p>\n<p>F1 GP des \u00c9tats-Unis : sur quelles cha\u00eenes regarder les essais, les qualifications et la course ?<\/p>\n<p class=\"paragraph text_align_left lp-f-body-02\"><b>Le Grand Prix\u2122 de Formule 1\u00ae des \u00c9tats-Unis est diffus\u00e9 le 19 octobre <\/b><a href=\"https:\/\/ad.doubleclick.net\/ddm\/trackclk\/N6600.145219.LEPARISIEN.FR\/B32944843.412602224;dc_trk_aid=604786684;dc_trk_cid=228480032;dc_lat=;dc_rdid=;tag_for_child_directed_treatment=;tfua=;gdpr=$%7BGDPR%7D;gdpr_consent=$%7BGDPR_CONSENT_755%7D;ltd=;dc_tdv=1\" target=\"_blank\" rel=\"sponsored nofollow noopener\"><b>en direct sur CANAL+<\/b><\/a><b> \u00e0 21h. <\/b>D\u00e8s vendredi soir, vous retrouvez <b>les essais et les qualifications \u00e0 partir de 19h25 sur CANAL+ Sport<\/b>. Le lendemain, vous assistez au <b>sprint et aux qualifications d\u00e8s 18h55 sur CANAL+ Sport<\/b>. D\u00e8s 19h53, les experts de \u201cLa Grille\u201d font le point sur les derni\u00e8res actualit\u00e9s de la discipline. Les commentateurs prennent ensuite le relais pour vous plonger au c\u0153ur des paddocks, d\u00e9crypter les performances des pilotes et analyser les temps forts de la course.<\/p>\n<p class=\"paragraph text_align_left lp-f-body-02\"><b>Suivez ici la Formule 1\u2122 <\/b><a href=\"https:\/\/ad.doubleclick.net\/ddm\/trackclk\/N6600.145219.LEPARISIEN.FR\/B32944843.412602224;dc_trk_aid=604786684;dc_trk_cid=228480032;dc_lat=;dc_rdid=;tag_for_child_directed_treatment=;tfua=;gdpr=$%7BGDPR%7D;gdpr_consent=$%7BGDPR_CONSENT_755%7D;ltd=;dc_tdv=1\" target=\"_blank\" rel=\"sponsored nofollow noopener\"><b>toute l\u2019ann\u00e9e avec CANAL+<\/b><\/a><\/p>\n","protected":false},"excerpt":{"rendered":"\u00c0 l\u2019heure actuelle, le pilote McLaren Oscar Piastri se maintient sur la plus haute marche du podium (336&hellip;\n","protected":false},"author":2,"featured_media":469330,"comment_status":"","ping_status":"","sticky":false,"template":"","format":"standard","meta":{"footnotes":""},"categories":[1589],"tags":[11,73,1866,1451,7591,749,12,6718,1864,1865,1863,308],"class_list":{"0":"post-469329","1":"post","2":"type-post","3":"status-publish","4":"format-standard","5":"has-post-thumbnail","7":"category-etats-unis","8":"tag-actualites","9":"tag-etats-unis","10":"tag-etats-unis-damerique","11":"tag-f1","12":"tag-gp","13":"tag-guide-shopping","14":"tag-news","15":"tag-tv-streaming","16":"tag-united-states","17":"tag-united-states-of-america","18":"tag-us","19":"tag-usa"},"share_on_mastodon":{"url":"https:\/\/pubeurope.com\/@fr\/115388150138453573","error":""},"_links":{"self":[{"href":"https:\/\/www.europesays.com\/fr\/wp-json\/wp\/v2\/posts\/469329","targetHints":{"allow":["GET"]}}],"collection":[{"href":"https:\/\/www.europesays.com\/fr\/wp-json\/wp\/v2\/posts"}],"about":[{"href":"https:\/\/www.europesays.com\/fr\/wp-json\/wp\/v2\/types\/post"}],"author":[{"embeddable":true,"href":"https:\/\/www.europesays.com\/fr\/wp-json\/wp\/v2\/users\/2"}],"replies":[{"embeddable":true,"href":"https:\/\/www.europesays.com\/fr\/wp-json\/wp\/v2\/comments?post=469329"}],"version-history":[{"count":0,"href":"https:\/\/www.europesays.com\/fr\/wp-json\/wp\/v2\/posts\/469329\/revisions"}],"wp:featuredmedia":[{"embeddable":true,"href":"https:\/\/www.europesays.com\/fr\/wp-json\/wp\/v2\/media\/469330"}],"wp:attachment":[{"href":"https:\/\/www.europesays.com\/fr\/wp-json\/wp\/v2\/media?parent=469329"}],"wp:term":[{"taxonomy":"category","embeddable":true,"href":"https:\/\/www.europesays.com\/fr\/wp-json\/wp\/v2\/categories?post=469329"},{"taxonomy":"post_tag","embeddable":true,"href":"https:\/\/www.europesays.com\/fr\/wp-json\/wp\/v2\/tags?post=469329"}],"curies":[{"name":"wp","href":"https:\/\/api.w.org\/{rel}","templated":true}]}}