{"id":469332,"date":"2025-10-17T06:44:10","date_gmt":"2025-10-17T06:44:10","guid":{"rendered":"https:\/\/www.europesays.com\/fr\/469332\/"},"modified":"2025-10-17T06:44:10","modified_gmt":"2025-10-17T06:44:10","slug":"defense-de-lue-lallemagne-a-la-tete-dune-nouvelle-defense-aerienne-defense-europeenne","status":"publish","type":"post","link":"https:\/\/www.europesays.com\/fr\/469332\/","title":{"rendered":"D\u00e9fense de l\u2019UE\u202f: l\u2019Allemagne \u00e0 la t\u00eate d\u2019une nouvelle d\u00e9fense a\u00e9rienne | d\u00e9fense europ\u00e9enne"},"content":{"rendered":"<p>Jeudi 16 octobre, la pr\u00e9sidente de la Commission europ\u00e9enne, Ursula von\u00a0der\u00a0Leyen, a pr\u00e9sent\u00e9 son projet de \u00ab\u202fmur anti-drones\u202f\u00bb. Cette initiative de d\u00e9fense contre les drones fait partie d\u2019un plan en quatre volets visant \u00e0 cr\u00e9er une \u00ab\u202fEurope capable de se d\u00e9fendre\u202f\u00bb, qui devrait \u00eatre mis en \u0153uvre d\u2019ici\u00a02030.<\/p>\n<p>Les autres \u00e9l\u00e9ments comprennent l\u2019\u00ab\u202fEastern Flank Watch\u202f\u00bb pour renforcer la pr\u00e9sence militaire sur le flanc est, la d\u00e9fense a\u00e9rienne europ\u00e9enne et m\u00eame un bouclier de d\u00e9fense dans l\u2019espace.<\/p>\n<p>Tout cela a \u00e9t\u00e9 r\u00e9sum\u00e9 dans un \u00ab\u202fplan clair avec des objectifs communs et des \u00e9tapes concr\u00e8tes\u202f\u00bb, a d\u00e9clar\u00e9 Mme\u00a0von\u00a0der\u00a0Leyen \u00e0 Bruxelles.<\/p>\n<p>Ursula von der Leyen fait r\u00e9f\u00e9rence \u00e0 des incidents r\u00e9cents<\/p>\n<p>L\u2019initiative de d\u00e9fense contre les drones (Eddi) vise \u00e0 prot\u00e9ger non seulement les pays voisins de l\u2019Ukraine, mais aussi l\u2019ensemble de l\u2019UE. Les incidents r\u00e9cents et les observations de drones dans plusieurs pays, qui ont caus\u00e9 des dommages et perturb\u00e9 le trafic a\u00e9rien, ont rendu cette initiative encore plus urgente aux yeux de Bruxelles.<\/p>\n<p>En septembre, l\u2019arm\u00e9e de l\u2019air polonaise a abattu plusieurs drones russes. Ceux-ci auraient auparavant viol\u00e9 l\u2019espace a\u00e9rien polonais lors d\u2019une attaque contre des cibles dans l\u2019ouest de l\u2019Ukraine.<\/p>\n<p>Plus tard, des drones ont \u00e9t\u00e9 aper\u00e7us dans plusieurs pays europ\u00e9ens plus centraux, notamment au Danemark, mais aussi en Allemagne. Les objets volants seraient apparus \u00e0 proximit\u00e9 d\u2019a\u00e9roports, notamment \u00e0 Munich, Copenhague et Oslo. Les responsables politiques ont imm\u00e9diatement \u00e9mis l\u2019hypoth\u00e8se qu\u2019il pourrait s\u2019agir de provocations de la part de la Russie.<\/p>\n<p>Renforcement du flanc est et de la s\u00e9curit\u00e9 maritime<\/p>\n<p>\u00c0 ce jour, aucune preuve tangible de cette hypoth\u00e8se n\u2019a \u00e9t\u00e9 rendue publique. Pour Mme\u00a0von\u00a0der\u00a0Leyen et la Commission europ\u00e9enne, ces incidents ont toutefois \u00e9t\u00e9 l\u2019occasion d\u2019annoncer une \u00ab\u202fapproche \u00e0 360\u00a0degr\u00e9s\u202f\u00bb en mati\u00e8re de d\u00e9fense contre les drones pour l\u2019ensemble de l\u2019UE. Celle-ci devrait \u00eatre op\u00e9rationnelle d\u2019ici fin\u00a02026 et pleinement op\u00e9rationnelle un an plus tard.<\/p>\n<p>L\u2019\u00ab\u202fEastern Flank Watch\u202f\u00bb (\u00ab\u00a0Sentinelle flanc est\u00a0\u00bb, ndlr) vise quant \u00e0 lui \u00e0 renforcer la d\u00e9fense a\u00e9rienne et la d\u00e9fense contre les drones le long des fronti\u00e8res ext\u00e9rieures orientales de l\u2019UE. Il est pr\u00e9vu de le relier \u00e0 des syst\u00e8mes de d\u00e9fense terrestre et de s\u00e9curit\u00e9 maritime dans la mer Baltique et la mer Noire. Ce syst\u00e8me est destin\u00e9 \u00e0 contrer d\u2019\u00e9ventuelles \u00ab\u202fmenaces hybrides\u202f\u00bb et la \u00ab\u202fflotte fant\u00f4me russe\u202f\u00bb.<\/p>\n<p>Selon le ministre f\u00e9d\u00e9ral allemand de la D\u00e9fense, Boris Pistorius, l\u2019Allemagne prendra m\u00eame la t\u00eate du projet \u00ab\u202fEuropean Air Shield\u202f\u00bb. Sous cette banni\u00e8re, Bruxelles souhaite mettre en place un syst\u00e8me de d\u00e9fense a\u00e9rienne \u00e0 l\u2019\u00e9chelle de l\u2019UE, compatible avec l\u2019OTAN. Ce syst\u00e8me interconnect\u00e9 \u00e0 plusieurs niveaux doit \u00eatre mis en place au-del\u00e0 des fronti\u00e8res nationales et disposer des capteurs n\u00e9cessaires.<\/p>\n<p>Nouveau \u00ab\u202fSpace Shield\u202f\u00bb\u202f: la <a href=\"https:\/\/www.epochtimes.fr\/t-defense-europeenne\" rel=\"nofollow noopener\" target=\"_blank\">d\u00e9fense europ\u00e9enne<\/a> en orbite<\/p>\n<p>M. Pistorius a annonc\u00e9 que l\u2019Allemagne pr\u00e9voyait d\u2019investir dix milliards d\u2019euros dans diff\u00e9rents types de drones au cours des prochaines ann\u00e9es. Cela inclurait \u00e9galement des drones d\u2019attaque. Il n\u2019a pas pr\u00e9cis\u00e9 si l\u2019Allemagne soutiendrait les projets de l\u2019UE en mati\u00e8re d\u2019approvisionnement commun en mati\u00e8re de d\u00e9fense. La Commission europ\u00e9enne propose d\u2019organiser conjointement au moins 40 % des achats d\u2019ici la fin 2027.<\/p>\n<p>Selon les informations de l\u2019agence de presse allemande, il est \u00e9galement pr\u00e9vu d\u2019introduire un rapport annuel sur l\u2019\u00e9tat de pr\u00e9paration de la d\u00e9fense (\u00ab\u202fAnnual Defence Readiness Report\u202f\u00bb) afin de suivre les progr\u00e8s r\u00e9alis\u00e9s.<\/p>\n<p>Un autre pilier du programme est le \u00ab\u202fEuropean Space Shield\u202f\u00bb, un bouclier de d\u00e9fense dans l\u2019espace qui devrait \u00eatre op\u00e9rationnel d\u00e8s\u00a02026.<\/p>\n<p>L\u2019objectif est de prot\u00e9ger l\u2019infrastructure satellitaire europ\u00e9enne, c\u2019est-\u00e0-dire les objets spatiaux qui sont essentiels pour les communications, la navigation et l\u2019observation de la Terre.<\/p>\n<p>La pr\u00e9sidente de la Commission europ\u00e9enne souhaite faire approuver le plan quinquennal pour le r\u00e9armement europ\u00e9en d\u00e8s\u00a02025<\/p>\n<p>Selon la \u00ab\u202f<a href=\"https:\/\/euractiv.fr\/news\/que-contient-la-feuille-de-route-de-la-commission-en-matiere-de-preparation-a-la-defense\/\" rel=\"nofollow noopener\" target=\"_blank\">feuille de route pour la pr\u00e9paration de la d\u00e9fense<\/a>\u202f\u00bb publi\u00e9e jeudi, les satellites nationaux et commerciaux doivent \u00eatre int\u00e9gr\u00e9s dans un r\u00e9seau de d\u00e9fense commun afin de les prot\u00e9ger contre les attaques de brouillage, les tentatives de tromperie et autres menaces en orbite.<\/p>\n<p>Le syst\u00e8me s\u2019appuiera sur des projets spatiaux europ\u00e9ens existants tels que Galileo (r\u00e9seau de navigation) et Copernicus (observation de la Terre) et sera compl\u00e9t\u00e9 par la nouvelle plateforme de communication\u00a0IRIS\u00b2, qui devrait \u00eatre pleinement op\u00e9rationnelle \u00e0 partir des ann\u00e9es 2030.<\/p>\n<p>La Commission europ\u00e9enne souhaite que les \u00c9tats membres approuvent ce projet de plusieurs milliards d\u2019euros avant la fin de l\u2019ann\u00e9e. Le calendrier pr\u00e9voit de lancer le Space Shield au deuxi\u00e8me trimestre\u00a02026 et de le d\u00e9velopper progressivement jusqu\u2019en\u00a02030. Dans le m\u00eame temps, Bruxelles pr\u00e9voit d\u2019augmenter les d\u00e9penses de d\u00e9fense et d\u2019espace dans le prochain cadre financier de l\u2019UE (2028-2034) pour atteindre un total de 131\u00a0milliards d\u2019euros.<\/p>\n<p>Le nouveau budget de l\u2019Agence spatiale europ\u00e9enne doit \u00eatre d\u00e9cid\u00e9 lors d\u2019une conf\u00e9rence minist\u00e9rielle qui se tiendra en novembre \u00e0 Br\u00eame.<\/p>\n<p>En mars dernier, les \u00c9tats membres de l\u2019UE avaient d\u00e9j\u00e0 d\u00e9cid\u00e9 d\u2019un renforcement massif de leur armement afin de rehausser consid\u00e9rablement la capacit\u00e9 de d\u00e9fense europ\u00e9enne dans les cinq ans \u00e0 venir.<\/p>\n<p>D\u2019ici\u00a02030, la capacit\u00e9 de d\u00e9fense doit \u00eatre am\u00e9lior\u00e9e sur la base d\u2019objectifs clairement d\u00e9finis et d\u2019un rapport annuel.<\/p>\n<p><a class=\"btn-orange\" target=\"_blank\" href=\"https:\/\/www.epochtimes.fr\/donation\" rel=\"nofollow noopener\">Soutenez Epoch Times \u00e0 partir de 1\u20ac<\/a> Comment pouvez-vous nous aider \u00e0 vous tenir inform\u00e9s\u202f?<\/p>\n<p>Epoch Times est un m\u00e9dia libre et ind\u00e9pendant, ne recevant aucune aide publique et n\u2019appartenant \u00e0 aucun parti politique ou groupe financier. Depuis notre cr\u00e9ation, nous faisons face \u00e0 des attaques d\u00e9loyales pour faire taire nos informations portant notamment sur les questions de droits de l&rsquo;homme en Chine. C&rsquo;est pourquoi, nous comptons sur votre soutien pour d\u00e9fendre notre journalisme ind\u00e9pendant et pour continuer, gr\u00e2ce \u00e0 vous, \u00e0 faire conna\u00eetre la v\u00e9rit\u00e9.<\/p>\n","protected":false},"excerpt":{"rendered":"Jeudi 16 octobre, la pr\u00e9sidente de la Commission europ\u00e9enne, Ursula von\u00a0der\u00a0Leyen, a pr\u00e9sent\u00e9 son projet de \u00ab\u202fmur anti-drones\u202f\u00bb.&hellip;\n","protected":false},"author":2,"featured_media":469333,"comment_status":"","ping_status":"","sticky":false,"template":"","format":"standard","meta":{"footnotes":""},"categories":[1587],"tags":[11,672,1804,1805,1803,1777,674,1801,12,1802],"class_list":{"0":"post-469332","1":"post","2":"type-post","3":"status-publish","4":"format-standard","5":"has-post-thumbnail","7":"category-allemagne","8":"tag-actualites","9":"tag-allemagne","10":"tag-bundesrepublik-deutschland","11":"tag-de","12":"tag-deutschland","13":"tag-eu","14":"tag-europe","15":"tag-germany","16":"tag-news","17":"tag-republique-federale-dallemagne"},"share_on_mastodon":{"url":"https:\/\/pubeurope.com\/@fr\/115388158008665787","error":""},"_links":{"self":[{"href":"https:\/\/www.europesays.com\/fr\/wp-json\/wp\/v2\/posts\/469332","targetHints":{"allow":["GET"]}}],"collection":[{"href":"https:\/\/www.europesays.com\/fr\/wp-json\/wp\/v2\/posts"}],"about":[{"href":"https:\/\/www.europesays.com\/fr\/wp-json\/wp\/v2\/types\/post"}],"author":[{"embeddable":true,"href":"https:\/\/www.europesays.com\/fr\/wp-json\/wp\/v2\/users\/2"}],"replies":[{"embeddable":true,"href":"https:\/\/www.europesays.com\/fr\/wp-json\/wp\/v2\/comments?post=469332"}],"version-history":[{"count":0,"href":"https:\/\/www.europesays.com\/fr\/wp-json\/wp\/v2\/posts\/469332\/revisions"}],"wp:featuredmedia":[{"embeddable":true,"href":"https:\/\/www.europesays.com\/fr\/wp-json\/wp\/v2\/media\/469333"}],"wp:attachment":[{"href":"https:\/\/www.europesays.com\/fr\/wp-json\/wp\/v2\/media?parent=469332"}],"wp:term":[{"taxonomy":"category","embeddable":true,"href":"https:\/\/www.europesays.com\/fr\/wp-json\/wp\/v2\/categories?post=469332"},{"taxonomy":"post_tag","embeddable":true,"href":"https:\/\/www.europesays.com\/fr\/wp-json\/wp\/v2\/tags?post=469332"}],"curies":[{"name":"wp","href":"https:\/\/api.w.org\/{rel}","templated":true}]}}