{"id":469344,"date":"2025-10-17T06:52:12","date_gmt":"2025-10-17T06:52:12","guid":{"rendered":"https:\/\/www.europesays.com\/fr\/469344\/"},"modified":"2025-10-17T06:52:12","modified_gmt":"2025-10-17T06:52:12","slug":"louis-bielle-biarrey-coup-de-tonnerre-a-lubb","status":"publish","type":"post","link":"https:\/\/www.europesays.com\/fr\/469344\/","title":{"rendered":"Louis Bielle-Biarrey, coup de tonnerre \u00e0 l\u2019UBB"},"content":{"rendered":"<p><strong>S\u2019il sera de retour, samedi, pour<br \/>\naffronter Perpignan, Louis Bielle-Biarrey ne devrait pas tenir sa<br \/>\nplace \u00e0 l\u2019aile.<\/strong><\/p>\n<p>Une semaine apr\u00e8s la s\u00e9v\u00e8re claque re\u00e7ue sur la pelouse du Stade<br \/>\nToulousain, sa troisi\u00e8me d\u00e9faite en trois d\u00e9placements depuis le<br \/>\nd\u00e9but de saison, l\u2019Union B\u00e8gles-Bordeaux esp\u00e8re bien profiter de<br \/>\nson voyage \u00e0 Perpignan pour renouer avec la victoire \u00e0<br \/>\nl\u2019ext\u00e9rieur.<\/p>\n<p>Et l\u2019adversaire, bon dernier du Top 14 avec z\u00e9ro point apr\u00e8s six<br \/>\njourn\u00e9es, a beau avoir le profil id\u00e9al pour se relancer, l\u2019UBB se<br \/>\npr\u00e9sentera avec ses meilleurs atouts \u00e0 Aim\u00e9-Giral. Mis au repos le<br \/>\nweek-end dernier pour le choc face au Stade Toulousain, Matthieu<br \/>\nJalibert et Louis Bielle-Biarrey effectueront ainsi leur grand<br \/>\nretour.<br \/>Mais si le premier tiendra son poste habituel \u00e0 l\u2019ouverture aux<br \/>\nc\u00f4t\u00e9s de Martin Page-R\u00e9lo, Louis Bielle-Biarrey ne reprendra pas sa<br \/>\nplace \u00e0 l\u2019aile. A en croire Le Midi Olympique, l\u2019ailier tricolore<br \/>\ndevrait en effet \u00e9voluer \u00e0 l\u2019arri\u00e8re pour compenser l\u2019absence de<br \/>\nRomain Burros, bless\u00e9, et les mises au repos de Jon Echegaray et de<br \/>\nXan Mousques.<\/p>\n<p>Une infirmerie toujours bien remplie<\/p>\n<p>Tandis que Damien Penaud, titularis\u00e9 au centre face \u00e0 Toulouse<br \/>\nle week-end dernier, devrait retrouver sa place sur l\u2019aile droite,<br \/>\nle N\u00e9o-Z\u00e9landais Salesi Rayesi portera l\u2019habituel num\u00e9ro 11 de LBB<br \/>\ntandis qu\u2019au centre, Pablo Uberti devrait \u00eatre associ\u00e9 \u00e0 Adrien<br \/>\nDrault.<\/p>\n<p>A noter que l\u2019infirmerie girondine est toujours aussi bien<br \/>\ngarnie. Si Maxime Lucu (pouce) et Romain Buros (mollet) sont en<br \/>\nphase de reprise, Arthur Reti\u00e8re (mollet), Yoram Moefana (genou),<br \/>\nSipili Falatea (voute plantaire), Lachlan Swinton (genou) et<br \/>\nJean-Luc Du Preez (genou) sont toujours sur le flanc pour plusieurs<br \/>\nsemaines.<\/p>\n","protected":false},"excerpt":{"rendered":"S\u2019il sera de retour, samedi, pour affronter Perpignan, Louis Bielle-Biarrey ne devrait pas tenir sa place \u00e0 l\u2019aile.&hellip;\n","protected":false},"author":2,"featured_media":469345,"comment_status":"","ping_status":"","sticky":false,"template":"","format":"standard","meta":{"footnotes":""},"categories":[1416],"tags":[1011,27,479,1468,60],"class_list":{"0":"post-469344","1":"post","2":"type-post","3":"status-publish","4":"format-standard","5":"has-post-thumbnail","7":"category-rugby","8":"tag-fr","9":"tag-france","10":"tag-rugby","11":"tag-rugby-football","12":"tag-sports"},"share_on_mastodon":{"url":"https:\/\/pubeurope.com\/@fr\/115388189541929314","error":""},"_links":{"self":[{"href":"https:\/\/www.europesays.com\/fr\/wp-json\/wp\/v2\/posts\/469344","targetHints":{"allow":["GET"]}}],"collection":[{"href":"https:\/\/www.europesays.com\/fr\/wp-json\/wp\/v2\/posts"}],"about":[{"href":"https:\/\/www.europesays.com\/fr\/wp-json\/wp\/v2\/types\/post"}],"author":[{"embeddable":true,"href":"https:\/\/www.europesays.com\/fr\/wp-json\/wp\/v2\/users\/2"}],"replies":[{"embeddable":true,"href":"https:\/\/www.europesays.com\/fr\/wp-json\/wp\/v2\/comments?post=469344"}],"version-history":[{"count":0,"href":"https:\/\/www.europesays.com\/fr\/wp-json\/wp\/v2\/posts\/469344\/revisions"}],"wp:featuredmedia":[{"embeddable":true,"href":"https:\/\/www.europesays.com\/fr\/wp-json\/wp\/v2\/media\/469345"}],"wp:attachment":[{"href":"https:\/\/www.europesays.com\/fr\/wp-json\/wp\/v2\/media?parent=469344"}],"wp:term":[{"taxonomy":"category","embeddable":true,"href":"https:\/\/www.europesays.com\/fr\/wp-json\/wp\/v2\/categories?post=469344"},{"taxonomy":"post_tag","embeddable":true,"href":"https:\/\/www.europesays.com\/fr\/wp-json\/wp\/v2\/tags?post=469344"}],"curies":[{"name":"wp","href":"https:\/\/api.w.org\/{rel}","templated":true}]}}