{"id":469346,"date":"2025-10-17T06:53:11","date_gmt":"2025-10-17T06:53:11","guid":{"rendered":"https:\/\/www.europesays.com\/fr\/469346\/"},"modified":"2025-10-17T06:53:11","modified_gmt":"2025-10-17T06:53:11","slug":"naomi-osaka-blessee-declare-forfait-avant-son-quart-de-finale-au-tournoi-wta-250-dosaka-lequipe","status":"publish","type":"post","link":"https:\/\/www.europesays.com\/fr\/469346\/","title":{"rendered":"Naomi Osaka, bless\u00e9e, d\u00e9clare forfait avant son quart de finale au tournoi WTA 250 d&#039;Osaka &#8211; L&#039;\u00c9quipe"},"content":{"rendered":"<ol>\n<li><a href=\"https:\/\/news.google.com\/rss\/articles\/CBMi0wFBVV95cUxPUnpVeDdWdk4xUlFSMEh6MDlIX1VTZU9BckpJVXBRbkJoc0dWbWM3TVVMU1FKZ28wTTk1OTNadHQ1Tm4yQ3Z5eVRZT2ZEUjM5a0QxYnJhcmsza0U5anpGTjFZWXdkTFJrZ3J2dFNJYUJSaFlIaENPVHphbkxtVlhybGtGWVR6U2R5T3FoV1V1MjJfaFp2R01hcWs0eGRydkNxUWlSZUs1VVFYMkdON3ozUDFzaV9td2ZXYjluNmFTbU1NQ3Jpa2Jwb2Y4MVlZa2ZXR1RJ?oc=5\" target=\"_blank\" rel=\"nofollow noopener\">Naomi Osaka, bless\u00e9e, d\u00e9clare forfait avant son quart de finale au tournoi WTA 250 d&rsquo;Osaka<\/a>&nbsp;&nbsp;L&rsquo;\u00c9quipe<\/li>\n<li><a href=\"https:\/\/news.google.com\/rss\/articles\/CBMi5wFBVV95cUxPSW5ZZzFTX3plcWlLSGdoQ2pkSUdQVzBDYmtlQlZIQ01Dd0hHQkxER2NBeFhBNEJpVWt3WkZHU29wRGZZcGpHZTNsQWRKNmVZbzdwTExpSjVlb3NQbkNCNXVCclBQOEV4NmhaMEh5QWNLcDlfZkpEZGdPTHgzMmRfMW81dDBIUF8xa1k4NTUyRkFvWVhfR20wLVJWNmhUaDJsMUthSndPTUlkR1UyX3RBVkhMS043QVBod1pvZG56ZkZIeHJLYzZReTd1dHZzQ1l2bl9FMFpMbHBrQ0pLdjZWSW5BWEhiazg?oc=5\" target=\"_blank\" rel=\"nofollow noopener\">WTA 250 d\u2019Osaka. Bless\u00e9e, Naomi Osaka abandonne avant son quart de finale<\/a>&nbsp;&nbsp;Ouest-France<\/li>\n<li><a href=\"https:\/\/news.google.com\/rss\/articles\/CBMitwFBVV95cUxNS3Rrb0h2TG5Fc3FqMW94MzdMVzBEU0hPZUZwYmRqZTBCWDloUXdKWWtMQzdwX3B5YlZGZkZQamtEdUk4WDFvQUdmeUhXbWdLdlJtLUZDQ2lpNGtKc0hQVVR0WlBVYnNqTHFlSy10SXhrN0dBSlhuc0NKOS1TVGRQb00yaFFVemFCWFg1U1lFZWljUnJKb2VpZ19zMkR5VFFPN21CNm4zczJ4VDU0eE15U3BfSWxGQkE?oc=5\" target=\"_blank\" rel=\"nofollow noopener\">Tennis : Naomi Osaka en quarts \u00e0 Osaka malgr\u00e9 une blessure \u00e0 une cuisse<\/a>&nbsp;&nbsp;Le Figaro<\/li>\n<li><a href=\"https:\/\/news.google.com\/rss\/articles\/CBMixgFBVV95cUxPeHBhVF9NRzRPYjR3QWVWRmV1cjFMQm1KckNCazVXMEs2VWRhSUpNak9DQjg0TkVzdVpRMG1VaVZwUHBBVkxIYjhmSVU0Q0FFQ01EVXdZcEd6UFBOLUpzdk80eG9MQm5GcDBjREo2TkN3M3kxRXlvejFMM2FoV2h2eUVmRHdhVG9xY1JGSzlKaXlTMHFGTWhVRGV4QkRseEQ1VTBtZkFOWDRtVmktdHNKd0w3OThyYU5QRGpSYkcxd3lCYk9PU1E?oc=5\" target=\"_blank\" rel=\"nofollow noopener\">WTA Osaka &#8211; Le tableau, le direct et les r\u00e9sultats &#8211; D\u00e9j\u00e0 termin\u00e9 pour Linda Noskova<\/a>&nbsp;&nbsp;ski-nordique.net<\/li>\n<li><a href=\"https:\/\/news.google.com\/rss\/articles\/CBMihAFBVV95cUxPM2tmT1NzQ001T2tUWWhqMmlqblVSc0Qwa0dGd3hFc0VNeUxQN2dnZHF0bFBsS3R2LVk0aWJPcGo1bHkwbUwzdXpiVnBVQXA0U3B1MmM5Z0VqMENTQzd3cTVpQms5MzZYWFJLLVlsXzMwaWdSMlJ6bWZWeWp5d0JETVExMWQ?oc=5\" target=\"_blank\" rel=\"nofollow noopener\">Osaka tient son rang \u00e0 Osaka : la Japonaise \u00e9carte difficilement Lamens et rejoint les quarts<\/a>&nbsp;&nbsp;Tennis Temple<\/li>\n<\/ol>\n","protected":false},"excerpt":{"rendered":"Naomi Osaka, bless\u00e9e, d\u00e9clare forfait avant son quart de finale au tournoi WTA 250 d&rsquo;Osaka&nbsp;&nbsp;L&rsquo;\u00c9quipe WTA 250 d\u2019Osaka.&hellip;\n","protected":false},"author":2,"featured_media":469347,"comment_status":"","ping_status":"","sticky":false,"template":"","format":"standard","meta":{"footnotes":""},"categories":[1415],"tags":[1011,27,60,1467],"class_list":{"0":"post-469346","1":"post","2":"type-post","3":"status-publish","4":"format-standard","5":"has-post-thumbnail","7":"category-tennis","8":"tag-fr","9":"tag-france","10":"tag-sports","11":"tag-tennis"},"share_on_mastodon":{"url":"https:\/\/pubeurope.com\/@fr\/115388193373982071","error":""},"_links":{"self":[{"href":"https:\/\/www.europesays.com\/fr\/wp-json\/wp\/v2\/posts\/469346","targetHints":{"allow":["GET"]}}],"collection":[{"href":"https:\/\/www.europesays.com\/fr\/wp-json\/wp\/v2\/posts"}],"about":[{"href":"https:\/\/www.europesays.com\/fr\/wp-json\/wp\/v2\/types\/post"}],"author":[{"embeddable":true,"href":"https:\/\/www.europesays.com\/fr\/wp-json\/wp\/v2\/users\/2"}],"replies":[{"embeddable":true,"href":"https:\/\/www.europesays.com\/fr\/wp-json\/wp\/v2\/comments?post=469346"}],"version-history":[{"count":0,"href":"https:\/\/www.europesays.com\/fr\/wp-json\/wp\/v2\/posts\/469346\/revisions"}],"wp:featuredmedia":[{"embeddable":true,"href":"https:\/\/www.europesays.com\/fr\/wp-json\/wp\/v2\/media\/469347"}],"wp:attachment":[{"href":"https:\/\/www.europesays.com\/fr\/wp-json\/wp\/v2\/media?parent=469346"}],"wp:term":[{"taxonomy":"category","embeddable":true,"href":"https:\/\/www.europesays.com\/fr\/wp-json\/wp\/v2\/categories?post=469346"},{"taxonomy":"post_tag","embeddable":true,"href":"https:\/\/www.europesays.com\/fr\/wp-json\/wp\/v2\/tags?post=469346"}],"curies":[{"name":"wp","href":"https:\/\/api.w.org\/{rel}","templated":true}]}}