{"id":469350,"date":"2025-10-17T06:56:14","date_gmt":"2025-10-17T06:56:14","guid":{"rendered":"https:\/\/www.europesays.com\/fr\/469350\/"},"modified":"2025-10-17T06:56:14","modified_gmt":"2025-10-17T06:56:14","slug":"f1-tour-de-force-dalpine-qui-met-des-etoiles-dans-nos-yeux-a-defaut-detincelles-sur-la-piste","status":"publish","type":"post","link":"https:\/\/www.europesays.com\/fr\/469350\/","title":{"rendered":"F1 Tour de force d&rsquo;Alpine qui met des \u00e9toiles dans nos yeux, \u00e0 d\u00e9faut d&rsquo;\u00e9tincelles sur la piste !"},"content":{"rendered":"<p>A l\u2019occasion du Grand-Prix des Am\u00e9riques de F1, \u00e0 Austin, l\u2019\u00e9quipe Alpine a sorti une livr\u00e9e sp\u00e9ciale et d\u00e9di\u00e9e, d\u00e9voil\u00e9e voil\u00e0 quelques heures. C\u2019est ainsi qu\u2019en partenariat avec Mercado Libre le Team d\u2019Enstone redonne des couleurs \u00e0 son A525, aux r\u00e9sultats bien moribonds, sur la piste. Le jaune embl\u00e9matique de Mercado Libre fait donc son apparition \u00e0 Austin ainsi que pour les manches de Mexico et Sao Paulo.<\/p>\n<p>Alpine F1 se lance dans une course tr\u00e8s sp\u00e9ciale<\/p>\n<p>Tout cela dans le cadre du lancement de la campagne \u00ab Unidos por la Velocidad \u00bb (unis par la vitesse) pens\u00e9 par Mercado Libre et l\u2019agence GUT, autour du pilote Alpine argentin, <a href=\"https:\/\/lemagsportauto.ouest-france.fr\/tag\/franco-colapinto\" target=\"_blank\" rel=\"noopener\">Franco Colapinto<\/a>, de m\u00eame que le footballeur br\u00e9silien Neymar Jr. Un film qui voit l\u2019\u00e9quipe tricolore Alpine participer \u00e0 une course l\u2019opposant \u00e0 l\u2019ensemble de la flotte de Mercado Libre. Place aux diff\u00e9rentes r\u00e9actions suivies des images de la dite livr\u00e9e.<\/p>\n<blockquote class=\"twitter-tweet\">\n<p dir=\"ltr\" lang=\"en\">Looking good <a href=\"https:\/\/twitter.com\/FranColapinto?ref_src=twsrc%5Etfw\" target=\"_blank\" rel=\"noopener\">@FranColapinto<\/a> \ud83e\udd29<\/p>\n<p>Introducing his <a href=\"https:\/\/twitter.com\/ML_Argentina?ref_src=twsrc%5Etfw\" target=\"_blank\" rel=\"noopener\">@ML_Argentina<\/a> helmet for the next three weekends \ud83c\uddfa\ud83c\uddf8\ud83c\uddf2\ud83c\uddfd\ud83c\udde7\ud83c\uddf7 <a href=\"https:\/\/t.co\/l66J8AXAc9\">pic.twitter.com\/l66J8AXAc9<\/a><\/p>\n<p>\u2014 BWT Alpine Formula One Team (@AlpineF1Team) <a href=\"https:\/\/twitter.com\/AlpineF1Team\/status\/1978972898300694809?ref_src=twsrc%5Etfw\" target=\"_blank\" rel=\"noopener\">October 16, 2025<\/a><\/p>\n<\/blockquote>\n<p><strong>Sean Summers<\/strong><strong>\u00a0<\/strong><strong>directeur marketing de Mercado Libre :\u00a0<\/strong>\u00ab Nous partageons la passion de la vitesse et de l\u2019excellence avec BWT Alpine Formula One Team et Franco Colapinto. Ce partenariat nous permet d\u2019insuffler l\u2019esprit de nos livraisons rapides et innovations dans la plus grande comp\u00e9tition automobile de la plan\u00e8te qu\u2019est la Formule Un. \u00bb<\/p>\n<p><strong>Guy Martin, , directeur marketing monde de BWT Alpine Formula One Team:\u00a0<\/strong>\u00ab Nous nous sommes associ\u00e9s \u00e0 Mercado Libre dans le cadre d\u2019une strat\u00e9gie globale touchant de nouvelles audiences passionn\u00e9es de Formule 1. Nous partageons la vision d\u2019innovation, de vitesse et de travail d\u2019\u00e9quipe de Mercado Libre, et nous sommes ravis de donner vie \u00e0 cette collaboration \u00e0 Austin, Mexico et S\u00e3o Paulo. \u00bb<\/p>\n<p><strong>Franco Colapinto, pilote BWT Alpine Formula One Team driver :\u00a0<\/strong>\u00ab Porter les couleurs de Mercado Libre en piste m\u2019est vraiment particulier, car il s\u2019agit d\u2019une marque n\u00e9e dans mon pays et qui repr\u00e9sente aujourd\u2019hui des millions de Latino-Am\u00e9ricains \u00e0 l\u2019international. Pour tout pilote, courir en Formule 1 est un r\u00eave. Je vis le mien, avec effort, d\u00e9vouement et le soutien d\u2019une \u00e9quipe incroyable. Le faire avec Mercado Libre, qui continue de me soutenir et partage les m\u00eames valeurs d\u2019engagement et de pers\u00e9v\u00e9rance, donne encore plus de sens \u00e0 cette aventure. \u00bb<\/p>\n<p>Article publi\u00e9 le 17\/10\/2025 \u00e0 5h29<\/p>\n<p>                                                            <script async src=\"https:\/\/platform.twitter.com\/widgets.js\" charset=\"utf-8\"><\/script><\/p>\n","protected":false},"excerpt":{"rendered":"A l\u2019occasion du Grand-Prix des Am\u00e9riques de F1, \u00e0 Austin, l\u2019\u00e9quipe Alpine a sorti une livr\u00e9e sp\u00e9ciale et&hellip;\n","protected":false},"author":2,"featured_media":469351,"comment_status":"","ping_status":"","sticky":false,"template":"","format":"standard","meta":{"footnotes":""},"categories":[1412],"tags":[2674,1451,1452,1453,1454,1455,1011,27,60],"class_list":{"0":"post-469350","1":"post","2":"type-post","3":"status-publish","4":"format-standard","5":"has-post-thumbnail","7":"category-f1","8":"tag-alpine","9":"tag-f1","10":"tag-formula-1","11":"tag-formula1","12":"tag-formule-1","13":"tag-formule1","14":"tag-fr","15":"tag-france","16":"tag-sports"},"share_on_mastodon":{"url":"https:\/\/pubeurope.com\/@fr\/115388205368494321","error":""},"_links":{"self":[{"href":"https:\/\/www.europesays.com\/fr\/wp-json\/wp\/v2\/posts\/469350","targetHints":{"allow":["GET"]}}],"collection":[{"href":"https:\/\/www.europesays.com\/fr\/wp-json\/wp\/v2\/posts"}],"about":[{"href":"https:\/\/www.europesays.com\/fr\/wp-json\/wp\/v2\/types\/post"}],"author":[{"embeddable":true,"href":"https:\/\/www.europesays.com\/fr\/wp-json\/wp\/v2\/users\/2"}],"replies":[{"embeddable":true,"href":"https:\/\/www.europesays.com\/fr\/wp-json\/wp\/v2\/comments?post=469350"}],"version-history":[{"count":0,"href":"https:\/\/www.europesays.com\/fr\/wp-json\/wp\/v2\/posts\/469350\/revisions"}],"wp:featuredmedia":[{"embeddable":true,"href":"https:\/\/www.europesays.com\/fr\/wp-json\/wp\/v2\/media\/469351"}],"wp:attachment":[{"href":"https:\/\/www.europesays.com\/fr\/wp-json\/wp\/v2\/media?parent=469350"}],"wp:term":[{"taxonomy":"category","embeddable":true,"href":"https:\/\/www.europesays.com\/fr\/wp-json\/wp\/v2\/categories?post=469350"},{"taxonomy":"post_tag","embeddable":true,"href":"https:\/\/www.europesays.com\/fr\/wp-json\/wp\/v2\/tags?post=469350"}],"curies":[{"name":"wp","href":"https:\/\/api.w.org\/{rel}","templated":true}]}}