{"id":469356,"date":"2025-10-17T06:59:10","date_gmt":"2025-10-17T06:59:10","guid":{"rendered":"https:\/\/www.europesays.com\/fr\/469356\/"},"modified":"2025-10-17T06:59:10","modified_gmt":"2025-10-17T06:59:10","slug":"veronique-nichanian-quitte-hermes-la-fin-dune-ere","status":"publish","type":"post","link":"https:\/\/www.europesays.com\/fr\/469356\/","title":{"rendered":"V\u00e9ronique Nichanian quitte Herm\u00e8s, la fin d\u2019une \u00e8re"},"content":{"rendered":"<p class=\"intro\">Apr\u00e8s 37\u00a0ans au sein de la maison du faubourg Saint-Honor\u00e9, la directrice artistique de la ligne masculine pr\u00e9sentera son dernier d\u00e9fil\u00e9 pour le sellier en janvier\u00a02026. Une femme au talent singulier, qui a donn\u00e9 ses lettres de noblesse au vestiaire des hommes en jouant sur une \u00e9quation subtile entre forme, fonction et po\u00e9sie\u2026 Magistrale.<\/p>\n<p>Le mercato de la mode aura-t-il une fin\u00a0? La fashion week parisienne qu\u2019on a appel\u00e9e cette saison \u00ab\u00a0fashion week du si\u00e8cle\u00a0\u00bb tant elle fut le th\u00e9\u00e2tre des grandes premi\u00e8res avec entre autres l\u2019arriv\u00e9e de <a href=\"https:\/\/www.parismatch.com\/vivre\/mode\/matthieu-blazy-peut-il-revolutionner-la-planete-chanel-258195\" rel=\"nofollow noopener\" target=\"_blank\">Mathieu Blazy chez Chanel<\/a> et <a href=\"https:\/\/www.parismatch.com\/vivre\/mode\/oserez-vous-entrer-dans-la-maison-dior-imaginee-par-jonathan-anderson-257979\" rel=\"nofollow noopener\" target=\"_blank\">Jonathan Anderson chez Dior<\/a>\u00a0fra\u00eechement boucl\u00e9e, la tr\u00eave ne semble toujours pas sign\u00e9e. La griffe italienne Fendi annon\u00e7ait mardi 14\u00a0octobre l\u2019arriv\u00e9e de la styliste Maria Grazia Chiuri \u00e0 la t\u00eate de la direction artistique de la maison romaine quelques mois apr\u00e8s son d\u00e9part chez Dior.<\/p>\n<p>Ce jeudi 16\u00a0octobre, le d\u00e9part de V\u00e9ronique Nichanian de la plus discr\u00e8te des maisons fran\u00e7aises, annonc\u00e9 dans les colonnes du Figaro, fait grand bruit. La directrice artistique qui se cache derri\u00e8re les collections homme depuis 1988, demeurait la femme rest\u00e9e le plus longtemps \u00e0 ce poste de la plan\u00e8te mode. Une long\u00e9vit\u00e9 qui en laissera plus d\u2019un r\u00eaveur.<\/p>\n<p>    La suite apr\u00e8s cette publicit\u00e9<\/p>\n<p>C\u2019est en effet apr\u00e8s avoir fait ses classes aux c\u00f4t\u00e9s de Nino Cerrutti, qu\u2019elle se voit embauch\u00e9e par Jean-Louis Dumas pour dessiner l\u2019univers de l\u2019homme pour la maison du 24 Faubourg Saint-Honor\u00e9. Son esth\u00e9tique sobre et moderne, ses costumes coup\u00e9s dans les mati\u00e8res les plus raffin\u00e9es, son go\u00fbt pour les couleurs et sa vision du style s\u00e9duisent une client\u00e8le Saint-Honor\u00e9ris comme dans le monde, l\u2019homme Herm\u00e8s rayonne.<\/p>\n<p>    La suite apr\u00e8s cette publicit\u00e9<\/p>\n<p>Pr\u00e9sent\u00e9e en juin dernier au Palais d\u2019Iena, sa collection printemps-\u00e9t\u00e9 2026 relevait une fois de plus le d\u00e9fi de\u00a0raconter l\u2019esprit d\u2019une marque iconique, de ses racines \u00e9questres \u00e0 l\u2019esprit voyageur\u2026 tout en jouant entre luxe, d\u00e9contraction\u2026 et s\u00e9duction. Son prochain et dernier opus, la collection automne hiver 2026 d\u00e9filera en janvier prochain et promet un grand moment d\u2019\u00e9motions.<\/p>\n","protected":false},"excerpt":{"rendered":"Apr\u00e8s 37\u00a0ans au sein de la maison du faubourg Saint-Honor\u00e9, la directrice artistique de la ligne masculine pr\u00e9sentera&hellip;\n","protected":false},"author":2,"featured_media":469357,"comment_status":"","ping_status":"","sticky":false,"template":"","format":"standard","meta":{"footnotes":""},"categories":[1359],"tags":[58,59,1011,27,973],"class_list":{"0":"post-469356","1":"post","2":"type-post","3":"status-publish","4":"format-standard","5":"has-post-thumbnail","7":"category-people","8":"tag-divertissement","9":"tag-entertainment","10":"tag-fr","11":"tag-france","12":"tag-people"},"share_on_mastodon":{"url":"https:\/\/pubeurope.com\/@fr\/115388217003160553","error":""},"_links":{"self":[{"href":"https:\/\/www.europesays.com\/fr\/wp-json\/wp\/v2\/posts\/469356","targetHints":{"allow":["GET"]}}],"collection":[{"href":"https:\/\/www.europesays.com\/fr\/wp-json\/wp\/v2\/posts"}],"about":[{"href":"https:\/\/www.europesays.com\/fr\/wp-json\/wp\/v2\/types\/post"}],"author":[{"embeddable":true,"href":"https:\/\/www.europesays.com\/fr\/wp-json\/wp\/v2\/users\/2"}],"replies":[{"embeddable":true,"href":"https:\/\/www.europesays.com\/fr\/wp-json\/wp\/v2\/comments?post=469356"}],"version-history":[{"count":0,"href":"https:\/\/www.europesays.com\/fr\/wp-json\/wp\/v2\/posts\/469356\/revisions"}],"wp:featuredmedia":[{"embeddable":true,"href":"https:\/\/www.europesays.com\/fr\/wp-json\/wp\/v2\/media\/469357"}],"wp:attachment":[{"href":"https:\/\/www.europesays.com\/fr\/wp-json\/wp\/v2\/media?parent=469356"}],"wp:term":[{"taxonomy":"category","embeddable":true,"href":"https:\/\/www.europesays.com\/fr\/wp-json\/wp\/v2\/categories?post=469356"},{"taxonomy":"post_tag","embeddable":true,"href":"https:\/\/www.europesays.com\/fr\/wp-json\/wp\/v2\/tags?post=469356"}],"curies":[{"name":"wp","href":"https:\/\/api.w.org\/{rel}","templated":true}]}}