{"id":469364,"date":"2025-10-17T07:03:12","date_gmt":"2025-10-17T07:03:12","guid":{"rendered":"https:\/\/www.europesays.com\/fr\/469364\/"},"modified":"2025-10-17T07:03:12","modified_gmt":"2025-10-17T07:03:12","slug":"en-studio-lara-fabian-ma-fait-pleurer-confie-ycare","status":"publish","type":"post","link":"https:\/\/www.europesays.com\/fr\/469364\/","title":{"rendered":"\u00ab\u00a0En studio, Lara Fabian m\u2019a fait pleurer\u00a0\u00bb, confie Ycare"},"content":{"rendered":"<p>Ce vendredi, Ycare d\u00e9voile son duo avec <a href=\"https:\/\/www.20minutes.fr\/arts-stars\/culture\/musique\/4173669-20250921-sers-plus-musique-guerir-transmettre-confie-lara-fabian\" class=\"c-link c-link--is-underlined\" target=\"_blank\" rel=\"noopener\">Lara Fabian<\/a> sur le titre Dans mes bras. Cette chanson, qui figure sur son album solo \u00e9ponyme sorti en juin, a \u00e9t\u00e9 r\u00e9orchestr\u00e9e au passage et gagne en intensit\u00e9. Cette nouvelle version, assure-t-il, n\u2019annonce pas une r\u00e9\u00e9dition du disque, elle correspond \u00e0 une envie spontan\u00e9e. Pour l\u2019occasion, l\u2019artiste de 42 ans a accord\u00e9 une interview \u00e0 20 Minutes.<\/p>\n<p>Ycare, r\u00e9v\u00e9l\u00e9 en\u00a02008 par \u00ab\u00a0<a href=\"https:\/\/www.20minutes.fr\/dossier\/nouvelle_star\" class=\"c-link c-link--is-underlined\" target=\"_blank\" rel=\"noopener\">Nouvelle Star<\/a>\u00a0\u00bb, est aujourd\u2019hui apais\u00e9, revenu de nombreux exc\u00e8s, dont une <a href=\"https:\/\/www.20minutes.fr\/dossier\/alcoolisme\" class=\"c-link c-link--is-underlined\" target=\"_blank\" rel=\"noopener\">addiction \u00e0 l\u2019alcool<\/a> racont\u00e9e dans son autobiographie Tout le monde na\u00eet avec des ailes sortie l\u2019an pass\u00e9. Apr\u00e8s le succ\u00e8s rencontr\u00e9 par deux albums de duos, il s\u2019est autoris\u00e9 \u00e0 intituler son disque avec son simple pseudonyme. \u00ab\u00a0Parce que j\u2019ai enfin eu le droit \u00e0 mon nom\u00a0\u00bb, dit-il. \u00ab\u00a0Cette fois-ci, je ne me suis pas cach\u00e9 derri\u00e8re un titre comme Lumi\u00e8re noire, Adieu je t\u2019aime, Des millions d\u2019ann\u00e9es, Nos futurs, Au bord du monde\u2026 Ce dernier album, c\u2019est mon premier.\u00a0\u00bb<\/p>\n<p>Pourquoi ce duo avec Lara Fabian maintenant\u00a0? Et sur cette chanson\u00a0?<\/p>\n<p>J\u2019ai rencontr\u00e9 Lara aux <a href=\"https:\/\/www.20minutes.fr\/dossier\/les_enfoires\" class=\"c-link c-link--is-underlined\" target=\"_blank\" rel=\"noopener\">Enfoir\u00e9s<\/a> il y a deux ans et, imm\u00e9diatement, intellectuellement, spirituellement, on a connect\u00e9. Je venais de terminer mon deuxi\u00e8me album de duos et j\u2019ai pens\u00e9 que c\u2019\u00e9tait dommage de ne pas en avoir fait un avec elle. Et puis, cet \u00e9t\u00e9, j\u2019ai pens\u00e9 \u00e0 Dans mes bras, qui est une d\u00e9claration d\u2019amour \u00e0 mon \u00e9pouse, au fait que c\u2019est incroyable quand je la chante sur sc\u00e8ne mais que je ne lui ai pas donn\u00e9 assez de force et puis que l\u2019amour, c\u2019est bien de le chanter \u00e0 deux. Alors peut-\u00eatre que cette chanson aurait d\u00fb \u00eatre en r\u00e9alit\u00e9 un duo. Je ne la vois pas comme un dialogue mais comme un monologue \u00e0 deux. Sans pr\u00e9venir mon label, ni mon management, j\u2019ai contact\u00e9 Lara en juillet, je lui ai envoy\u00e9 Dans mes bras en lui disant que j\u2019aimerais la chanter avec elle. Elle m\u2019a r\u00e9pondu en une note vocale\u00a0: \u00ab\u00a0Bonjour, c\u2019est magnifique et c\u2019est un oui\u00a0\u00bb.<\/p>\n<p class=\"mb-xxl@xs color-ultramarine font-weight-semi-bold@xs font-source-serif-pro heading-s@xs\">L\u2019acc\u00e8s \u00e0 ce contenu a \u00e9t\u00e9 bloqu\u00e9 afin de respecter votre choix de consentement<\/p>\n<p class=\"mb-m@xs text-l@xs\">En cliquant sur\u00ab J\u2019accepte \u00bb, vous acceptez le d\u00e9p\u00f4t de cookies par des services externes et aurez ainsi acc\u00e8s aux contenus de nos partenaires.<\/p>\n<p class=\"mb-xl@xs text-s@xs\">Plus d\u2019informations sur la page<a href=\"https:\/\/www.20minutes.fr\/gestion-cookies\" class=\"mx-xxs@xs color-ultramarine\" target=\"_blank\" rel=\"noopener\">Politique de gestion des cookies<\/a><\/p>\n<p>J\u2019accepteQuelle a \u00e9t\u00e9 votre r\u00e9action\u00a0?<\/p>\n<p>C\u2019\u00e9tait comme si le si\u00e8ge de \u00ab\u00a0<a href=\"https:\/\/www.20minutes.fr\/television\/the-voice\/\" class=\"c-link c-link--is-underlined\" target=\"_blank\" rel=\"noopener\">The Voice<\/a>\u00a0\u00bb se retournait. J\u2019ai ressenti une grande joie. Lara Fabian est une ic\u00f4ne, une des plus grandes voix de la francophonie dans le monde, historiquement, et \u00e9ternellement. Elle est une \u00e2me exceptionnelle. On a trouv\u00e9 un compromis dans les tonalit\u00e9s et elle a ce moment de fulgurance dans la voix qui m\u2019a fait pleurer en studio. Cela ne m\u2019\u00e9tait arriv\u00e9 qu\u2019une seule autre fois, avec <a href=\"https:\/\/www.20minutes.fr\/dossier\/zaz\" class=\"c-link c-link--is-underlined\" target=\"_blank\" rel=\"noopener\">Zaz<\/a>.<\/p>\n<p>Le mois dernier, dans une interview accord\u00e9e \u00e0 \u00ab\u00a020 Minutes\u00a0\u00bb, Lara Fabian disait ne plus faire de musique pour se gu\u00e9rir elle-m\u00eame mais pour aider les autres, \u00e0 travers les messages qu\u2019elle fait passer. C\u2019est un peu votre projet avec l\u2019album \u00ab\u00a0Ycare\u00a0\u00bb, non\u00a0?<\/p>\n<p>Je suis \u00e0 ce moment-l\u00e0 de ma vie. J\u2019ai travers\u00e9 mon d\u00e9sert duquel j\u2019aurais pu ne jamais revenir. J\u2019ai eu la chance et la t\u00e9nacit\u00e9 de revenir de mon enfer, de mes exc\u00e8s. J\u2019ai fait ce chemin pour revenir \u00e0 l\u2019autre, aimer, faire des duos, partager. Avant, j\u2019\u00e9tais un gars seul, dans le noir. Aujourd\u2019hui, mon ambition est de dire qu\u2019il est possible d\u2019\u00eatre heureux et d\u2019aimer et d\u2019aimer l\u2019autre en s\u2019aimant soi.<\/p>\n<p>Un tel discours, dans le cynisme ambiant, c\u2019est une forme de r\u00e9sistance\u00a0?<\/p>\n<p>\u00ab\u00a0Amour r\u00e9sistance\u00a0\u00bb, c\u2019est mon hashtag. Si j\u2019\u00e9tais Muse, j\u2019en aurais fait mon drapeau &#8211; ce groupe a fait \u00ab\u00a0Love is a resistance\u00a0\u00bb. C\u2019est facile aujourd\u2019hui de d\u00e9tester. Regardez comment tout le monde d\u00e9teste, a la haine de quelqu\u2019un, d\u2019un truc, d\u2019une situation. C\u2019est banal. Alors que \u00e7a demande un effort de dire qu\u2019on aime.<\/p>\n<p>Vous \u00eates confront\u00e9 aux haters sur les r\u00e9seaux sociaux ou dans la vie\u00a0?<\/p>\n<p>Ce ne sont pas des haters. Ce sont plut\u00f4t des gens qui demandent d\u2019aller plus loin. Et ce n\u2019est pas mon r\u00f4le. Je ne suis pas soldat. Je ne suis pas lanceur d\u2019alerte. Certains exigent que je prenne position. Il fallait que je prenne position le 7-Octobre, il faut en reprendre une autre aujourd\u2019hui, et une autre pour un gouvernement\u2026 Moi, j\u2019ai une guitare. Ce n\u2019est pas une arme. Personne ne demande \u00e0 un m\u00e9decin de prendre un poignard \u00e0 la place de son st\u00e9thoscope. Sinon, quand un hater m\u2019insulte, il s\u2019insulte surtout lui-m\u00eame. Quand tu es en paix avec toi-m\u00eame, tu ne peux pas \u00eatre en guerre avec quelqu\u2019un d\u2019autre.<\/p>\n<p>Les injonctions \u00e0 prendre position ont un impact sur votre sant\u00e9 mentale\u00a0? Cela vous p\u00e8se\u00a0?<\/p>\n<p>Non, parce que ce n\u2019est pas personnel. Et je sais que quand les gens viennent me voir sur sc\u00e8ne, ce n\u2019est pas moi qu\u2019ils viennent voir mais ce qu\u2019ils projettent sur moi.<\/p>\n<p>Beaucoup d\u2019artistes recherchent une validation \u00e0 travers le public\u2026<\/p>\n<p>Pas moi. D\u00e9j\u00e0, la notion de public n\u2019est pas correcte. Je pr\u00e9f\u00e8re dire \u00ab\u00a0les gens\u00a0\u00bb. Chacun a son individualit\u00e9. L\u00e0, je vois quelqu\u2019un [il me d\u00e9crit] qui s\u2019est habill\u00e9 le matin comme \u00e7a lui a plu de s\u2019habiller. Qui a d\u00e9cid\u00e9 d\u2019ouvrir deux boutons \u00e0 sa chemise bleue ray\u00e9e, qui a pris soin de se coiffer avec la raie sur le c\u00f4t\u00e9. Qui a choisi de se d\u00e9corer le bras de tatouages avec des choses qui ancrent son c\u0153ur. \u00c7a, pour moi, c\u2019est honorer la vie. Dans mes concerts, je joue la lumi\u00e8re allum\u00e9e, pour voir les gens, car on est l\u00e0 pour se retrouver, ensemble.<\/p>\n<p>Le Ycare de l\u2019\u00e9poque \u00ab\u00a0Nouvelle Star\u00a0\u00bb pensait pareil\u00a0?<\/p>\n<p>Du tout. C\u2019\u00e9tait tout le contraire. Ceux qui ne changent pas, c\u2019est dur pour eux. J\u2019avais 24 ans, j\u2019\u00e9tais fan de Saez, de <a href=\"https:\/\/www.20minutes.fr\/dossier\/muse\" class=\"c-link c-link--is-underlined\" target=\"_blank\" rel=\"noopener\">Muse<\/a>, de Placebo, de <a href=\"https:\/\/www.20minutes.fr\/dossier\/radiohead\" class=\"c-link c-link--is-underlined\" target=\"_blank\" rel=\"noopener\">Radiohead<\/a>, j\u2019avais tout ce rock dans mon c\u0153ur. J\u2019avais m\u00eame fait une chanson qui s\u2019appelait Les imb\u00e9ciles heureux. Je traitais d\u2019imb\u00e9ciles les gens heureux. Peut-\u00eatre qu\u2019aujourd\u2019hui, je suis le plus grand imb\u00e9cile heureux. \u00c0 l&rsquo;\u00e9poque, j\u2019\u00e9prouvais beaucoup de col\u00e8re, d\u2019incompr\u00e9hension. Je me posais des questions sur l\u2019univers, sur l\u2019injustice. Les gens qui tombent dans la haine crient \u00e0 l\u2019injustice. L\u2019absence de r\u00e9ponse les m\u00e8ne \u00e0 ces extr\u00e9mit\u00e9s, \u00e0 la haine, aux insultes, \u00e0 dire que c\u2019est la faute d\u2019un autre ou d\u2019un groupe de gens. J\u2019ai gu\u00e9ri de \u00e7a.<\/p>\n<\/p>\n<p>Vous disiez tout \u00e0 l\u2019heure avoir \u00e9t\u00e9 un artiste \u00ab\u00a0dans le noir\u00a0\u00bb. Vous avez beaucoup \u00e9crit pour d\u2019autres. Vous avez redout\u00e9 de ne jamais pouvoir accomplir ce que vous vouliez dans la musique, sur le devant de la sc\u00e8ne\u00a0?<\/p>\n<p>Oui, en permanence, jusqu\u2019\u00e0 ce que j\u2019arr\u00eate de demander quelque chose \u00e0 la musique. Aujourd\u2019hui, je n\u2019attends plus rien de mon travail. Parce que \u00e7a peut s\u2019arr\u00eater demain. J\u2019ai plus que r\u00e9alis\u00e9 mes r\u00eaves, les Z\u00e9niths, l\u2019Olympia\u2026 J\u2019\u00e9crivais des chansons, j\u2019\u00e9tais dans l\u2019ombre de ces artistes et j\u2019allais les regarder chanter, par procuration. La chance m\u2019a \u00e9t\u00e9 donn\u00e9e, entre guillemets, de survivre \u00e0 ma propre mort. D\u00e9j\u00e0, c\u2019est une b\u00e9n\u00e9diction, je me l\u00e8ve le matin, je suis content, je prends soin de mon corps, je fais attention \u00e0 \u00eatre une bonne personne, \u00e0 regarder les gens dans la rue, \u00e0 essayer d\u2019aider celui qui n\u2019a pas, de l\u2019orienter. La musique, pour moi aujourd\u2019hui, c\u2019est du bonus par rapport \u00e0 tout ce que j\u2019ai.<\/p>\n<p>Cette perception-l\u00e0 provient du travail que vous avez fait sur vous pour vous d\u00e9barrasser des d\u00e9mons de l\u2019alcool, de la drogue\u00a0?<\/p>\n<p>Dans Les Cit\u00e9s de l\u2019amour, je chante\u00a0: \u00ab\u00a0On ne devient que ce qu\u2019on est depuis le d\u00e9but.\u00a0\u00bb Tout \u00e7a, c\u2019\u00e9tait juste une sortie de route, ou plut\u00f4t, non, c\u2019\u00e9tait mon chemin, pas une sortie de route. Je devais le parcourir pour en sortir propre de tout. J\u2019ai tout nettoy\u00e9.<\/p>\n<p>Une phrase de \u00ab\u00a0Mon pays, c\u2019est l\u2019amour\u00a0\u00bb m\u2019a marqu\u00e9\u00a0: \u00ab\u00a0Au grand sourire des gens bless\u00e9s, c\u2019est comme \u00e7a qu\u2019on se reconna\u00eet\u00a0\u00bb. Vous parvenez \u00e0 d\u00e9celer qui sont les bless\u00e9s de la vie\u00a0?<\/p>\n<p>Quand je vois quelqu\u2019un se faire bousculer et sourire de cette bousculade, qu\u2019elle soit m\u00e9taphorique ou physique, je me dis\u00a0: \u00ab\u00a0Lui, il conna\u00eet, il sait ce que c\u2019est.\u00a0\u00bb J\u2019ai mis \u00ab\u00a0bless\u00e9s\u00a0\u00bb pour la rime, mais je parle de ceux qui ont exp\u00e9riment\u00e9, qui ont pass\u00e9 le tunnel.<\/p>\n<p><a href=\"https:\/\/www.20minutes.fr\/arts-stars\/culture\/musique\/\" class=\"c-link c-btn c-btn--primary\" target=\"_blank\" rel=\"noopener\">Nos articles sur l&rsquo;actualit\u00e9 musicale<\/a>En choisissant Ycare comme nom de sc\u00e8ne, vous vous pr\u00e9destiniez \u00e0 vous br\u00fbler les ailes\u00a0?<\/p>\n<p>C\u2019est fou \u00e7a. J\u2019ai choisi Ycare \u00e0 16 ans parce que j\u2019ai eu un accident de patin \u00e0 roulettes. C\u2019\u00e9tait presque pr\u00e9monitoire. Faites gaffe quand vous choisissez les pr\u00e9noms de vos enfants\u00a0! <a href=\"https:\/\/www.20minutes.fr\/dossier\/patrick_bruel\" class=\"c-link c-link--is-underlined\" target=\"_blank\" rel=\"noopener\">Patrick Bruel<\/a> et Patrick Fiori en plaisantaient avec moi. Ils m\u2019ont dit\u00a0: \u00ab\u00a0Tu as surv\u00e9cu, tu peux changer de nom et t\u2019appeler Phoenix, maintenant.\u00a0\u00bb<\/p>\n","protected":false},"excerpt":{"rendered":"Ce vendredi, Ycare d\u00e9voile son duo avec Lara Fabian sur le titre Dans mes bras. Cette chanson, qui&hellip;\n","protected":false},"author":2,"featured_media":469365,"comment_status":"","ping_status":"","sticky":false,"template":"","format":"standard","meta":{"footnotes":""},"categories":[1355],"tags":[1695,5551,251,58,59,1011,27,1361,873],"class_list":{"0":"post-469364","1":"post","2":"type-post","3":"status-publish","4":"format-standard","5":"has-post-thumbnail","7":"category-musique","8":"tag-chanson","9":"tag-chanson-francaise","10":"tag-culture","11":"tag-divertissement","12":"tag-entertainment","13":"tag-fr","14":"tag-france","15":"tag-music","16":"tag-musique"},"share_on_mastodon":{"url":"https:\/\/pubeurope.com\/@fr\/115388232742612399","error":""},"_links":{"self":[{"href":"https:\/\/www.europesays.com\/fr\/wp-json\/wp\/v2\/posts\/469364","targetHints":{"allow":["GET"]}}],"collection":[{"href":"https:\/\/www.europesays.com\/fr\/wp-json\/wp\/v2\/posts"}],"about":[{"href":"https:\/\/www.europesays.com\/fr\/wp-json\/wp\/v2\/types\/post"}],"author":[{"embeddable":true,"href":"https:\/\/www.europesays.com\/fr\/wp-json\/wp\/v2\/users\/2"}],"replies":[{"embeddable":true,"href":"https:\/\/www.europesays.com\/fr\/wp-json\/wp\/v2\/comments?post=469364"}],"version-history":[{"count":0,"href":"https:\/\/www.europesays.com\/fr\/wp-json\/wp\/v2\/posts\/469364\/revisions"}],"wp:featuredmedia":[{"embeddable":true,"href":"https:\/\/www.europesays.com\/fr\/wp-json\/wp\/v2\/media\/469365"}],"wp:attachment":[{"href":"https:\/\/www.europesays.com\/fr\/wp-json\/wp\/v2\/media?parent=469364"}],"wp:term":[{"taxonomy":"category","embeddable":true,"href":"https:\/\/www.europesays.com\/fr\/wp-json\/wp\/v2\/categories?post=469364"},{"taxonomy":"post_tag","embeddable":true,"href":"https:\/\/www.europesays.com\/fr\/wp-json\/wp\/v2\/tags?post=469364"}],"curies":[{"name":"wp","href":"https:\/\/api.w.org\/{rel}","templated":true}]}}