{"id":469368,"date":"2025-10-17T07:05:09","date_gmt":"2025-10-17T07:05:09","guid":{"rendered":"https:\/\/www.europesays.com\/fr\/469368\/"},"modified":"2025-10-17T07:05:09","modified_gmt":"2025-10-17T07:05:09","slug":"ou-en-est-lepidemie-en-france-voici-les-departements-les-plus-concernes","status":"publish","type":"post","link":"https:\/\/www.europesays.com\/fr\/469368\/","title":{"rendered":"o\u00f9 en est l&rsquo;\u00e9pid\u00e9mie en France ? Voici les d\u00e9partements les plus concern\u00e9s"},"content":{"rendered":"<p>            Par<br \/>\n        <strong><br \/>\n            <a href=\"https:\/\/actu.fr\/auteur\/redaction-actu\" title=\"Consulter tous les articles de R\u00e9daction Actu\" target=\"_blank\" rel=\"noopener\">R\u00e9daction Actu<\/a><br \/>\n        <\/strong><\/p>\n<p>        Publi\u00e9 le<\/p>\n<p>            17 oct. 2025 \u00e0 5h32<br \/>\n        ; mis \u00e0 jour le 17 oct. 2025 \u00e0 6h06    <\/p>\n<p><strong>Pic \u00e9pid\u00e9mique de <a href=\"https:\/\/actu.fr\/tag\/coronavirus-covid\" target=\"_blank\" rel=\"noopener\">Covid-19<\/a> en vue.<\/strong> La circulation virale dans les eaux us\u00e9es augmente de moins en moins, et devrait bient\u00f4t basculer \u00e0 la baisse. Comme l\u2019an dernier, <strong>le nombre de cas maximum devrait \u00eatre atteint<\/strong> en cette fin octobre\u00a02025.<\/p>\n<p class=\" wall-content\"><a href=\"https:\/\/www.santepubliquefrance.fr\/maladies-et-traumatismes\/maladies-et-infections-respiratoires\/covid-19\/le-scan\/#tabs\" target=\"_blank\" rel=\"noopener\">Sant\u00e9 publique France<\/a> a donn\u00e9 <a href=\"https:\/\/www.santepubliquefrance.fr\/maladies-et-traumatismes\/maladies-et-infections-respiratoires\/grippe\/documents\/bulletin-national\/infections-respiratoires-aigues-grippe-bronchiolite-covid-19-.-bulletin-du-15-octobre-2025\" target=\"_blank\" rel=\"noopener\">les derniers chiffres sur le Covid-19<\/a> et la grippe, pour lesquels <strong>une campagne de vaccination coupl\u00e9e a commenc\u00e9<\/strong> aupr\u00e8s des plus \u00e0 risque, principalement les plus de 65\u00a0ans mais aussi les femmes enceintes et beaucoup de malades chroniques.<\/p>\n<p class=\" wall-content\">C\u00f4t\u00e9 Covid, <strong>durant la semaine du 6 au 12\u00a0octobre 2025<\/strong>, les indicateurs ont diminu\u00e9 en m\u00e9decine de ville et sont rest\u00e9s stables \u00e0 l\u2019h\u00f4pital, \u00ab\u2009\u00e0 des niveaux globalement encore inf\u00e9rieurs \u00e0 ceux de l\u2019ann\u00e9e pr\u00e9c\u00e9dente \u00e0 la m\u00eame p\u00e9riode, mais avec des disparit\u00e9s selon les classes d\u2019\u00e2ge\u2009\u00bb.<\/p>\n<p>Ces d\u00e9partements plus touch\u00e9s<\/p>\n<p class=\" wall-content\">Mais <strong>certains d\u00e9partements<\/strong> semblent n\u00e9anmoins plus touch\u00e9s que d\u2019autres, selon Odiss\u00e9, le portail open data (aux donn\u00e9es ouvertes) de Sant\u00e9 publique France. Les donn\u00e9es permettent de comparer les taux de passages aux urgences pour cause de Covid-19.<\/p>\n<p class=\" wall-content\">\n<p>Si la carte ne s\u2019affiche pas correctement, <a href=\"https:\/\/public.flourish.studio\/visualisation\/25684513\/\" target=\"_blank\" rel=\"noopener\">cliquez ici<\/a>.<\/p>\n<p class=\" wall-content\">Comme on peut le voir sur la carte r\u00e9alis\u00e9e par <a href=\"http:\/\/actu.fr\" target=\"_blank\" rel=\"noopener\">actu.fr<\/a> sur la base de ces donn\u00e9es (ci-dessus), ce sont<strong> le Jura, l\u2019Allier, l\u2019Ard\u00e8che, la Meuse puis les Alpes-de-Hautes-Provence <\/strong>qui sont<strong> actuellement les plus touch\u00e9s<\/strong> selon cet indicateur.<\/p>\n<p>Votre r\u00e9gion, votre actu !<\/p>\n<p>Recevez chaque jour les infos qui comptent pour vous.<\/p>\n<p>\t<a href=\"https:\/\/actu.fr\/newsletter\" class=\"ac-btn ac-btn--corner ac-btn--medium ac-btn--blue800\" target=\"_blank\" rel=\"noopener\">S&rsquo;incrire<\/a><br \/>\nUne hausse des d\u00e9c\u00e8s li\u00e9s au Covid<\/p>\n<p class=\" wall-content\">Et \u00ab\u2009m\u00eame si la circulation du SARS-CoV-2 depuis mi-juillet n\u2019a <strong>pas eu de r\u00e9percussion notable sur le syst\u00e8me de soins<\/strong>, on observe toutefois ces derni\u00e8res semaines <strong>une l\u00e9g\u00e8re augmentation de la part des d\u00e9c\u00e8s de Covid-19<\/strong> certifi\u00e9s \u00e9lectroniquement\u2009\u00bb, a point\u00e9 l\u2019agence sanitaire.<\/p>\n<p class=\" wall-content\">En effet, du 6 au 12\u00a0octobre 2025, le Covid \u00e9tait mentionn\u00e9 dans 2,3\u2009% de ces d\u00e9c\u00e8s (164 d\u00e9c\u00e8s), contre 1,8\u2009% <a href=\"https:\/\/actu.fr\/societe\/coronavirus\/carte-nouvelle-vague-de-covid-19-voici-les-departements-les-plus-touches-par-l-epidemie_63265142.html\" target=\"_blank\" rel=\"noopener\">la semaine pr\u00e9c\u00e9dente<\/a> (122 d\u00e9c\u00e8s).<\/p>\n<p class=\" wall-content\">Jusqu\u2019ici, les cas de grippe restent \u00ab\u2009sporadiques\u2009\u00bb dans l\u2019Hexagone, comme \u00ab habituellement \u00e0 cette p\u00e9riode\u2009\u00bb, et en Outre-mer \u2014 except\u00e9 \u00e0 La R\u00e9union, sortie d\u00e9but octobre d\u2019\u00e9pid\u00e9mie.<\/p>\n<p class=\" wall-content\">Personnalisez votre actualit\u00e9 en ajoutant vos villes et m\u00e9dias en favori avec <a href=\"https:\/\/moncompte.actu.fr\" title=\"D\u00e9couvez Mon Actu\" rel=\"nofollow noopener\" data-trk=\"{&quot;cta&quot;:{&quot;action&quot;:&quot;https:\\\/\\\/moncompte.actu.fr&quot;,&quot;category&quot;:&quot;mon compte&quot;,&quot;from&quot;:&quot;article footer&quot;,&quot;name&quot;:&quot;Mon actu&quot;,&quot;type&quot;:&quot;cta&quot;}}\" target=\"_blank\">Mon Actu<\/a>.<\/p>\n","protected":false},"excerpt":{"rendered":"Par R\u00e9daction Actu Publi\u00e9 le 17 oct. 2025 \u00e0 5h32 ; mis \u00e0 jour le 17 oct. 2025&hellip;\n","protected":false},"author":2,"featured_media":469369,"comment_status":"","ping_status":"","sticky":false,"template":"","format":"standard","meta":{"footnotes":""},"categories":[10],"tags":[4379,4400,1011,27,72,71,104],"class_list":{"0":"post-469368","1":"post","2":"type-post","3":"status-publish","4":"format-standard","5":"has-post-thumbnail","7":"category-sante","8":"tag-coronavirus-covid","9":"tag-covid","10":"tag-fr","11":"tag-france","12":"tag-health","13":"tag-sante","14":"tag-societe"},"share_on_mastodon":{"url":"https:\/\/pubeurope.com\/@fr\/115388240654291025","error":""},"_links":{"self":[{"href":"https:\/\/www.europesays.com\/fr\/wp-json\/wp\/v2\/posts\/469368","targetHints":{"allow":["GET"]}}],"collection":[{"href":"https:\/\/www.europesays.com\/fr\/wp-json\/wp\/v2\/posts"}],"about":[{"href":"https:\/\/www.europesays.com\/fr\/wp-json\/wp\/v2\/types\/post"}],"author":[{"embeddable":true,"href":"https:\/\/www.europesays.com\/fr\/wp-json\/wp\/v2\/users\/2"}],"replies":[{"embeddable":true,"href":"https:\/\/www.europesays.com\/fr\/wp-json\/wp\/v2\/comments?post=469368"}],"version-history":[{"count":0,"href":"https:\/\/www.europesays.com\/fr\/wp-json\/wp\/v2\/posts\/469368\/revisions"}],"wp:featuredmedia":[{"embeddable":true,"href":"https:\/\/www.europesays.com\/fr\/wp-json\/wp\/v2\/media\/469369"}],"wp:attachment":[{"href":"https:\/\/www.europesays.com\/fr\/wp-json\/wp\/v2\/media?parent=469368"}],"wp:term":[{"taxonomy":"category","embeddable":true,"href":"https:\/\/www.europesays.com\/fr\/wp-json\/wp\/v2\/categories?post=469368"},{"taxonomy":"post_tag","embeddable":true,"href":"https:\/\/www.europesays.com\/fr\/wp-json\/wp\/v2\/tags?post=469368"}],"curies":[{"name":"wp","href":"https:\/\/api.w.org\/{rel}","templated":true}]}}