{"id":469374,"date":"2025-10-17T07:08:11","date_gmt":"2025-10-17T07:08:11","guid":{"rendered":"https:\/\/www.europesays.com\/fr\/469374\/"},"modified":"2025-10-17T07:08:11","modified_gmt":"2025-10-17T07:08:11","slug":"cote-dor-ne-tardez-pas-a-regarder-cette-comete-dans-le-ciel-vous-ne-la-reverrez-jamais","status":"publish","type":"post","link":"https:\/\/www.europesays.com\/fr\/469374\/","title":{"rendered":"C\u00f4te-d&rsquo;Or. Ne tardez pas \u00e0 regarder cette com\u00e8te dans le ciel, vous ne la reverrez jamais !"},"content":{"rendered":"<p>Avis aux amateurs d&rsquo;astronomie. Depuis quelques jours, une petite nouvelle a fait son apparition dans le ciel de C\u00f4te-d&rsquo;Or : la com\u00e8te C\/2025 A6, \u00e9galement appel\u00e9e Lemmon. Une com\u00e8te d\u00e9couverte seulement cette ann\u00e9e, le 3 janvier 2025, par un r\u00e9seau de t\u00e9lescopes automatiques dans l&rsquo;Arizona.<\/p>\n<p>Quelques mois plus tard, elle est d\u00e9sormais bien visible, y compris en C\u00f4te-d&rsquo;Or. Selon <a href=\"https:\/\/www.bienpublic.com\/science-et-technologie\/2025\/05\/23\/en-50-ans-la-societe-astronomique-de-bourgogne-a-permis-de-semer-des-etoiles-dans-les-yeux-de-milliers-de-personnes\" target=\"_blank\" rel=\"nofollow noopener\">la Soci\u00e9t\u00e9 astronomique de Bourgogne (SAB)<\/a>, \u00ab Lemmon sera au plus proche de la Terre le 21 octobre. Elle passera \u00e0 environ 90 millions de kilom\u00e8tres de nous. Puis, elle passera derri\u00e8re le soleil le 8 novembre et donc son \u00e9clat va faiblir. Il faut donc la regarder entre maintenant et le 8 novembre.\u00a0\u00bb<\/p>\n<p>Quel mat\u00e9riel pour l&rsquo;observer et&#8230; o\u00f9 regarder ?<\/p>\n<p><strong>Comment la voir ?<\/strong> Pour l&rsquo;heure, il est tout \u00e0 fait possible de l&rsquo;observer avec des jumelles selon la SAB. Qui esp\u00e8re qu&rsquo;elle sera tr\u00e8s bient\u00f4t visible \u00e0 l&rsquo;oeil nu. \u00ab\u00a0Th\u00e9oriquement \u00e7a peut, mais avec les com\u00e8tes, on ne peut jamais affirmer les choses avec certitudes car ce sont des astres assez changeants. Normalement, la com\u00e8te devrait devenir de plus en plus brillante au fil des jours, sauf s\u2019il se passe quelque chose de pas top pour elle comme une fragmentation. Mais on peut aussi avoir une belle surprise comme un d\u00e9gazage qui la rendrait plus brillante. \u00bb<\/p>\n<p>Et d&rsquo;ajouter : \u00ab Elle est assez simple \u00e0 rep\u00e9rer car elle ne pr\u00e9sente pas une forme bien ronde comme une \u00e9toile. Elle pr\u00e9sente un petit voile diffus. \u00bb<\/p>\n<p><strong> Et pour la rep\u00e9rer ? <\/strong>Il suffit de suivre les indications de la SAB. \u00ab\u00a0En ce moment, on la voit le soir, sous le manche de la grande ourse (grande casserole). Elle se d\u00e9calera progressivement en direction de l\u2019\u00e9toile Arcturus, une \u00e9toile bien brillante situ\u00e9e plein ouest au coucher du soleil. Elle est aussi visible le matin entre 6 et 7 heures, jusqu&rsquo;au 29 octobre, toujours au m\u00eame endroit dans la grande ourse.\u00a0\u00bb<\/p>\n<p>  Prochain passage dans plus de 1 000 ans !<\/p>\n<p>Et s&rsquo;il reste un conseil, c&rsquo;est de ne pas laisser passer votre chance. En effet, Lemmon est une com\u00e8te dite non p\u00e9riodique ou \u00e0 longue p\u00e9riode. En clair, son orbite est de plus de 200 ans. Plus longue donc que <a href=\"https:\/\/www.bienpublic.com\/environnement\/2024\/10\/14\/l-exceptionnelle-comete-tsuchinshan-atlas-apercue-dans-le-ciel-de-cote-d-or\" target=\"_blank\" rel=\"nofollow noopener\">la com\u00e8te du si\u00e8cle<\/a>, pass\u00e9e en 2024 dans notre ciel. Et dans le cas de Lemmon, la p\u00e9riode est encore plus longue puisque <a href=\"https:\/\/www.cite-espace.com\/actualites-spatiales\/lemmon-et-swan-deux-cometes-dans-le-ciel-doctobre\/\" target=\"_blank\" rel=\"nofollow noopener\">la Cit\u00e9 de l&rsquo;Espace<\/a> \u00e9voque une p\u00e9riode orbitale estim\u00e9e \u00e0 1 350 ans. Ce qui ne la ferait pas revenir vers la Terre avant l&rsquo;an 3375&#8230; <\/p>\n<p>Et la m\u00eame source d&rsquo;expliquer que son passage pr\u00e8s du soleil pourrait r\u00e9duire cette dur\u00e9e \u00e0 1 150 ans. Pas s\u00fbr que nous soyons encore l\u00e0 dans tous les cas&#8230; <\/p>\n","protected":false},"excerpt":{"rendered":"Avis aux amateurs d&rsquo;astronomie. Depuis quelques jours, une petite nouvelle a fait son apparition dans le ciel de&hellip;\n","protected":false},"author":2,"featured_media":469375,"comment_status":"","ping_status":"","sticky":false,"template":"","format":"standard","meta":{"footnotes":""},"categories":[7],"tags":[2931,436,107,1011,27,8423,43,40,767,41,39,273,42,44],"class_list":{"0":"post-469374","1":"post","2":"type-post","3":"status-publish","4":"format-standard","5":"has-post-thumbnail","7":"category-sciences-et-technologies","8":"tag-cote-dor","9":"tag-environnement","10":"tag-fil-info","11":"tag-fr","12":"tag-france","13":"tag-meteorologie-climat","14":"tag-science","15":"tag-science-and-technology","16":"tag-science-et-technologie","17":"tag-sciences","18":"tag-sciences-et-technologies","19":"tag-selection-de-la-redaction","20":"tag-technologies","21":"tag-technology"},"share_on_mastodon":{"url":"https:\/\/pubeurope.com\/@fr\/115388252525252121","error":""},"_links":{"self":[{"href":"https:\/\/www.europesays.com\/fr\/wp-json\/wp\/v2\/posts\/469374","targetHints":{"allow":["GET"]}}],"collection":[{"href":"https:\/\/www.europesays.com\/fr\/wp-json\/wp\/v2\/posts"}],"about":[{"href":"https:\/\/www.europesays.com\/fr\/wp-json\/wp\/v2\/types\/post"}],"author":[{"embeddable":true,"href":"https:\/\/www.europesays.com\/fr\/wp-json\/wp\/v2\/users\/2"}],"replies":[{"embeddable":true,"href":"https:\/\/www.europesays.com\/fr\/wp-json\/wp\/v2\/comments?post=469374"}],"version-history":[{"count":0,"href":"https:\/\/www.europesays.com\/fr\/wp-json\/wp\/v2\/posts\/469374\/revisions"}],"wp:featuredmedia":[{"embeddable":true,"href":"https:\/\/www.europesays.com\/fr\/wp-json\/wp\/v2\/media\/469375"}],"wp:attachment":[{"href":"https:\/\/www.europesays.com\/fr\/wp-json\/wp\/v2\/media?parent=469374"}],"wp:term":[{"taxonomy":"category","embeddable":true,"href":"https:\/\/www.europesays.com\/fr\/wp-json\/wp\/v2\/categories?post=469374"},{"taxonomy":"post_tag","embeddable":true,"href":"https:\/\/www.europesays.com\/fr\/wp-json\/wp\/v2\/tags?post=469374"}],"curies":[{"name":"wp","href":"https:\/\/api.w.org\/{rel}","templated":true}]}}