{"id":469378,"date":"2025-10-17T07:10:14","date_gmt":"2025-10-17T07:10:14","guid":{"rendered":"https:\/\/www.europesays.com\/fr\/469378\/"},"modified":"2025-10-17T07:10:14","modified_gmt":"2025-10-17T07:10:14","slug":"aux-etats-unis-le-traitre-john-bolton-troisieme-opposant-a-donald-trump-a-etre-inculpe-liberation","status":"publish","type":"post","link":"https:\/\/www.europesays.com\/fr\/469378\/","title":{"rendered":"Aux Etats-Unis, le \u00abtra\u00eetre\u00bb John Bolton, troisi\u00e8me opposant \u00e0 Donald Trump \u00e0 \u00eatre inculp\u00e9 &#8211; Lib\u00e9ration"},"content":{"rendered":"<ol>\n<li><a href=\"https:\/\/news.google.com\/rss\/articles\/CBMiggJBVV95cUxNSU5KQ2Z2ai1ObDEwRTZBOTRiOG9tcl9aSXNlU1AyZXVadm16RUZFaUFlX1lKM19CTVdhZTVsNHU5Uzd6X2hwSmM3UTBRbUszblpPMllOUUt1Y2tMZWdGaDF5QkR6bktBTUJIRngyY2ctdzkwM18ySWQ5SEVkV1BXWXllRHh0TWFPMUNXMmpyMWl2MWZzVUtfTVJUMkJLLXNRSlFmbXEtbFVsT2Fvc3ZKU2JfQzBUeHZacjJNaHJYdUpyWkE4ZGx4UnQxc0lUcXFBQzVMcXZlY0lUVHJPUEZ2ZmRXeWt5REM3YkIyNDd4bmdqZW13TllvM1FnaU5sQThXOGc?oc=5\" target=\"_blank\" rel=\"nofollow noopener\">Aux Etats-Unis, le \u00abtra\u00eetre\u00bb John Bolton, troisi\u00e8me opposant \u00e0 Donald Trump \u00e0 \u00eatre inculp\u00e9<\/a>&nbsp;&nbsp;Lib\u00e9ration<\/li>\n<li><a href=\"https:\/\/news.google.com\/rss\/articles\/CBMi3wFBVV95cUxOWGFxS1kwWHFXUi1uOEpSWkE4NG9tT0UtMU05bWdXVnBjbDd5R1hqR3VnS0JDazRjMDNjdTFHRzVDTWMzb0VIRGVyQXl5czhkYVJTZGJUcFIwYXRqNEVGNks4OE43bmYxODZPZEhjX2RFdVlVYW1JNmhPY0RuTkUybVV2WnVfWjBHRDNMbkJ4dFdqZzg0TVhCQi05d2lwMnkwY1psa1FoNVBJMnFQOC1wUGx4UGNLdTFMLXplM19NMVFLVHlhTGxjcDNJMzNRTkswNElMMnpEVGJkMlYtYlRR?oc=5\" target=\"_blank\" rel=\"nofollow noopener\">James Comey, John Bolton&#8230; Le rythme des inculpations de soi-disant \u00ab ennemis \u00bb de Donald Trump s\u2019acc\u00e9l\u00e8re<\/a>&nbsp;&nbsp;Le Figaro<\/li>\n<li><a href=\"https:\/\/news.google.com\/rss\/articles\/CBMi6wFBVV95cUxPbjV2Ty1nYS0zcExBc2lZODNxNUpucGV5eEc0ZFV3S1VUN0h1YjlNX0tlTHZRTUFjejF2VHRHSE0yRHMzZ0hNaFhQRnluM2FnYUxZODNwUUhVZVN4S2tnbWFCV3dmSnlXSmM5cktNZFczamNTLWZXY3FDQkVvdWRBcUlDYUYxLWY4UE9FSy1hSmtTcmRTV1hrSUNvZGNkNDBvZVJBMGxPUDZJTHFsQ0VWc3JWLXlVWUJNcFNNWlRNdWxYaE4zR0lQdG52TzRoeVlJS01YWGhQVlZNUjRqbVNSZ1NfeTJqOXVWUk9v?oc=5\" target=\"_blank\" rel=\"nofollow noopener\">John Bolton, Gaza, houthistes et banques espagnoles : les informations de la nuit<\/a>&nbsp;&nbsp;Courrier international<\/li>\n<li><a href=\"https:\/\/news.google.com\/rss\/articles\/CBMi3wFBVV95cUxOTzFUdnI3SWtSSUhJVk05WEg0NG80bjBFRkRvLXZ0aG04UE94bEF4XzdrMGxoa3M0aWVFVlFCZGhnRlJFU1E1WXk4SVJXWEszajM4SnB5VWwwN2F2TVA3V0xDLVZFWGNOQkZwLThmc2dqY2xINzQxNk1RNUVnQnpSRnhScy15azNtTWFuV1VtM0NJU1JESkJNNFMwUlJEaGhPMkdyY1BfUXV3a1I3bFQ5dHFJUnZjRi1SYjBVZS1KUzZYYVhGZkgtVEc3R0E5N01mQlYxcG1qcUdudkhyLThN?oc=5\" target=\"_blank\" rel=\"nofollow noopener\">John Bolton, ex-conseiller \u00e0 la Maison-Blanche, derni\u00e8re victime de la vengeance de Donald Trump<\/a>&nbsp;&nbsp;Mediapart<\/li>\n<li><a href=\"https:\/\/news.google.com\/rss\/articles\/CBMiiwFBVV95cUxOWk9YMkdGSklxMDdwc3JJRlJ2aWhWZWFXRy1SSk1aZVdEU2RTcnFFYnQ1b2FSalVfT01VOHp5enkzX3UtbWJQeXNVcEFaeXAwNFB0aEhHZFF1Y2J5d1o3eVZlTWVOSVVLSjNkTzgxdmxMZ0JpVjlEUDZPLWFCMWRySHFsMjBFSC1sQmdv?oc=5\" target=\"_blank\" rel=\"nofollow noopener\">John Bolton, ex-conseill\u00e9 de Donald Trump inculp\u00e9<\/a>&nbsp;&nbsp;Euronews.com<\/li>\n<\/ol>\n","protected":false},"excerpt":{"rendered":"Aux Etats-Unis, le \u00abtra\u00eetre\u00bb John Bolton, troisi\u00e8me opposant \u00e0 Donald Trump \u00e0 \u00eatre inculp\u00e9&nbsp;&nbsp;Lib\u00e9ration James Comey, John Bolton&#8230;&hellip;\n","protected":false},"author":2,"featured_media":469379,"comment_status":"","ping_status":"","sticky":false,"template":"","format":"standard","meta":{"footnotes":""},"categories":[5],"tags":[11,75,73,1011,27,14,12,28],"class_list":{"0":"post-469378","1":"post","2":"type-post","3":"status-publish","4":"format-standard","5":"has-post-thumbnail","7":"category-international","8":"tag-actualites","9":"tag-donald-trump","10":"tag-etats-unis","11":"tag-fr","12":"tag-france","13":"tag-international","14":"tag-news","15":"tag-world"},"share_on_mastodon":{"url":"https:\/\/pubeurope.com\/@fr\/115388260232582152","error":""},"_links":{"self":[{"href":"https:\/\/www.europesays.com\/fr\/wp-json\/wp\/v2\/posts\/469378","targetHints":{"allow":["GET"]}}],"collection":[{"href":"https:\/\/www.europesays.com\/fr\/wp-json\/wp\/v2\/posts"}],"about":[{"href":"https:\/\/www.europesays.com\/fr\/wp-json\/wp\/v2\/types\/post"}],"author":[{"embeddable":true,"href":"https:\/\/www.europesays.com\/fr\/wp-json\/wp\/v2\/users\/2"}],"replies":[{"embeddable":true,"href":"https:\/\/www.europesays.com\/fr\/wp-json\/wp\/v2\/comments?post=469378"}],"version-history":[{"count":0,"href":"https:\/\/www.europesays.com\/fr\/wp-json\/wp\/v2\/posts\/469378\/revisions"}],"wp:featuredmedia":[{"embeddable":true,"href":"https:\/\/www.europesays.com\/fr\/wp-json\/wp\/v2\/media\/469379"}],"wp:attachment":[{"href":"https:\/\/www.europesays.com\/fr\/wp-json\/wp\/v2\/media?parent=469378"}],"wp:term":[{"taxonomy":"category","embeddable":true,"href":"https:\/\/www.europesays.com\/fr\/wp-json\/wp\/v2\/categories?post=469378"},{"taxonomy":"post_tag","embeddable":true,"href":"https:\/\/www.europesays.com\/fr\/wp-json\/wp\/v2\/tags?post=469378"}],"curies":[{"name":"wp","href":"https:\/\/api.w.org\/{rel}","templated":true}]}}