{"id":469380,"date":"2025-10-17T07:11:12","date_gmt":"2025-10-17T07:11:12","guid":{"rendered":"https:\/\/www.europesays.com\/fr\/469380\/"},"modified":"2025-10-17T07:11:12","modified_gmt":"2025-10-17T07:11:12","slug":"innocent-ou-coupable-lheure-du-verdict-approche","status":"publish","type":"post","link":"https:\/\/www.europesays.com\/fr\/469380\/","title":{"rendered":"Innocent ou coupable\u00a0? L\u2019heure du verdict approche\u2026"},"content":{"rendered":"<p>Un acquittement serait synonyme de lib\u00e9ration imm\u00e9diate<\/p>\n<p> \u00abLe crime parfait attendra\u00a0\u00bb, a pos\u00e9 mercredi l\u2019avocat g\u00e9n\u00e9ral Pierre Aurignac. Le minist\u00e8re public a requis trente ans de r\u00e9clusion criminelle contre l\u2019accus\u00e9. Mais si les dix jur\u00e9s, parmi lesquels trois magistrats professionnels, prononcent un verdict d\u2019acquittement, alors C\u00e9dric Jubillar serait imm\u00e9diatement lib\u00e9r\u00e9 apr\u00e8s quatre ans et demi de d\u00e9tention provisoire\u00a0?<\/p>\n<p>La d\u00e9fense a torpill\u00e9 le faisceau d\u2019indices jeudi<\/p>\n<p>Lunettes, cris dans la nuit, sens de stationnement de la voiture, t\u00e9l\u00e9phonie\u2026 Dans une plaidoirie chirurgicale, n\u2019\u00e9pargnant ni les gendarmes, ni certains t\u00e9moins, l\u2019avocate de la d\u00e9fense Emmanuelle Franck s\u2019est livr\u00e9e jeudi \u00e0 une d\u00e9molition en r\u00e8gle des indices pr\u00e9sent\u00e9s par l\u2019accusation. Son confr\u00e8re Alexandre Martin s\u2019est charg\u00e9 de mettre la pression sur le jury, rappelant que le doute devait profiter \u00e0 l\u2019accus\u00e9. \u00ab\u00a0Votre d\u00e9cision sera historique, elle dira votre conception de la justice, elle dira quel visage vous voulez donner \u00e0 cette justice\u00a0\u00bb, a-t-il lanc\u00e9 \u00e0 la cour.<\/p>\n<p>Bonjour, et bienvenue dans ce live consacr\u00e9 \u00e0 l\u2019ultime journ\u00e9e du proc\u00e8s de C\u00e9dric Jubillar<\/p>\n<p>Hors normes, le proc\u00e8s de C\u00e9dric Jubillar approche de son d\u00e9nouement. Le peintre plaquiste de 38 ans a-t-il tu\u00e9 son \u00e9pouse Delphine dans la nuit du 15 au 16\u00a0d\u00e9cembre 2020 et fait dispara\u00eetre son corps. Apr\u00e8s quatre ans et demi de d\u00e9n\u00e9gations et quatre semaines de proc\u00e8s, suivez avec nous le verdict de la cour d\u2019assises du Tarn pour ce crime sans cadavre.<\/p>\n","protected":false},"excerpt":{"rendered":"Un acquittement serait synonyme de lib\u00e9ration imm\u00e9diate \u00abLe crime parfait attendra\u00a0\u00bb, a pos\u00e9 mercredi l\u2019avocat g\u00e9n\u00e9ral Pierre Aurignac.&hellip;\n","protected":false},"author":2,"featured_media":469381,"comment_status":"","ping_status":"","sticky":false,"template":"","format":"standard","meta":{"footnotes":""},"categories":[4],"tags":[47,11,33044,2715,1011,27,2722,777,2721,12,2680,2694,25,8412,2312],"class_list":{"0":"post-469380","1":"post","2":"type-post","3":"status-publish","4":"format-standard","5":"has-post-thumbnail","7":"category-france","8":"tag-actualite","9":"tag-actualites","10":"tag-affaire-jubillar","11":"tag-disparition","12":"tag-fr","13":"tag-france","14":"tag-haute-garonne","15":"tag-meurtre","16":"tag-midi-pyrenees","17":"tag-news","18":"tag-occitanie","19":"tag-proces","20":"tag-republique-francaise","21":"tag-tarn","22":"tag-toulouse"},"share_on_mastodon":{"url":"https:\/\/pubeurope.com\/@fr\/115388264306569997","error":""},"_links":{"self":[{"href":"https:\/\/www.europesays.com\/fr\/wp-json\/wp\/v2\/posts\/469380","targetHints":{"allow":["GET"]}}],"collection":[{"href":"https:\/\/www.europesays.com\/fr\/wp-json\/wp\/v2\/posts"}],"about":[{"href":"https:\/\/www.europesays.com\/fr\/wp-json\/wp\/v2\/types\/post"}],"author":[{"embeddable":true,"href":"https:\/\/www.europesays.com\/fr\/wp-json\/wp\/v2\/users\/2"}],"replies":[{"embeddable":true,"href":"https:\/\/www.europesays.com\/fr\/wp-json\/wp\/v2\/comments?post=469380"}],"version-history":[{"count":0,"href":"https:\/\/www.europesays.com\/fr\/wp-json\/wp\/v2\/posts\/469380\/revisions"}],"wp:featuredmedia":[{"embeddable":true,"href":"https:\/\/www.europesays.com\/fr\/wp-json\/wp\/v2\/media\/469381"}],"wp:attachment":[{"href":"https:\/\/www.europesays.com\/fr\/wp-json\/wp\/v2\/media?parent=469380"}],"wp:term":[{"taxonomy":"category","embeddable":true,"href":"https:\/\/www.europesays.com\/fr\/wp-json\/wp\/v2\/categories?post=469380"},{"taxonomy":"post_tag","embeddable":true,"href":"https:\/\/www.europesays.com\/fr\/wp-json\/wp\/v2\/tags?post=469380"}],"curies":[{"name":"wp","href":"https:\/\/api.w.org\/{rel}","templated":true}]}}