{"id":469384,"date":"2025-10-17T07:13:12","date_gmt":"2025-10-17T07:13:12","guid":{"rendered":"https:\/\/www.europesays.com\/fr\/469384\/"},"modified":"2025-10-17T07:13:12","modified_gmt":"2025-10-17T07:13:12","slug":"nos-idees-sorties-du-week-end-des-24-25-et-26-octobre-2025-dans-la-loire","status":"publish","type":"post","link":"https:\/\/www.europesays.com\/fr\/469384\/","title":{"rendered":"Nos id\u00e9es sorties du week-end des 24, 25 et 26 octobre 2025 dans la Loire"},"content":{"rendered":"<p class=\"is-style-chapo\">Voici la s\u00e9lection de la r\u00e9daction de If Saint-Etienne pour se divertir et s\u2019amuser dans la Loire le week-end prochain, soit les 24, 25 et 26 octobre. Une liste d\u2019\u00e9v\u00e9nements, s\u00e9lectionn\u00e9s de mani\u00e8re ind\u00e9pendante et, bien entendu, non-exhaustive.<\/p>\n<p><img loading=\"lazy\" decoding=\"async\" width=\"1024\" height=\"576\" src=\"https:\/\/www.europesays.com\/fr\/wp-content\/uploads\/2025\/10\/pumpkin-6720424_1280-e1698053372478-1024x576.jpg\" alt=\"Halloween\" class=\"wp-image-62658\"  \/><\/p>\n<p>1 \u2013 Vanlife<\/p>\n<p>Du 23 au 26 octobre, le Salon r\u00e9gional du camping-car et du fourgon am\u00e9nag\u00e9 est de retour au <a href=\"https:\/\/www.if-saint-etienne.fr\/breves\/le-salon-regional-du-camping-car-sur-son-creneau-a-saint-etienne\" target=\"_blank\" rel=\"noreferrer noopener nofollow\">Parc expo<\/a> de Saint-Etienne. L\u2019occasion de d\u00e9couvrir 10 000 m\u00e8tres carr\u00e9s consacr\u00e9s aux v\u00e9hicules, mais aussi \u00e0 la vanlife, aux accessoires, aux am\u00e9nagements. Chaque jour, le salon est ouvert de 10h \u00e0 19h, et de 10h \u00e0 18h le dimanche.<\/p>\n<p>2 \u2013 Le colonel Moutarde<\/p>\n<p>Dimanche 26 octobre, le <a href=\"https:\/\/www.chartreuse-saintecroixenjarez.com\/fr\/fiche\/5946302\/cluedo-geant-de-sainte-croix-en-jarez\/\" target=\"_blank\" rel=\"noreferrer noopener nofollow\">Cluedo g\u00e9ant<\/a> est de retour sur le site de la Chartreuse de Sainte-Croix-en-Jarez. Alors que les travaux de construction de la nouvelle \u00e9glise du monast\u00e8re touchent \u00e0 leur fin, un ouvrier est retrouv\u00e9 mort sur le chantier. On pense \u00e0 un accident mais\u2026 Saurez-vous \u00e9lucider cette affaire\u00a0? Rendez-vous \u00e0 partir de 14h ou de 16h.<\/p>\n<p>3 \u2013 Orange de peur<\/p>\n<p>A <a href=\"https:\/\/www.roannais-tourisme.com\/activites-loisirs\/atelier-parent-enfant-decoupe-de-citrouille-pour-halloween\/\" target=\"_blank\" rel=\"noreferrer noopener nofollow\">Roanne<\/a>, un atelier citrouille est organis\u00e9 pour les enfants de 6 \u00e0 10 ans, samedi 25 octobre \u00e0 15 heures. L\u2019occasion de choisir la d\u00e9coupe la plus effrayante possible pour parfaire sa d\u00e9co \u00e0 l\u2019approche d\u2019Halloween.<\/p>\n<p>4 \u2013 Nostalgie<\/p>\n<p>Dimanche 26 octobre, le <a href=\"https:\/\/www.autoretro-montbrison.fr\/dev0\/baseInihe-accueilGauche-accueilDroite-accueilCentre-baseInifo-p1-p2-p3.php\" target=\"_blank\" rel=\"noreferrer noopener nofollow\">Club Auto Retro des Monts du soir<\/a> organise une exposition de voitures anciennes et d\u2019exception. L\u2019\u00e9v\u00e9nement se tiendra place Bouvier \u00e0 Montbrison, de 8h30 \u00e0 12h30.<\/p>\n<p>5 \u2013 Saveurs d\u2019automne<\/p>\n<p>Dimanche, de 9h \u00e0 17h, la Roseraie de <a href=\"https:\/\/www.saint-galmier.fr\/\" target=\"_blank\" rel=\"noreferrer noopener nofollow\">Saint-Galmier<\/a> accueille le march\u00e9 d\u2019automne. Un m\u00e9lange de march\u00e9 de cr\u00e9ateurs et de march\u00e9 de v\u00e9g\u00e9taux. Sur place, buvette et restauration.<\/p>\n","protected":false},"excerpt":{"rendered":"Voici la s\u00e9lection de la r\u00e9daction de If Saint-Etienne pour se divertir et s\u2019amuser dans la Loire le&hellip;\n","protected":false},"author":2,"featured_media":469385,"comment_status":"","ping_status":"","sticky":false,"template":"","format":"standard","meta":{"footnotes":""},"categories":[9653],"tags":[14428,1111,11,2430,1777,674,1011,27,14429,12,14430,25,4001,1669],"class_list":{"0":"post-469384","1":"post","2":"type-post","3":"status-publish","4":"format-standard","5":"has-post-thumbnail","7":"category-saint-etienne","8":"tag-activites-week-end-loire","9":"tag-actu","10":"tag-actualites","11":"tag-auvergne-rhone-alpes","12":"tag-eu","13":"tag-europe","14":"tag-fr","15":"tag-france","16":"tag-idees-sorties-loire","17":"tag-news","18":"tag-recreatif","19":"tag-republique-francaise","20":"tag-saint-etienne","21":"tag-sorties"},"share_on_mastodon":{"url":"https:\/\/pubeurope.com\/@fr\/115388272117789671","error":""},"_links":{"self":[{"href":"https:\/\/www.europesays.com\/fr\/wp-json\/wp\/v2\/posts\/469384","targetHints":{"allow":["GET"]}}],"collection":[{"href":"https:\/\/www.europesays.com\/fr\/wp-json\/wp\/v2\/posts"}],"about":[{"href":"https:\/\/www.europesays.com\/fr\/wp-json\/wp\/v2\/types\/post"}],"author":[{"embeddable":true,"href":"https:\/\/www.europesays.com\/fr\/wp-json\/wp\/v2\/users\/2"}],"replies":[{"embeddable":true,"href":"https:\/\/www.europesays.com\/fr\/wp-json\/wp\/v2\/comments?post=469384"}],"version-history":[{"count":0,"href":"https:\/\/www.europesays.com\/fr\/wp-json\/wp\/v2\/posts\/469384\/revisions"}],"wp:featuredmedia":[{"embeddable":true,"href":"https:\/\/www.europesays.com\/fr\/wp-json\/wp\/v2\/media\/469385"}],"wp:attachment":[{"href":"https:\/\/www.europesays.com\/fr\/wp-json\/wp\/v2\/media?parent=469384"}],"wp:term":[{"taxonomy":"category","embeddable":true,"href":"https:\/\/www.europesays.com\/fr\/wp-json\/wp\/v2\/categories?post=469384"},{"taxonomy":"post_tag","embeddable":true,"href":"https:\/\/www.europesays.com\/fr\/wp-json\/wp\/v2\/tags?post=469384"}],"curies":[{"name":"wp","href":"https:\/\/api.w.org\/{rel}","templated":true}]}}