{"id":469390,"date":"2025-10-17T07:16:14","date_gmt":"2025-10-17T07:16:14","guid":{"rendered":"https:\/\/www.europesays.com\/fr\/469390\/"},"modified":"2025-10-17T07:16:14","modified_gmt":"2025-10-17T07:16:14","slug":"national-dfco-nancy-portugal-lettonie-le-parcours-original-de-brandon-ndezi","status":"publish","type":"post","link":"https:\/\/www.europesays.com\/fr\/469390\/","title":{"rendered":"National. DFCO \u00a0: Nancy, Portugal, Lettonie, le parcours original de\u00a0Brandon Ndezi"},"content":{"rendered":"<p>Dijon FCO &#8211; Quevilly\/Rouen<\/p>\n<p>19h30, Gaston-G\u00e9rard<\/p>\n<p>C\u2019est un leitmotiv des dirigeants du DFCO dans leur recrutement qui veulent attirer des joueurs revanchards. Et comme plusieurs de ses co\u00e9quipiers, <a href=\"https:\/\/www.bienpublic.com\/p\/brandon-ndezi\" target=\"_blank\" rel=\"noopener\">Brandon Ndezi<\/a> rentre dans cette case. Avant d\u2019arriver au DFCO, le milieu de 25 ans a multipli\u00e9 les d\u00e9tours. Professionnellement et g\u00e9ographiquement.<\/p>\n<p>Biberonn\u00e9 en r\u00e9gion parisienne, il tape dans l\u2019\u0153il des recruteurs du centre de formation de l\u2019ASNL, o\u00f9 il passe cinq saisons. Jusqu\u2019\u00e0 une proposition d\u2019un premier contrat pro qu\u2019il juge insatisfaisante, \u00e0 la sortie du Covid. Suit alors une p\u00e9riode d\u2019inactivit\u00e9 de plusieurs mois jusqu\u2019\u00e0 un rebond au Portugal via les U23 de Boavista.<\/p>\n<p>\u00ab\u00a0Je&#8230;<\/p>\n","protected":false},"excerpt":{"rendered":"Dijon FCO &#8211; Quevilly\/Rouen 19h30, Gaston-G\u00e9rard C\u2019est un leitmotiv des dirigeants du DFCO dans leur recrutement qui veulent&hellip;\n","protected":false},"author":2,"featured_media":469391,"comment_status":"","ping_status":"","sticky":false,"template":"","format":"standard","meta":{"footnotes":""},"categories":[9635],"tags":[1111,11,24879,2930,8587,8588,1777,674,107,63,1011,27,775,1702,12,25,517],"class_list":{"0":"post-469390","1":"post","2":"type-post","3":"status-publish","4":"format-standard","5":"has-post-thumbnail","7":"category-nancy","8":"tag-actu","9":"tag-actualites","10":"tag-dfco-dijon-football-cote-dor","11":"tag-dijon","12":"tag-dijon-ville","13":"tag-edition-dijon-et-son-agglomeration","14":"tag-eu","15":"tag-europe","16":"tag-fil-info","17":"tag-football","18":"tag-fr","19":"tag-france","20":"tag-grand-est","21":"tag-nancy","22":"tag-news","23":"tag-republique-francaise","24":"tag-sport"},"share_on_mastodon":{"url":"https:\/\/pubeurope.com\/@fr\/115388283914813160","error":""},"_links":{"self":[{"href":"https:\/\/www.europesays.com\/fr\/wp-json\/wp\/v2\/posts\/469390","targetHints":{"allow":["GET"]}}],"collection":[{"href":"https:\/\/www.europesays.com\/fr\/wp-json\/wp\/v2\/posts"}],"about":[{"href":"https:\/\/www.europesays.com\/fr\/wp-json\/wp\/v2\/types\/post"}],"author":[{"embeddable":true,"href":"https:\/\/www.europesays.com\/fr\/wp-json\/wp\/v2\/users\/2"}],"replies":[{"embeddable":true,"href":"https:\/\/www.europesays.com\/fr\/wp-json\/wp\/v2\/comments?post=469390"}],"version-history":[{"count":0,"href":"https:\/\/www.europesays.com\/fr\/wp-json\/wp\/v2\/posts\/469390\/revisions"}],"wp:featuredmedia":[{"embeddable":true,"href":"https:\/\/www.europesays.com\/fr\/wp-json\/wp\/v2\/media\/469391"}],"wp:attachment":[{"href":"https:\/\/www.europesays.com\/fr\/wp-json\/wp\/v2\/media?parent=469390"}],"wp:term":[{"taxonomy":"category","embeddable":true,"href":"https:\/\/www.europesays.com\/fr\/wp-json\/wp\/v2\/categories?post=469390"},{"taxonomy":"post_tag","embeddable":true,"href":"https:\/\/www.europesays.com\/fr\/wp-json\/wp\/v2\/tags?post=469390"}],"curies":[{"name":"wp","href":"https:\/\/api.w.org\/{rel}","templated":true}]}}