{"id":469414,"date":"2025-10-17T07:29:11","date_gmt":"2025-10-17T07:29:11","guid":{"rendered":"https:\/\/www.europesays.com\/fr\/469414\/"},"modified":"2025-10-17T07:29:11","modified_gmt":"2025-10-17T07:29:11","slug":"franck-goldnadel-presente-lextension-du-t2-de-laeroport-de-nice","status":"publish","type":"post","link":"https:\/\/www.europesays.com\/fr\/469414\/","title":{"rendered":"Franck Goldnadel pr\u00e9sente l\u2019extension du T2 de l\u2019a\u00e9roport de Nice"},"content":{"rendered":"<p>                    <img loading=\"lazy\" decoding=\"async\" src=\"https:\/\/www.europesays.com\/fr\/wp-content\/uploads\/2025\/10\/7ce2480fe7d0361cded1021842f75f.jpg\" class=\"img-responsive post-image\" width=\"680\" height=\"510\" alt=\"Franck Goldnadel pr\u00e9sente\" title=\"Franck Goldnadel pr\u00e9sente l'extension du T2 de l'a\u00e9roport de Nice\"\/><\/p>\n<p class=\"chapo\">Rejet\u00e9 par plusieurs associations \u00e9cologistes, le projet d\u2019extension de l\u2019a\u00e9roport de Nice a \u00e9t\u00e9 d\u00e9finitivement valid\u00e9 par la justice administrative.<\/p>\n<p>Et c\u2019est serein que le pr\u00e9sident du directoire des A\u00e9roports de la C\u00f4te d\u2019Azur a pu pr\u00e9senter en d\u00e9tail cette extension aux \u00e9lus de la CCI Nice C\u00f4te d\u2019Azur, le 13 octobre. En introduction, Franck Goldnadel a rappel\u00e9 que Nice, 2\u00e8me a\u00e9roport de France, avait accueilli 14,8 millions de passagers en 2024. \u00ab\u00a0Mais nous ne sommes pas \u00e0 la recherche d\u2019un r\u00e9sultat en termes de trafic\u00a0\u00a0\u00bb, a-t-il tenu \u00e0 pr\u00e9ciser. \u00ab\u00a0\u00a0La vraie raison d\u2019\u00eatre de l\u2019a\u00e9roport est de faire en sorte d\u2019avoir une bonne connectivit\u00e9 de notre territoire. Le trafic n\u2019est qu\u2019un r\u00e9sultat, pas un objectif en soi. Le vrai objectif, ce sont les 122 destinations, 45 pays et 13 long-courriers qui nous ont fait confiance. Notre enjeu avec cette extension \u00e9tait d\u2019anticiper la croissance du trafic. Mais le terme n\u2019est pas le bon car nous avons 14 millions de capacit\u00e9 et nous traitons 14,8 millions de passagers. Et je ne suis pas fier de l\u2019accueil de nos clients l\u2019\u00e9t\u00e9 quand on sursature nos installations. Nous avons un objectif\u00a0: \u00eatre \u00e0 l\u2019unisson du territoire en mati\u00e8re de qualit\u00e9 de service et d\u2019accueil et cela passe par des m2\u00a0que nous n\u2019avons plus. Et il faut r\u00e9pondre \u00e0 la demande, car c\u2019est le territoire qui g\u00e9n\u00e8re le trafic \u00a0\u00bb.<\/p>\n<p>Z\u00e9ro artificialisation nette des sols<\/p>\n<p>\u00c0 la fin des travaux (au plus tard en mars 2026), le terminal 2 disposera de 23 000 m2 suppl\u00e9mentaires, de 36 nouvelles bornes d\u2019enregistrement et de 6 nouvelles portes d\u2019embarquement. L\u2019a\u00e9roport pourra ainsi accueillir jusqu\u2019\u00e0 18 millions de passagers par an. En r\u00e9ponse aux inqui\u00e9tudes environnementales, Franck Goldnadel a assur\u00e9 qu\u2019il y avait eu \u00ab\u00a0z\u00e9ro artificialisation nette des sols\u00a0\u00bb et a soulign\u00e9 que Nice \u00e9tait le premier a\u00e9roport fran\u00e7ais accr\u00e9dit\u00e9 \u00ab\u00a0Airport Carbon Accreditation\u00a0\u00bb niveau 5, le plus \u00e9lev\u00e9.<\/p>\n","protected":false},"excerpt":{"rendered":"Rejet\u00e9 par plusieurs associations \u00e9cologistes, le projet d\u2019extension de l\u2019a\u00e9roport de Nice a \u00e9t\u00e9 d\u00e9finitivement valid\u00e9 par la&hellip;\n","protected":false},"author":2,"featured_media":469415,"comment_status":"","ping_status":"","sticky":false,"template":"","format":"standard","meta":{"footnotes":""},"categories":[2819],"tags":[1111,11,2408,1777,674,1011,27,12,2401,882,25],"class_list":{"0":"post-469414","1":"post","2":"type-post","3":"status-publish","4":"format-standard","5":"has-post-thumbnail","7":"category-nice","8":"tag-actu","9":"tag-actualites","10":"tag-appels-d","11":"tag-eu","12":"tag-europe","13":"tag-fr","14":"tag-france","15":"tag-news","16":"tag-nice","17":"tag-provence-alpes-cote-dazur","18":"tag-republique-francaise"},"share_on_mastodon":{"url":"https:\/\/pubeurope.com\/@fr\/115388335332832502","error":""},"_links":{"self":[{"href":"https:\/\/www.europesays.com\/fr\/wp-json\/wp\/v2\/posts\/469414","targetHints":{"allow":["GET"]}}],"collection":[{"href":"https:\/\/www.europesays.com\/fr\/wp-json\/wp\/v2\/posts"}],"about":[{"href":"https:\/\/www.europesays.com\/fr\/wp-json\/wp\/v2\/types\/post"}],"author":[{"embeddable":true,"href":"https:\/\/www.europesays.com\/fr\/wp-json\/wp\/v2\/users\/2"}],"replies":[{"embeddable":true,"href":"https:\/\/www.europesays.com\/fr\/wp-json\/wp\/v2\/comments?post=469414"}],"version-history":[{"count":0,"href":"https:\/\/www.europesays.com\/fr\/wp-json\/wp\/v2\/posts\/469414\/revisions"}],"wp:featuredmedia":[{"embeddable":true,"href":"https:\/\/www.europesays.com\/fr\/wp-json\/wp\/v2\/media\/469415"}],"wp:attachment":[{"href":"https:\/\/www.europesays.com\/fr\/wp-json\/wp\/v2\/media?parent=469414"}],"wp:term":[{"taxonomy":"category","embeddable":true,"href":"https:\/\/www.europesays.com\/fr\/wp-json\/wp\/v2\/categories?post=469414"},{"taxonomy":"post_tag","embeddable":true,"href":"https:\/\/www.europesays.com\/fr\/wp-json\/wp\/v2\/tags?post=469414"}],"curies":[{"name":"wp","href":"https:\/\/api.w.org\/{rel}","templated":true}]}}