{"id":469419,"date":"2025-10-17T07:32:18","date_gmt":"2025-10-17T07:32:18","guid":{"rendered":"https:\/\/www.europesays.com\/fr\/469419\/"},"modified":"2025-10-17T07:32:18","modified_gmt":"2025-10-17T07:32:18","slug":"volotea-annonce-louverture-dune-nouvelle-ligne-vers-le-sud","status":"publish","type":"post","link":"https:\/\/www.europesays.com\/fr\/469419\/","title":{"rendered":"Volotea annonce l&rsquo;ouverture d&rsquo;une nouvelle ligne vers le sud"},"content":{"rendered":"<p>            Par<br \/>\n        <strong><br \/>\n            <a href=\"https:\/\/actu.fr\/auteur\/clemence-pays02-actu-fr\" title=\"Consulter tous les articles de Cl\u00e9mence Pays\" target=\"_blank\" rel=\"noopener\">Cl\u00e9mence Pays<\/a><br \/>\n        <\/strong><\/p>\n<p>        Publi\u00e9 le<\/p>\n<p>            17 oct. 2025 \u00e0 7h32        <\/p>\n<p>Ce jeudi 16\u00a0octobre 2025, Carlos Mu\u00f1os, PDG et fondateur de Volotea, et Gilles Gosselin, directeur France de Volotea, se sont rendus \u00e0 l\u2019<a href=\"https:\/\/actu.fr\/tag\/nantes-atlantique-aeroport\" target=\"_blank\" rel=\"noopener\">a\u00e9roport de Nantes Atlantique<\/a>, pour dresser le bilan annuel de la compagnie a\u00e9rienne dans la cit\u00e9 des ducs de Bretagne. \u00c0 cette occasion, la direction de la compagnie a\u00e9rienne espagnole a annonc\u00e9 <strong>l\u2019ouverture d\u2019une nouvelle ligne.<\/strong><\/p>\n<p>Une nouvelle destination d\u00e8s d\u00e9cembre<\/p>\n<p class=\" wall-content\">Volotea ralliera d\u00e9sormais <strong>Nantes \u00e0 Grenade,<\/strong> en Espagne. Cette liaison directe vers la ville andalouse sera accessible aux voyageurs<strong> \u00e0 partir du 18 d\u00e9cembre 2025.<\/strong><\/p>\n<p class=\" wall-content\">\u00ab\u2009Avec plus de 6\u2009000 si\u00e8ges offerts, cette nouvelle route sera op\u00e9r\u00e9e <strong>deux fois par semaine,<\/strong> les lundis et jeudis\u2009\u00bb, d\u00e9taille la compagnie a\u00e9rienne.<\/p>\n<p class=\" wall-content\">Avec cette nouvelle ligne, Volotea connecte d\u00e9sormais Nantes \u00e0 <strong>49 destinations,<\/strong> dans 12 pays diff\u00e9rents.<\/p>\n<p class=\" wall-content\">Personnalisez votre actualit\u00e9 en ajoutant vos villes et m\u00e9dias en favori avec <a href=\"https:\/\/moncompte.actu.fr\" title=\"D\u00e9couvez Mon Actu\" rel=\"nofollow noopener\" data-trk=\"{&quot;cta&quot;:{&quot;action&quot;:&quot;https:\\\/\\\/moncompte.actu.fr&quot;,&quot;category&quot;:&quot;mon compte&quot;,&quot;from&quot;:&quot;article footer&quot;,&quot;name&quot;:&quot;Mon actu&quot;,&quot;type&quot;:&quot;cta&quot;}}\" target=\"_blank\">Mon Actu<\/a>.<\/p>\n","protected":false},"excerpt":{"rendered":"Par Cl\u00e9mence Pays Publi\u00e9 le 17 oct. 2025 \u00e0 7h32 Ce jeudi 16\u00a0octobre 2025, Carlos Mu\u00f1os, PDG et&hellip;\n","protected":false},"author":2,"featured_media":469420,"comment_status":"","ping_status":"","sticky":false,"template":"","format":"standard","meta":{"footnotes":""},"categories":[2818],"tags":[1111,11,754,33,1777,674,1011,27,766,755,12,2636,25,11756],"class_list":{"0":"post-469419","1":"post","2":"type-post","3":"status-publish","4":"format-standard","5":"has-post-thumbnail","7":"category-nantes","8":"tag-actu","9":"tag-actualites","10":"tag-aeroport-de-nantes","11":"tag-economie","12":"tag-eu","13":"tag-europe","14":"tag-fr","15":"tag-france","16":"tag-nantes","17":"tag-nantes-atlantique-aeroport","18":"tag-news","19":"tag-pays-de-la-loire","20":"tag-republique-francaise","21":"tag-volotea"},"share_on_mastodon":{"url":"https:\/\/pubeurope.com\/@fr\/115388346808527014","error":""},"_links":{"self":[{"href":"https:\/\/www.europesays.com\/fr\/wp-json\/wp\/v2\/posts\/469419","targetHints":{"allow":["GET"]}}],"collection":[{"href":"https:\/\/www.europesays.com\/fr\/wp-json\/wp\/v2\/posts"}],"about":[{"href":"https:\/\/www.europesays.com\/fr\/wp-json\/wp\/v2\/types\/post"}],"author":[{"embeddable":true,"href":"https:\/\/www.europesays.com\/fr\/wp-json\/wp\/v2\/users\/2"}],"replies":[{"embeddable":true,"href":"https:\/\/www.europesays.com\/fr\/wp-json\/wp\/v2\/comments?post=469419"}],"version-history":[{"count":0,"href":"https:\/\/www.europesays.com\/fr\/wp-json\/wp\/v2\/posts\/469419\/revisions"}],"wp:featuredmedia":[{"embeddable":true,"href":"https:\/\/www.europesays.com\/fr\/wp-json\/wp\/v2\/media\/469420"}],"wp:attachment":[{"href":"https:\/\/www.europesays.com\/fr\/wp-json\/wp\/v2\/media?parent=469419"}],"wp:term":[{"taxonomy":"category","embeddable":true,"href":"https:\/\/www.europesays.com\/fr\/wp-json\/wp\/v2\/categories?post=469419"},{"taxonomy":"post_tag","embeddable":true,"href":"https:\/\/www.europesays.com\/fr\/wp-json\/wp\/v2\/tags?post=469419"}],"curies":[{"name":"wp","href":"https:\/\/api.w.org\/{rel}","templated":true}]}}