{"id":469429,"date":"2025-10-17T07:37:12","date_gmt":"2025-10-17T07:37:12","guid":{"rendered":"https:\/\/www.europesays.com\/fr\/469429\/"},"modified":"2025-10-17T07:37:12","modified_gmt":"2025-10-17T07:37:12","slug":"halloween-a-roubaix-meme-pas-peur-ou-presque","status":"publish","type":"post","link":"https:\/\/www.europesays.com\/fr\/469429\/","title":{"rendered":"Halloween \u00e0 Roubaix : M\u00eame pas peur (ou presque) !"},"content":{"rendered":"<p class=\"introduction\">Le 31 octobre prochain, la Grand\u2019Place de Roubaix se transforme en th\u00e9\u00e2tre de l\u2019\u00e9trange et du merveilleux pour une soir\u00e9e d\u2019Halloween pleine de frissons\u2026 et de rires ! De 17h30 \u00e0 20h30, petits et grands sont invit\u00e9s \u00e0 rev\u00eatir leurs costumes les plus effrayants pour partager un moment festif, convivial et inoubliable.<\/p>\n<p><strong>Un programme monstrueusement r\u00e9jouissant<\/strong><\/p>\n<p>La soir\u00e9e promet d\u2019en mettre plein les yeux avec un show laser et mapping spectaculaire, qui illuminera la Grand\u2019Place d\u2019effets magiques et envo\u00fbtants. Tout au long de l\u2019\u00e9v\u00e9nement, <strong>plusieurs compagnies et artistes feront vibrer le public<\/strong> :<\/p>\n<ul>\n<li>Timoth\u00e9 l\u2019\u00c9cossais : un magicien de proximit\u00e9 qui surprendra avec ses tours et \u00e9merveillera les enfants gr\u00e2ce \u00e0 ses bulles de savon g\u00e9antes.<\/li>\n<li>Les N\u00e9cromanciens : quatre \u00e9chassiers-squelettes mi-effrayants, mi-comiques, qui feront battre les c\u0153urs et \u00e9clater de rire les spectateurs.<\/li>\n<li>Jongleurs de feu et de lumi\u00e8re : massues, bolasses, hula-hoop et m\u00eame un cracheur de feu pour un spectacle hypnotique.<\/li>\n<li>Les Sorci\u00e8res : trois figures sur \u00e9chasses m\u00ealant magie noire et po\u00e9sie.<\/li>\n<li>Le Loup-garou : une mascotte g\u00e9ante gonflable, aussi impressionnante qu\u2019attachante, qui viendra hanter la place.<\/li>\n<\/ul>\n<p>Pour compl\u00e9ter l\u2019exp\u00e9rience, Halloween, <strong>c\u2019est aussi l\u2019occasion de se transformer le temps d\u2019une soir\u00e9e<\/strong> :<\/p>\n<ul>\n<li>Six maquilleuses professionnelles proposeront des looks monstrueux ou f\u00e9\u00e9riques.<\/li>\n<li>Deux tatoueurs paillet\u00e9s offriront aux plus t\u00e9m\u00e9raires de quoi briller dans la nuit.<\/li>\n<li>Un atelier cr\u00e9atif (en r\u00e9flexion) pourrait permettre aux enfants de lib\u00e9rer leur imagination autour de cr\u00e9ations th\u00e9matiques.<\/li>\n<li>Enfin, parce qu\u2019Halloween rime aussi avec gourmandise, une distribution de bonbons viendra r\u00e9galer les participants.<\/li>\n<\/ul>\n<p>Rendez-vous sur la Grand\u2019Place, que vous soyez amateur de frissons ou simplement curieux, cette soir\u00e9e est faite pour vous !<br \/>Alors, pr\u00e9parez vos costumes, invitez vos amis et venez c\u00e9l\u00e9brer Halloween \u00e0 Roubaix dans une ambiance festive et familiale !<\/p>\n<p>\ud83d\udccd Grand\u2019Place de Roubaix<br \/>\ud83d\udcc5 Jeudi 31 octobre 2025, de 17h30 \u00e0 20h30<\/p>\n<p>Pour revivre Halloween 2024 en images :<\/p>\n<p>\u00a9 Cr\u00e9dit photos : Myriam Ouboussaad \u2013 Ville de Roubaix<\/p>\n","protected":false},"excerpt":{"rendered":"Le 31 octobre prochain, la Grand\u2019Place de Roubaix se transforme en th\u00e9\u00e2tre de l\u2019\u00e9trange et du merveilleux pour&hellip;\n","protected":false},"author":2,"featured_media":469430,"comment_status":"","ping_status":"","sticky":false,"template":"","format":"standard","meta":{"footnotes":""},"categories":[2815],"tags":[1111,11,1777,674,1011,27,20815,811,1307,12,25],"class_list":{"0":"post-469429","1":"post","2":"type-post","3":"status-publish","4":"format-standard","5":"has-post-thumbnail","7":"category-lille","8":"tag-actu","9":"tag-actualites","10":"tag-eu","11":"tag-europe","12":"tag-fr","13":"tag-france","14":"tag-halloween","15":"tag-hauts-de-france","16":"tag-lille","17":"tag-news","18":"tag-republique-francaise"},"share_on_mastodon":{"url":"https:\/\/pubeurope.com\/@fr\/115388366498231041","error":""},"_links":{"self":[{"href":"https:\/\/www.europesays.com\/fr\/wp-json\/wp\/v2\/posts\/469429","targetHints":{"allow":["GET"]}}],"collection":[{"href":"https:\/\/www.europesays.com\/fr\/wp-json\/wp\/v2\/posts"}],"about":[{"href":"https:\/\/www.europesays.com\/fr\/wp-json\/wp\/v2\/types\/post"}],"author":[{"embeddable":true,"href":"https:\/\/www.europesays.com\/fr\/wp-json\/wp\/v2\/users\/2"}],"replies":[{"embeddable":true,"href":"https:\/\/www.europesays.com\/fr\/wp-json\/wp\/v2\/comments?post=469429"}],"version-history":[{"count":0,"href":"https:\/\/www.europesays.com\/fr\/wp-json\/wp\/v2\/posts\/469429\/revisions"}],"wp:featuredmedia":[{"embeddable":true,"href":"https:\/\/www.europesays.com\/fr\/wp-json\/wp\/v2\/media\/469430"}],"wp:attachment":[{"href":"https:\/\/www.europesays.com\/fr\/wp-json\/wp\/v2\/media?parent=469429"}],"wp:term":[{"taxonomy":"category","embeddable":true,"href":"https:\/\/www.europesays.com\/fr\/wp-json\/wp\/v2\/categories?post=469429"},{"taxonomy":"post_tag","embeddable":true,"href":"https:\/\/www.europesays.com\/fr\/wp-json\/wp\/v2\/tags?post=469429"}],"curies":[{"name":"wp","href":"https:\/\/api.w.org\/{rel}","templated":true}]}}