{"id":469433,"date":"2025-10-17T07:39:11","date_gmt":"2025-10-17T07:39:11","guid":{"rendered":"https:\/\/www.europesays.com\/fr\/469433\/"},"modified":"2025-10-17T07:39:11","modified_gmt":"2025-10-17T07:39:11","slug":"une-ombriere-pour-la-carriere-antique-de-la-corderie","status":"publish","type":"post","link":"https:\/\/www.europesays.com\/fr\/469433\/","title":{"rendered":"Une ombri\u00e8re pour la carri\u00e8re antique de la Corderie"},"content":{"rendered":"\n<p>L\u2019installation est destin\u00e9e \u00e0 pr\u00e9senter aux scolaires \u00ab\u00a0les parties sommitales affleurantes d\u2019un front de taille\u00a0\u00bb de ce qui \u00e9tait une exceptionnelle carri\u00e8re gr\u00e9co-archa\u00efque et hell\u00e9nistique, premier t\u00e9moin de la fondation de Massalia par les Phoc\u00e9ens au VIe av. JC. Huit ans de bataille politique pour accoucher d\u2019une cahute en planches de chez Leroy-Merlin et honorer formellement la promesse de \u00ab\u00a0visibilit\u00e9, accessibilit\u00e9 et transmission\u00a0\u00bb lanc\u00e9e par la ministre de la Culture de l\u2019\u00e9poque, Fran\u00e7oise Nyssen. On se languit de d\u00e9couvrir le fac-simil\u00e9 d\u2019un \u00e9l\u00e9ment du pressoir \u00e0 huile qui doit compl\u00e9ter \u00ab\u00a0l\u2019\u00e9vocation du site antique\u00a0\u00bb dans le jardin r\u00e9nov\u00e9 de Saint-Nicolas.<\/p>\n","protected":false},"excerpt":{"rendered":"L\u2019installation est destin\u00e9e \u00e0 pr\u00e9senter aux scolaires \u00ab\u00a0les parties sommitales affleurantes d\u2019un front de taille\u00a0\u00bb de ce qui&hellip;\n","protected":false},"author":2,"featured_media":469434,"comment_status":"","ping_status":"","sticky":false,"template":"","format":"standard","meta":{"footnotes":""},"categories":[2814],"tags":[1111,11,1777,674,1011,27,884,12,882,25,19420],"class_list":{"0":"post-469433","1":"post","2":"type-post","3":"status-publish","4":"format-standard","5":"has-post-thumbnail","7":"category-marseille","8":"tag-actu","9":"tag-actualites","10":"tag-eu","11":"tag-europe","12":"tag-fr","13":"tag-france","14":"tag-marseille","15":"tag-news","16":"tag-provence-alpes-cote-dazur","17":"tag-republique-francaise","18":"tag-transmission"},"share_on_mastodon":{"url":"https:\/\/pubeurope.com\/@fr\/115388374392305479","error":""},"_links":{"self":[{"href":"https:\/\/www.europesays.com\/fr\/wp-json\/wp\/v2\/posts\/469433","targetHints":{"allow":["GET"]}}],"collection":[{"href":"https:\/\/www.europesays.com\/fr\/wp-json\/wp\/v2\/posts"}],"about":[{"href":"https:\/\/www.europesays.com\/fr\/wp-json\/wp\/v2\/types\/post"}],"author":[{"embeddable":true,"href":"https:\/\/www.europesays.com\/fr\/wp-json\/wp\/v2\/users\/2"}],"replies":[{"embeddable":true,"href":"https:\/\/www.europesays.com\/fr\/wp-json\/wp\/v2\/comments?post=469433"}],"version-history":[{"count":0,"href":"https:\/\/www.europesays.com\/fr\/wp-json\/wp\/v2\/posts\/469433\/revisions"}],"wp:featuredmedia":[{"embeddable":true,"href":"https:\/\/www.europesays.com\/fr\/wp-json\/wp\/v2\/media\/469434"}],"wp:attachment":[{"href":"https:\/\/www.europesays.com\/fr\/wp-json\/wp\/v2\/media?parent=469433"}],"wp:term":[{"taxonomy":"category","embeddable":true,"href":"https:\/\/www.europesays.com\/fr\/wp-json\/wp\/v2\/categories?post=469433"},{"taxonomy":"post_tag","embeddable":true,"href":"https:\/\/www.europesays.com\/fr\/wp-json\/wp\/v2\/tags?post=469433"}],"curies":[{"name":"wp","href":"https:\/\/api.w.org\/{rel}","templated":true}]}}