{"id":469435,"date":"2025-10-17T07:40:12","date_gmt":"2025-10-17T07:40:12","guid":{"rendered":"https:\/\/www.europesays.com\/fr\/469435\/"},"modified":"2025-10-17T07:40:12","modified_gmt":"2025-10-17T07:40:12","slug":"il-ny-a-pas-de-ajar-humour-juif-et-amours-litteraires-au-theatre-des-bernardines-a-marseille","status":"publish","type":"post","link":"https:\/\/www.europesays.com\/fr\/469435\/","title":{"rendered":"\u00ab\u00a0Il n\u2019y a pas de Ajar\u00a0\u00bb, humour juif et amours litt\u00e9raires au th\u00e9\u00e2tre des Bernardines \u00e0 Marseille"},"content":{"rendered":"<p>Un texte dense qui incite \u00e0 la r\u00e9flexion, port\u00e9 par une performance d\u2019actrice de Johanna Nizard. <a href=\"https:\/\/www.laprovence.com\/article\/culture-loisirs\/391475164977114\/il-n-y-a-pas-de-ajar-de-delphine-horvilleur-fait-escale-au-theatre-des-bernardines-a-marseille\" target=\"_blank\" rel=\"noopener\">Il n\u2019y a pas de Ajar, Monologue contre l\u2019identit\u00e9\u00a0<\/a>de <a href=\"https:\/\/www.laprovence.com\/article\/edition-marseille\/2703734\/la-femme-a-sa-place-dans-le-judaisme.html\" target=\"_blank\" rel=\"noopener\">Delphine Horvilleur, rabbine, philosophe et \u00e9crivaine<\/a> (Vivre avec nos morts, 2021, Comment \u00e7a va pas\u00a0? Conversations apr\u00e8s le 7\u00a0octobre, 2024) est un solo \u00e0 d\u00e9couvrir absolument d\u2019ici samedi 18\u00a0octobre au th\u00e9\u00e2tre des Bernardines. Difficile de r\u00e9sumer ce bijou. Delphine Horvilleur y croise son admiration pour <a href=\"https:\/\/www.laprovence.com\/article\/festival-davignon\/36230170704921\/vincent-gaillard-la-mystification-de-romain-gary-etait-vraiment-troublante-provocatrice-et-folle\" target=\"_blank\" rel=\"noopener\">Romain Gary<\/a> et son aversion pour l\u2019entre-soi et les communautarismes qui guettent l\u2019\u00e9poque.<\/p>\n<p>Un \u00e9crivain cam\u00e9l\u00e9on<\/p>\n<p>La pi\u00e8ce s\u2019ouvre avec la voix de Bernard Pivot qui, dans son \u00e9mission Apostrophes de f\u00e9vrier\u00a01981, r\u00e9v\u00e8le qu\u2019\u00c9mile Ajar, qui d\u00e9crocha le prix Goncourt en\u00a01975, <a href=\"https:\/\/www.laprovence.com\/article\/region\/8437627571831614\/1933-lemancipation-de-letudiant-romain-gary\" target=\"_blank\" rel=\"noopener\">\u00e9tait le pseudonyme de Romain Gary<\/a>.<\/p>\n<p>En se suicidant en d\u00e9cembre\u00a01980, Gary \u00ab\u00a0a fait la peau \u00e0 son double litt\u00e9raire, \u00c9mile Ajar\u00a0\u00bb, affirme Bernard Pivot, revenant sur l\u2019une des plus grandes supercheries litt\u00e9raires du si\u00e8cle, puisque c\u2019est sous ce pseudonyme qu\u2019en\u00a01975, Romain Gary d\u00e9croche une deuxi\u00e8me fois le prix Goncourt. L\u2019admiration de Delphine Horvilleur pour l\u2019\u00e9crivain est avant tout motiv\u00e9e par sa capacit\u00e9 \u00e0 se faire cam\u00e9l\u00e9on, \u00e0 se glisser dans la peau des &#8230;<\/p>\n","protected":false},"excerpt":{"rendered":"Un texte dense qui incite \u00e0 la r\u00e9flexion, port\u00e9 par une performance d\u2019actrice de Johanna Nizard. Il n\u2019y&hellip;\n","protected":false},"author":2,"featured_media":469436,"comment_status":"","ping_status":"","sticky":false,"template":"","format":"standard","meta":{"footnotes":""},"categories":[2814],"tags":[17,1111,11,58573,59314,251,1777,674,1011,27,708,3707,5005,884,15179,12,5261,882,25],"class_list":{"0":"post-469435","1":"post","2":"type-post","3":"status-publish","4":"format-standard","5":"has-post-thumbnail","7":"category-marseille","8":"tag-17","9":"tag-actu","10":"tag-actualites","11":"tag-ajar","12":"tag-amours","13":"tag-culture","14":"tag-eu","15":"tag-europe","16":"tag-fr","17":"tag-france","18":"tag-humour","19":"tag-il","20":"tag-juif","21":"tag-marseille","22":"tag-ny","23":"tag-news","24":"tag-pas","25":"tag-provence-alpes-cote-dazur","26":"tag-republique-francaise"},"share_on_mastodon":{"url":"https:\/\/pubeurope.com\/@fr\/115388379248907205","error":""},"_links":{"self":[{"href":"https:\/\/www.europesays.com\/fr\/wp-json\/wp\/v2\/posts\/469435","targetHints":{"allow":["GET"]}}],"collection":[{"href":"https:\/\/www.europesays.com\/fr\/wp-json\/wp\/v2\/posts"}],"about":[{"href":"https:\/\/www.europesays.com\/fr\/wp-json\/wp\/v2\/types\/post"}],"author":[{"embeddable":true,"href":"https:\/\/www.europesays.com\/fr\/wp-json\/wp\/v2\/users\/2"}],"replies":[{"embeddable":true,"href":"https:\/\/www.europesays.com\/fr\/wp-json\/wp\/v2\/comments?post=469435"}],"version-history":[{"count":0,"href":"https:\/\/www.europesays.com\/fr\/wp-json\/wp\/v2\/posts\/469435\/revisions"}],"wp:featuredmedia":[{"embeddable":true,"href":"https:\/\/www.europesays.com\/fr\/wp-json\/wp\/v2\/media\/469436"}],"wp:attachment":[{"href":"https:\/\/www.europesays.com\/fr\/wp-json\/wp\/v2\/media?parent=469435"}],"wp:term":[{"taxonomy":"category","embeddable":true,"href":"https:\/\/www.europesays.com\/fr\/wp-json\/wp\/v2\/categories?post=469435"},{"taxonomy":"post_tag","embeddable":true,"href":"https:\/\/www.europesays.com\/fr\/wp-json\/wp\/v2\/tags?post=469435"}],"curies":[{"name":"wp","href":"https:\/\/api.w.org\/{rel}","templated":true}]}}