{"id":469448,"date":"2025-10-17T07:48:20","date_gmt":"2025-10-17T07:48:20","guid":{"rendered":"https:\/\/www.europesays.com\/fr\/469448\/"},"modified":"2025-10-17T07:48:20","modified_gmt":"2025-10-17T07:48:20","slug":"les-valeurs-a-suivre-a-paris-et-en-europe-actualise-17-10-2025-a-0853","status":"publish","type":"post","link":"https:\/\/www.europesays.com\/fr\/469448\/","title":{"rendered":"Les valeurs \u00e0 suivre \u00e0 Paris et en Europe (actualis\u00e9) &#8211; 17\/10\/2025 \u00e0 08:53"},"content":{"rendered":"<p>\n (Actualis\u00e9 avec Hermes)\n<\/p>\n<p>\n *\n<\/p>\n<p>\n Variation des futures sur indice CAC 40  0#FCE:\n<\/p>\n<p>\n *\n<\/p>\n<p>\n Variation des futures sur indice Stoxx 600  0#FXXP:\n<\/p>\n<p>\n *\n<\/p>\n<p>\n Valeurs qui se traitent ex-dividende  .EX.PA\n<\/p>\n<p>\n *\n<\/p>\n<p>\n Le point sur les march\u00e9s europ\u00e9ens  .EUFR\n<\/p>\n<p>\n Les valeurs \u00e0 suivre<br \/>\nvendredi \u00e0 la Bourse de Paris et en Europe :\n<\/p>\n<p>\n * ESSILORLUXOTTICA<br \/>\n <a href=\"https:\/\/www.boursorama.com\/cours\/1rPEL\/\" rel=\"nofollow noopener\" target=\"_blank\"><br \/>\n  ESLX.PA<br \/>\n <\/a><br \/>\n &#8211; Le fabricant des lunettes<br \/>\nRay-Ban a publi\u00e9 jeudi un chiffre d&rsquo;affaires meilleur que pr\u00e9vu<br \/>\nau titre du troisi\u00e8me trimestre, stimul\u00e9 par de fortes ventes de<br \/>\nproduits connect\u00e9s et un maintien de la croissance en Am\u00e9rique<br \/>\ndu Nord, son principal march\u00e9.\n<\/p>\n<p>\n * MERCIALYS<br \/>\n <a href=\"https:\/\/www.boursorama.com\/cours\/1rPMERY\/\" rel=\"nofollow noopener\" target=\"_blank\"><br \/>\n  MERY.PA<br \/>\n <\/a><br \/>\n a fait \u00e9tat jeudi d&rsquo;une hausse de 2,6%<br \/>\n\u00e0 p\u00e9rim\u00e8tre constant des loyers factur\u00e9s sur les neuf premiers<br \/>\nmois de l&rsquo;ann\u00e9e, \u00e0 134,2 millions d&rsquo;euros, citant une<br \/>\nfr\u00e9quentation sup\u00e9rieure \u00e0 la moyenne nationale et un taux<br \/>\nd&rsquo;occupation \u00e9lev\u00e9.\n<\/p>\n<p>\n * VIRBAC<br \/>\n <a href=\"https:\/\/www.boursorama.com\/cours\/1rPVIRP\/\" rel=\"nofollow noopener\" target=\"_blank\"><br \/>\n  VIRB.PA<br \/>\n <\/a><br \/>\n a relev\u00e9 jeudi son objectif annuel de<br \/>\nchiffre d&rsquo;affaires et fait \u00e9tat d&rsquo;une hausse de 7,8% de son<br \/>\nchiffre d&rsquo;affaires pour les neuf premiers mois de l&rsquo;ann\u00e9e.\n<\/p>\n<p>\n *\n<\/p>\n<p>\n AXA\n<\/p>\n<p>\n <a href=\"https:\/\/www.boursorama.com\/cours\/1rPCS\/\" rel=\"nofollow noopener\" target=\"_blank\"><br \/>\n  AXAF.PA<br \/>\n <\/a><br \/>\n a annonc\u00e9 vendredi la nomination de Mathieu<br \/>\nGodart en tant que directeur g\u00e9n\u00e9ral d\u2019AXA France et membre du<br \/>\nComit\u00e9 de direction d\u2019AXA.\n<\/p>\n<p>\n *\n<\/p>\n<p>\n HERMES\n<\/p>\n<p>\n <a href=\"https:\/\/www.boursorama.com\/cours\/1rPRMS\/\" rel=\"nofollow noopener\" target=\"_blank\"><br \/>\n  HRMS.PA<br \/>\n <\/a><br \/>\n a confirm\u00e9 vendredi que V\u00e9ronique Nichanian,<br \/>\ndirectrice artistique des collections homme du groupe, quitte la<br \/>\nmarque apr\u00e8s 37 ans de carri\u00e8re.\n<\/p>\n<p>\n * A\u00c9ROPORTS DE PARIS (ADP)<br \/>\n <a href=\"https:\/\/www.boursorama.com\/cours\/1rPADP\/\" rel=\"nofollow noopener\" target=\"_blank\"><br \/>\n  ADP.PA<br \/>\n <\/a><br \/>\n a fait \u00e9tat jeudi d&rsquo;un<br \/>\ntrafic groupe en septembre de 33,7 millions de passagers, en<br \/>\nhausse de 2,4%.\n<\/p>\n<p>\n * JCDECAUX<br \/>\n <a href=\"https:\/\/www.boursorama.com\/cours\/1rPDEC\/\" rel=\"nofollow noopener\" target=\"_blank\"><br \/>\n  JCDX.PA<br \/>\n <\/a><br \/>\n a annonc\u00e9 jeudi avoir un contrat de<br \/>\nrenouvellement aupr\u00e8s de Culture Presse.\n<\/p>\n<p>\n * ROCHE<br \/>\n <a href=\"https:\/\/www.boursorama.com\/cours\/2aROG\/\" rel=\"nofollow noopener\" target=\"_blank\"><br \/>\n  ROG.S<br \/>\n <\/a><br \/>\n a lanc\u00e9 jeudi la vente directe aux<br \/>\nEtats-Unis de son traitement antigrippal Xofluza, au prix r\u00e9duit<br \/>\nde 50 dollars, \u00e0 la suite de mesures similaires prises par ses<br \/>\nconcurrents, dans un contexte de pression de l&rsquo;administration<br \/>\nam\u00e9ricaine en faveur d&rsquo;une baisse des prix des m\u00e9dicaments sur<br \/>\nordonnance dans le pays.\n<\/p>\n<p>\n * ASOS<br \/>\n <a href=\"https:\/\/www.boursorama.com\/cours\/1uASC.L\/\" rel=\"nofollow noopener\" target=\"_blank\"><br \/>\n  ASOS.L<br \/>\n <\/a><br \/>\n a d\u00e9clar\u00e9 vendredi \u00eatre en pourparlers avec<br \/>\nles autorit\u00e9s douani\u00e8res allemandes au sujet d&rsquo;un litige<br \/>\njuridique concernant le non-paiement de droits d&rsquo;importation.\n<\/p>\n<p>\n * VOLVO<br \/>\n <a href=\"https:\/\/www.boursorama.com\/cours\/2u0HTP.LQ\/\" rel=\"nofollow noopener\" target=\"_blank\"><br \/>\n  VOLVb.ST<br \/>\n <\/a><br \/>\n a annonc\u00e9 vendredi un b\u00e9n\u00e9fice<br \/>\nd&rsquo;exploitation au troisi\u00e8me trimestre conforme aux attentes du<br \/>\nmarch\u00e9, la baisse de la demande en Am\u00e9rique du Nord et du Sud<br \/>\nayant pes\u00e9 sur les r\u00e9sultats.\n<\/p>\n<p>\n * PORSCHE<br \/>\n <a href=\"https:\/\/www.boursorama.com\/cours\/1zPAH3\/\" rel=\"nofollow noopener\" target=\"_blank\"><br \/>\n  PSHG_p.DE<br \/>\n <\/a><br \/>\n &#8211; Le conseil de surveillance du<br \/>\ngroupe s&rsquo;est mis d&rsquo;accord sur le successeur du pr\u00e9sident du<br \/>\ndirectoire Oliver Blume, a rapport\u00e9 vendredi le quotidien Bild,<br \/>\ncitant six sources anonymes.\n<\/p>\n<p>\n * MAN GROUP<br \/>\n <a href=\"https:\/\/www.boursorama.com\/cours\/1uEMG.L\/\" rel=\"nofollow noopener\" target=\"_blank\"><br \/>\n  EMG.L<br \/>\n <\/a><br \/>\n a enregistr\u00e9 une hausse de 22% de ses<br \/>\nactifs sous gestion, atteignant un niveau record de 213,9<br \/>\nmilliards de dollars au cours des 12 mois se terminant le 30<br \/>\nseptembre, d\u00e9passant ainsi les attentes des analystes, malgr\u00e9<br \/>\nune ann\u00e9e marqu\u00e9e par une forte volatilit\u00e9 des march\u00e9s et des<br \/>\nincertitudes g\u00e9opolitiques.\n<\/p>\n<p>\n * YARA<br \/>\n <a href=\"https:\/\/www.boursorama.com\/cours\/1mTIU2\/\" rel=\"nofollow noopener\" target=\"_blank\"><br \/>\n  YAR.OL<br \/>\n <\/a><br \/>\n a d\u00e9pass\u00e9 vendredi les pr\u00e9visions de<br \/>\nb\u00e9n\u00e9fice ajust\u00e9 pour le troisi\u00e8me trimestre, gr\u00e2ce \u00e0 la hausse<br \/>\ndes prix et \u00e0 la r\u00e9duction des co\u00fbts.\n<\/p>\n<p>\n L&rsquo;AGENDA FRANCE &amp; INTERNATIONAL \u00c0 7 JOURS:<br \/>\n nL5N3VR0E3\n<\/p>\n<p>\n (R\u00e9dig\u00e9 par Claude Chendjou et Mara V\u00eelcu, \u00e9dit\u00e9 par Augustin<br \/>\nTurpin)<\/p>\n","protected":false},"excerpt":{"rendered":"(Actualis\u00e9 avec Hermes) * Variation des futures sur indice CAC 40 0#FCE: * Variation des futures sur indice&hellip;\n","protected":false},"author":2,"featured_media":64038,"comment_status":"","ping_status":"","sticky":false,"template":"","format":"standard","meta":{"footnotes":""},"categories":[1888],"tags":[400,11,398,408,405,1777,674,1011,27,403,402,399,404,12,626,25,401,406,407],"class_list":{"0":"post-469448","1":"post","2":"type-post","3":"status-publish","4":"format-standard","5":"has-post-thumbnail","7":"category-paris","8":"tag-action-cac-40","9":"tag-actualites","10":"tag-bourse-de-paris","11":"tag-boursorama","12":"tag-cotations","13":"tag-eu","14":"tag-europe","15":"tag-fr","16":"tag-france","17":"tag-indices-devises","18":"tag-investir","19":"tag-investissement","20":"tag-marche-boursier","21":"tag-news","22":"tag-paris","23":"tag-republique-francaise","24":"tag-sicav","25":"tag-trackers","26":"tag-warrants"},"share_on_mastodon":{"url":"https:\/\/pubeurope.com\/@fr\/115388409788213154","error":""},"_links":{"self":[{"href":"https:\/\/www.europesays.com\/fr\/wp-json\/wp\/v2\/posts\/469448","targetHints":{"allow":["GET"]}}],"collection":[{"href":"https:\/\/www.europesays.com\/fr\/wp-json\/wp\/v2\/posts"}],"about":[{"href":"https:\/\/www.europesays.com\/fr\/wp-json\/wp\/v2\/types\/post"}],"author":[{"embeddable":true,"href":"https:\/\/www.europesays.com\/fr\/wp-json\/wp\/v2\/users\/2"}],"replies":[{"embeddable":true,"href":"https:\/\/www.europesays.com\/fr\/wp-json\/wp\/v2\/comments?post=469448"}],"version-history":[{"count":0,"href":"https:\/\/www.europesays.com\/fr\/wp-json\/wp\/v2\/posts\/469448\/revisions"}],"wp:featuredmedia":[{"embeddable":true,"href":"https:\/\/www.europesays.com\/fr\/wp-json\/wp\/v2\/media\/64038"}],"wp:attachment":[{"href":"https:\/\/www.europesays.com\/fr\/wp-json\/wp\/v2\/media?parent=469448"}],"wp:term":[{"taxonomy":"category","embeddable":true,"href":"https:\/\/www.europesays.com\/fr\/wp-json\/wp\/v2\/categories?post=469448"},{"taxonomy":"post_tag","embeddable":true,"href":"https:\/\/www.europesays.com\/fr\/wp-json\/wp\/v2\/tags?post=469448"}],"curies":[{"name":"wp","href":"https:\/\/api.w.org\/{rel}","templated":true}]}}