{"id":469451,"date":"2025-10-17T07:50:14","date_gmt":"2025-10-17T07:50:14","guid":{"rendered":"https:\/\/www.europesays.com\/fr\/469451\/"},"modified":"2025-10-17T07:50:14","modified_gmt":"2025-10-17T07:50:14","slug":"pour-amadouer-donald-trump-volodymyr-zelensky-a-troque-le-costume-de-victime-pour-celui-de-guerrier","status":"publish","type":"post","link":"https:\/\/www.europesays.com\/fr\/469451\/","title":{"rendered":"Pour amadouer Donald Trump, Volodymyr Zelensky a troqu\u00e9 le costume de victime pour celui de guerrier"},"content":{"rendered":"<p>\n    <strong>ANALYSE<\/strong> &#8211; L\u2019habilet\u00e9 du pr\u00e9sident ukrainien et l\u2019intransigeance de Vladimir Poutine ont provoqu\u00e9 un apparent revirement politique \u00e0 la Maison-Blanche. Pour combien de temps\u00a0?<\/p>\n<p class=\"fig-paragraph\">Les tournants d\u2019une guerre d\u00e9pendent souvent des hommes qui les m\u00e8nent et de leur psychologie.\u00a0<a href=\"http:\/\/www.lefigaro.fr\/international\/un-meurtrier-un-kidnappeur-d-enfants-la-colere-des-ukrainiens-apres-l-accueil-royal-reserve-a-vladimir-poutine-par-donald-trump-20250816\" target=\"_blank\" data-fig-type=\"Article\" rel=\"noopener nofollow\" data-gtm-custom-categorie=\"navigation\" data-gtm-custom-action=\"crossclick\" data-gtm-custom-label=\"Contextuel\" data-gtm-event=\"customEventSPE\" data-fig-domain=\"LEFIGARO\">Les Ukrainiens<\/a>\u00a0le savent, eux qui subissent depuis vingt-cinq ans les obsessions imp\u00e9riales de\u00a0<a href=\"http:\/\/www.lefigaro.fr\/international\/l-avenir-de-la-russie-pourrait-ressembler-a-la-periode-qui-a-suivi-la-mort-de-staline-ce-qui-attend-moscou-apres-poutine-20251006\" target=\"_blank\" data-fig-type=\"Article\" rel=\"noopener nofollow\" data-gtm-custom-categorie=\"navigation\" data-gtm-custom-action=\"crossclick\" data-gtm-custom-label=\"Contextuel\" data-gtm-event=\"customEventSPE\" data-fig-domain=\"LEFIGARO\">la Russie poutinienne<\/a>\u00a0et les m\u00e9thodes violentes d\u2019un patron \u00e9lev\u00e9 aux valeurs du KGB et \u00e0 l\u2019amertume, transform\u00e9e en d\u00e9sir de vengeance apr\u00e8s l\u2019effondrement de l\u2019Union sovi\u00e9tique. Ils savent aussi, contrairement aux dirigeants europ\u00e9ens, qu\u2019il est impossible de changer la trajectoire de\u00a0<a href=\"http:\/\/www.lefigaro.fr\/international\/dmytro-kuleba-je-crains-que-negocier-un-cessez-le-feu-avec-poutine-soit-plus-difficile-qu-entre-israel-et-le-hamas-20251016\" target=\"_blank\" data-fig-type=\"Article\" rel=\"noopener nofollow\" data-gtm-custom-categorie=\"navigation\" data-gtm-custom-action=\"crossclick\" data-gtm-custom-label=\"Contextuel\" data-gtm-event=\"customEventSPE\" data-fig-domain=\"LEFIGARO\">Vladimir Poutine<\/a>\u00a0par la diplomatie. Mais ils ont toujours cru que Donald Trump pouvait claquer la porte du Kremlin et se tourner vers l\u2019Ukraine. Avant m\u00eame l\u2019\u00e9lection, un dirigeant ukrainien le r\u00e9sumait ainsi\u00a0: \u00ab\u00a0Avec Biden, nous sommes assur\u00e9s d\u2019une mort lente. Trump peut nous noyer comme nous sauver avec une bou\u00e9e. Autant prendre ce risque.\u00a0\u00bb<\/p>\n<p class=\"fig-paragraph\">Faire basculer Donald Trump du c\u00f4t\u00e9 ukrainien\u00a0: ce fut l\u2019objectif du pr\u00e9sident Zelensky depuis le changement d\u2019Administration. L\u2019histoire r\u00e9cente lui donnait des arguments&amp;nbsp\u2026<\/p>\n<p class=\"fig-premium-paywall__infos\">\n        Cet article est r\u00e9serv\u00e9 aux abonn\u00e9s.        Il vous reste 85% \u00e0 d\u00e9couvrir.\n    <\/p>\n<p>                <img  data- alt=\"Le Figaro\" class=\"fig-img--complete fig-img\"\/><\/p>\n<p class=\"fig-premium-paywall__title\">Vous avez envie de lire la suite ?<\/p>\n<p class=\"fig-premium-paywall__subtitle\">D\u00e9bloquez tous les articles imm\u00e9diatement.<\/p>\n<p class=\"fig-premium-paywall__connect\">\n                D\u00e9j\u00e0 abonn\u00e9\u00a0?                <a class=\"fig-premium-paywall__connect-link\" href=\"https:\/\/connect.lefigaro.fr\/login?client=horizon_web&amp;type=main&amp;redirect_uri=https%3A%2F%2Fwww.lefigaro.fr%2Finternational%2Fpour-amadouer-donald-trump-volodymyr-zelensky-a-troque-le-costume-de-victime-pour-celui-de-guerrier-20251016\" data-js-gtm=\"{&quot;customCategorie&quot;: &quot;conversion&quot;, &quot;customAction&quot;: &quot;before_Landing_Connexion_paywall_auto&quot;, &quot;customLabel&quot;: &quot;bGVmaWdhcm8uZnJfXzFmMGFhOTI0LWIzMjctNjM0NC05ZjIzLWQxMmI1MTVlMDA5NV9fQXJ0aWNsZQ==_Pour amadouer Donald Trump, Volodymyr Zelensky a troqu\u00e9 le costume de victime pour celui de guerrier_171&quot;, &quot;customIDSPE&quot;: &quot;bGVmaWdhcm8uZnJfXzFmMGFhOTI0LWIzMjctNjM0NC05ZjIzLWQxMmI1MTVlMDA5NV9fQXJ0aWNsZQ==&quot;, &quot;event&quot;: &quot;customEventSPE&quot;}\" rel=\"nofollow noopener\" target=\"_blank\"><br \/>\n                    Connectez-vous<br \/>\n                <\/a>\n            <\/p>\n","protected":false},"excerpt":{"rendered":"ANALYSE &#8211; L\u2019habilet\u00e9 du pr\u00e9sident ukrainien et l\u2019intransigeance de Vladimir Poutine ont provoqu\u00e9 un apparent revirement politique \u00e0&hellip;\n","protected":false},"author":2,"featured_media":469452,"comment_status":"","ping_status":"","sticky":false,"template":"","format":"standard","meta":{"footnotes":""},"categories":[1590],"tags":[11,75,1777,674,131,12,220,134],"class_list":{"0":"post-469451","1":"post","2":"type-post","3":"status-publish","4":"format-standard","5":"has-post-thumbnail","7":"category-ukraine","8":"tag-actualites","9":"tag-donald-trump","10":"tag-eu","11":"tag-europe","12":"tag-guerre-en-ukraine","13":"tag-news","14":"tag-ukraine","15":"tag-volodymyr-zelensky"},"share_on_mastodon":{"url":"https:\/\/pubeurope.com\/@fr\/115388417598834814","error":""},"_links":{"self":[{"href":"https:\/\/www.europesays.com\/fr\/wp-json\/wp\/v2\/posts\/469451","targetHints":{"allow":["GET"]}}],"collection":[{"href":"https:\/\/www.europesays.com\/fr\/wp-json\/wp\/v2\/posts"}],"about":[{"href":"https:\/\/www.europesays.com\/fr\/wp-json\/wp\/v2\/types\/post"}],"author":[{"embeddable":true,"href":"https:\/\/www.europesays.com\/fr\/wp-json\/wp\/v2\/users\/2"}],"replies":[{"embeddable":true,"href":"https:\/\/www.europesays.com\/fr\/wp-json\/wp\/v2\/comments?post=469451"}],"version-history":[{"count":0,"href":"https:\/\/www.europesays.com\/fr\/wp-json\/wp\/v2\/posts\/469451\/revisions"}],"wp:featuredmedia":[{"embeddable":true,"href":"https:\/\/www.europesays.com\/fr\/wp-json\/wp\/v2\/media\/469452"}],"wp:attachment":[{"href":"https:\/\/www.europesays.com\/fr\/wp-json\/wp\/v2\/media?parent=469451"}],"wp:term":[{"taxonomy":"category","embeddable":true,"href":"https:\/\/www.europesays.com\/fr\/wp-json\/wp\/v2\/categories?post=469451"},{"taxonomy":"post_tag","embeddable":true,"href":"https:\/\/www.europesays.com\/fr\/wp-json\/wp\/v2\/tags?post=469451"}],"curies":[{"name":"wp","href":"https:\/\/api.w.org\/{rel}","templated":true}]}}