{"id":469453,"date":"2025-10-17T07:51:21","date_gmt":"2025-10-17T07:51:21","guid":{"rendered":"https:\/\/www.europesays.com\/fr\/469453\/"},"modified":"2025-10-17T07:51:21","modified_gmt":"2025-10-17T07:51:21","slug":"la-suspension-du-deploiement-de-la-garde-nationale-a-chicago-confirmee-en-appel","status":"publish","type":"post","link":"https:\/\/www.europesays.com\/fr\/469453\/","title":{"rendered":"La suspension du d\u00e9ploiement de la Garde nationale \u00e0 Chicago confirm\u00e9e en appel"},"content":{"rendered":"<p><img decoding=\"async\" src=\"https:\/\/www.europesays.com\/fr\/wp-content\/uploads\/2025\/10\/68e3e5ba4f2c55e1563f2352_GettyImages-2239291564.jpg\" loading=\"lazy\" width=\"Auto\" height=\"Auto\" alt=\"\" class=\"articles-banner\"\/><\/p>\n<p>Spencer Platt \/ Getty Images<\/p>\n<p>Une cour d&rsquo;appel f\u00e9d\u00e9rale a confirm\u00e9 jeudi la suspension du d\u00e9ploiement des militaires de la Garde nationale \u00e0 Chicago et dans sa r\u00e9gion ordonn\u00e9 par Donald Trump.<\/p>\n<p>Le pr\u00e9sident am\u00e9ricain a donn\u00e9 l&rsquo;ordre de d\u00e9ployer des centaines de soldats de la Garde nationale \u00e0 Chicago, affirmant qu&rsquo;ils \u00e9taient n\u00e9cessaires pour lutter contre la criminalit\u00e9 et prot\u00e9ger les agents de la police f\u00e9d\u00e9rale de l&rsquo;immigration (ICE) dans la troisi\u00e8me plus grande ville des \u00c9tats-Unis.<\/p>\n<p>La cour d&rsquo;appel a estim\u00e9 que l&rsquo;administration n&rsquo;avait pas \u00e9tabli que les conditions r\u00e9gnant dans cette ville de l&rsquo;Illinois justifiaient le d\u00e9ploiement des militaires.<\/p>\n<p>Le gouvernement n&rsquo;a pas d\u00e9montr\u00e9 \u00ab\u00a0l&rsquo;existence d&rsquo;une r\u00e9bellion ou d&rsquo;un danger de r\u00e9bellion en Illinois\u00a0\u00bb, a jug\u00e9 la cour.<\/p>\n<p>\u00ab\u00a0Les actions anim\u00e9es, continues et occasionnellement violentes de manifestants protestant contre la politique et les actes du gouvernement en mati\u00e8re d&rsquo;immigration ne constituent pas \u00e0 elles seules un danger de r\u00e9bellion contre l&rsquo;autorit\u00e9 du gouvernement.\u00a0\u00bb<\/p>\n<p>\u00ab\u00a0Non fiables\u00a0\u00bb<\/p>\n<p>April Perry avait alors suspendu pour deux semaines le d\u00e9ploiement des r\u00e9servistes de la Garde nationale \u00e0 Chicago.<\/p>\n<p>La juge, saisie par le gouverneur d\u00e9mocrate de l&rsquo;Illinois, JB Pritzker, et la mairie de Chicago, a qualifi\u00e9 les all\u00e9gations des responsables du minist\u00e8re de la S\u00e9curit\u00e9 int\u00e9rieure de \u00ab\u00a0non fiables\u00a0\u00bb.<\/p>\n<p>Depuis des semaines, le pr\u00e9sident r\u00e9publicain ciblait Chicago, annon\u00e7ant vouloir y d\u00e9ployer la Garde nationale comme il l&rsquo;a fait \u00e0 Los Angeles et Washington, \u00e0 chaque fois contre l&rsquo;avis des autorit\u00e9s locales d\u00e9mocrates.<\/p>\n<p>Un d\u00e9ploiement similaire \u00e0 Portland, dans le nord-ouest, autre ville dirig\u00e9e par les d\u00e9mocrates, a \u00e9t\u00e9 provisoirement bloqu\u00e9 par la justice.\u00a0<\/p>\n<p>A Memphis, ville d\u00e9mocrate du sud des Etats-Unis, les gardes nationaux sont sur place et aident les forces de l&rsquo;ordre \u00ab\u00a0dans des t\u00e2ches telles que les patrouilles\u00a0\u00bb et le \u00ab\u00a0contr\u00f4le de la circulation\u00a0\u00bb, ont d\u00e9clar\u00e9 jeudi les autorit\u00e9s de l&rsquo;Etat r\u00e9publicain du Tennessee. \u00a0<\/p>\n<p>Donald Trump a \u00e9rig\u00e9 la lutte contre l&rsquo;immigration clandestine en priorit\u00e9 absolue, \u00e9voquant une \u00ab\u00a0invasion\u00a0\u00bb des Etats-Unis par des \u00ab\u00a0criminels venus de l&rsquo;\u00e9tranger\u00a0\u00bb et communiquant abondamment sur les expulsions d&rsquo;immigr\u00e9s.<\/p>\n","protected":false},"excerpt":{"rendered":"Spencer Platt \/ Getty Images Une cour d&rsquo;appel f\u00e9d\u00e9rale a confirm\u00e9 jeudi la suspension du d\u00e9ploiement des militaires&hellip;\n","protected":false},"author":2,"featured_media":469454,"comment_status":"","ping_status":"","sticky":false,"template":"","format":"standard","meta":{"footnotes":""},"categories":[1589],"tags":[11,73,1866,12,1864,1865,1863,308],"class_list":{"0":"post-469453","1":"post","2":"type-post","3":"status-publish","4":"format-standard","5":"has-post-thumbnail","7":"category-etats-unis","8":"tag-actualites","9":"tag-etats-unis","10":"tag-etats-unis-damerique","11":"tag-news","12":"tag-united-states","13":"tag-united-states-of-america","14":"tag-us","15":"tag-usa"},"share_on_mastodon":{"url":"https:\/\/pubeurope.com\/@fr\/115388422058846186","error":""},"_links":{"self":[{"href":"https:\/\/www.europesays.com\/fr\/wp-json\/wp\/v2\/posts\/469453","targetHints":{"allow":["GET"]}}],"collection":[{"href":"https:\/\/www.europesays.com\/fr\/wp-json\/wp\/v2\/posts"}],"about":[{"href":"https:\/\/www.europesays.com\/fr\/wp-json\/wp\/v2\/types\/post"}],"author":[{"embeddable":true,"href":"https:\/\/www.europesays.com\/fr\/wp-json\/wp\/v2\/users\/2"}],"replies":[{"embeddable":true,"href":"https:\/\/www.europesays.com\/fr\/wp-json\/wp\/v2\/comments?post=469453"}],"version-history":[{"count":0,"href":"https:\/\/www.europesays.com\/fr\/wp-json\/wp\/v2\/posts\/469453\/revisions"}],"wp:featuredmedia":[{"embeddable":true,"href":"https:\/\/www.europesays.com\/fr\/wp-json\/wp\/v2\/media\/469454"}],"wp:attachment":[{"href":"https:\/\/www.europesays.com\/fr\/wp-json\/wp\/v2\/media?parent=469453"}],"wp:term":[{"taxonomy":"category","embeddable":true,"href":"https:\/\/www.europesays.com\/fr\/wp-json\/wp\/v2\/categories?post=469453"},{"taxonomy":"post_tag","embeddable":true,"href":"https:\/\/www.europesays.com\/fr\/wp-json\/wp\/v2\/tags?post=469453"}],"curies":[{"name":"wp","href":"https:\/\/api.w.org\/{rel}","templated":true}]}}