{"id":469457,"date":"2025-10-17T07:53:13","date_gmt":"2025-10-17T07:53:13","guid":{"rendered":"https:\/\/www.europesays.com\/fr\/469457\/"},"modified":"2025-10-17T07:53:13","modified_gmt":"2025-10-17T07:53:13","slug":"les-partis-allemands-unis-face-a-bruxelles","status":"publish","type":"post","link":"https:\/\/www.europesays.com\/fr\/469457\/","title":{"rendered":"les partis allemands unis face \u00e0 Bruxelles"},"content":{"rendered":"<p>\t\t\t\t\t\t\tEconomie.<\/p>\n<p>\t\t\t\t\tLes politiques allemands, de tous bords, sont unanimes pour d\u00e9fendre l&rsquo;industrie du pays, menac\u00e9e par les taxes US et la perte du march\u00e9 chinois.\t\t\t\t<\/p>\n<p>\n\t\t\t\t\tPubli\u00e9 le<br \/>\n\t\t\t\t\t17\/10\/2025 \u00e0 09h00\t\t\t\t\t<\/p>\n<p>\t\t\t\t\t\t\t\t<img decoding=\"async\" class=\"media illustration\" src=\"https:\/\/www.europesays.com\/fr\/wp-content\/uploads\/2025\/10\/1760687593_906_\" width=\"1200\" height=\"578\" loading=\"eager\" fetchpriority=\"high\" alt=\"Economie. Automobile : les partis allemands unis face \u00e0 Bruxelles\"\/><\/p>\n<p>\t\t\t\t\t\t\t\t\t\t\t\t\t\t\tFriedrich Merz (CDU), chancelier allemand : \u00e0 la t\u00eate d&rsquo;un gouvernement de coalition.<\/p>\n","protected":false},"excerpt":{"rendered":"Economie. Les politiques allemands, de tous bords, sont unanimes pour d\u00e9fendre l&rsquo;industrie du pays, menac\u00e9e par les taxes&hellip;\n","protected":false},"author":2,"featured_media":469458,"comment_status":"","ping_status":"","sticky":false,"template":"","format":"standard","meta":{"footnotes":""},"categories":[1587],"tags":[11,672,1804,1805,1803,1777,674,1801,12,1802],"class_list":{"0":"post-469457","1":"post","2":"type-post","3":"status-publish","4":"format-standard","5":"has-post-thumbnail","7":"category-allemagne","8":"tag-actualites","9":"tag-allemagne","10":"tag-bundesrepublik-deutschland","11":"tag-de","12":"tag-deutschland","13":"tag-eu","14":"tag-europe","15":"tag-germany","16":"tag-news","17":"tag-republique-federale-dallemagne"},"share_on_mastodon":{"url":"https:\/\/pubeurope.com\/@fr\/115388429993094810","error":""},"_links":{"self":[{"href":"https:\/\/www.europesays.com\/fr\/wp-json\/wp\/v2\/posts\/469457","targetHints":{"allow":["GET"]}}],"collection":[{"href":"https:\/\/www.europesays.com\/fr\/wp-json\/wp\/v2\/posts"}],"about":[{"href":"https:\/\/www.europesays.com\/fr\/wp-json\/wp\/v2\/types\/post"}],"author":[{"embeddable":true,"href":"https:\/\/www.europesays.com\/fr\/wp-json\/wp\/v2\/users\/2"}],"replies":[{"embeddable":true,"href":"https:\/\/www.europesays.com\/fr\/wp-json\/wp\/v2\/comments?post=469457"}],"version-history":[{"count":0,"href":"https:\/\/www.europesays.com\/fr\/wp-json\/wp\/v2\/posts\/469457\/revisions"}],"wp:featuredmedia":[{"embeddable":true,"href":"https:\/\/www.europesays.com\/fr\/wp-json\/wp\/v2\/media\/469458"}],"wp:attachment":[{"href":"https:\/\/www.europesays.com\/fr\/wp-json\/wp\/v2\/media?parent=469457"}],"wp:term":[{"taxonomy":"category","embeddable":true,"href":"https:\/\/www.europesays.com\/fr\/wp-json\/wp\/v2\/categories?post=469457"},{"taxonomy":"post_tag","embeddable":true,"href":"https:\/\/www.europesays.com\/fr\/wp-json\/wp\/v2\/tags?post=469457"}],"curies":[{"name":"wp","href":"https:\/\/api.w.org\/{rel}","templated":true}]}}