{"id":469466,"date":"2025-10-17T07:58:17","date_gmt":"2025-10-17T07:58:17","guid":{"rendered":"https:\/\/www.europesays.com\/fr\/469466\/"},"modified":"2025-10-17T07:58:17","modified_gmt":"2025-10-17T07:58:17","slug":"tchequie-france-acte-2-18h00-federation-francaise-de-football-fff","status":"publish","type":"post","link":"https:\/\/www.europesays.com\/fr\/469466\/","title":{"rendered":"Tch\u00e9quie-France, acte 2 (18h00) | F\u00e9d\u00e9ration Fran\u00e7aise de Football (FFF)"},"content":{"rendered":"<p>                                                              <img data-twic-src=\"https:\/\/www.europesays.com\/fr\/wp-content\/uploads\/2025\/10\/346114504cceced4f13bddacd238b37e.png\" data-credit=\"F\u00e9d\u00e9ration Tch\u00e8que de Football\" title=\"F\u00e9d\u00e9ration Tch\u00e8que de Football\" alt=\"France Futsal Souheil Mouhoudine\" class=\"block\"\/>                                        <\/p>\n<p style=\"font-weight: bold\">Le second match amical entre la R\u00e9publique tch\u00e8que et la France Futsal est \u00e0 vivre en direct sur la cha\u00eene YouTube de la FFF, ce vendredi \u00e0 18h00. <\/p>\n<p>Au lendemain d&rsquo;une premi\u00e8re rencontre amicale, <a href=\"https:\/\/www.fff.fr\/article\/15540-une-premiere-face-aux-tcheques-3-2-.html\" target=\"_blank\" rel=\"noopener nofollow\">remport\u00e9e par les Bleus (3-2)<\/a>, la R\u00e9publique tch\u00e8que et l&rsquo;\u00c9quipe de France Futsal ont de nouveau rendez-vous ce vendredi 17 octobre sur le parquet du Sportcentrum Sluneta de Usti Nad Labem, pour un coup d&rsquo;envoi pr\u00e9vu \u00e0 18h00.\u00a0<\/p>\n<p>Cette rencontre est retransmise en direct sur la cha\u00eene YouTube de la FFF.\u00a0<\/p>\n<p style=\"text-align: center;\"><strong><a href=\"https:\/\/www.fff.fr\/20-equipe-de-france-futsal\/index.html\" target=\"_blank\" rel=\"noopener nofollow\">L&rsquo;\u00c9quipe de France Futsal sur FFF.FR<\/a><\/strong><\/p><\/p>\n","protected":false},"excerpt":{"rendered":"Le second match amical entre la R\u00e9publique tch\u00e8que et la France Futsal est \u00e0 vivre en direct sur&hellip;\n","protected":false},"author":2,"featured_media":469467,"comment_status":"","ping_status":"","sticky":false,"template":"","format":"standard","meta":{"footnotes":""},"categories":[4],"tags":[11,85,1011,27,12,25],"class_list":{"0":"post-469466","1":"post","2":"type-post","3":"status-publish","4":"format-standard","5":"has-post-thumbnail","7":"category-france","8":"tag-actualites","9":"tag-fff","10":"tag-fr","11":"tag-france","12":"tag-news","13":"tag-republique-francaise"},"share_on_mastodon":{"url":"https:\/\/pubeurope.com\/@fr\/115388448965309270","error":""},"_links":{"self":[{"href":"https:\/\/www.europesays.com\/fr\/wp-json\/wp\/v2\/posts\/469466","targetHints":{"allow":["GET"]}}],"collection":[{"href":"https:\/\/www.europesays.com\/fr\/wp-json\/wp\/v2\/posts"}],"about":[{"href":"https:\/\/www.europesays.com\/fr\/wp-json\/wp\/v2\/types\/post"}],"author":[{"embeddable":true,"href":"https:\/\/www.europesays.com\/fr\/wp-json\/wp\/v2\/users\/2"}],"replies":[{"embeddable":true,"href":"https:\/\/www.europesays.com\/fr\/wp-json\/wp\/v2\/comments?post=469466"}],"version-history":[{"count":0,"href":"https:\/\/www.europesays.com\/fr\/wp-json\/wp\/v2\/posts\/469466\/revisions"}],"wp:featuredmedia":[{"embeddable":true,"href":"https:\/\/www.europesays.com\/fr\/wp-json\/wp\/v2\/media\/469467"}],"wp:attachment":[{"href":"https:\/\/www.europesays.com\/fr\/wp-json\/wp\/v2\/media?parent=469466"}],"wp:term":[{"taxonomy":"category","embeddable":true,"href":"https:\/\/www.europesays.com\/fr\/wp-json\/wp\/v2\/categories?post=469466"},{"taxonomy":"post_tag","embeddable":true,"href":"https:\/\/www.europesays.com\/fr\/wp-json\/wp\/v2\/tags?post=469466"}],"curies":[{"name":"wp","href":"https:\/\/api.w.org\/{rel}","templated":true}]}}