{"id":469470,"date":"2025-10-17T08:01:11","date_gmt":"2025-10-17T08:01:11","guid":{"rendered":"https:\/\/www.europesays.com\/fr\/469470\/"},"modified":"2025-10-17T08:01:11","modified_gmt":"2025-10-17T08:01:11","slug":"top-14-on-ne-passe-plus-notre-temps-a-taper-dans-des-murs-explique-pierre-henry-azagoh-stade-francais","status":"publish","type":"post","link":"https:\/\/www.europesays.com\/fr\/469470\/","title":{"rendered":"Top 14 &#8211; \u00ab\u00a0On ne passe plus notre temps \u00e0 taper dans des murs\u00a0\u00bb, explique Pierre-Henry Azagoh (Stade fran\u00e7ais)"},"content":{"rendered":"<p>\n                Le deuxi\u00e8me ligne du Stade fran\u00e7ais Pierre-Henri Azagoh, deux s\u00e9lections avec le XV de France, n\u2019a \u00e9t\u00e9 pour l\u2019instant titularis\u00e9 qu\u2019une seule fois en six journ\u00e9es. Pour autant, il savoure le bon d\u00e9but de saison de son \u00e9quipe marqu\u00e9 par une domination de son paquet d\u2019avant mais aussi par un jeu plus ambitieux que lors des saisons pr\u00e9c\u00e9dentes.\n            <\/p>\n<p><strong>Quatre victoires en six matchs, trois points de bonus, le Stade fran\u00e7ais est-il sur un nuage\u00a0?<\/strong><br \/>Ne nous enflammons pas. Compar\u00e9 \u00e0 la saison derni\u00e8re, on a bien mieux d\u00e9marr\u00e9. On a r\u00e9ussi un coup \u00e0 l\u2019ext\u00e9rieur, \u00e0 Perpignan. En plus, on n\u2019a pas autant de bless\u00e9s que l\u2019an dernier \u00e0 la m\u00eame \u00e9poque. Tous les voyants sont donc au vert malgr\u00e9 la d\u00e9faite \u00e0 Pau. \u00c7a, c\u2019est le point un peu n\u00e9gatif. L\u00e0-bas, il y a eu un petit retard \u00e0 l\u2019allumage, on n\u2019a rien fait en premi\u00e8re mi-temps. On a eu peur que les d\u00e9mons de la saison derni\u00e8re ne soient r\u00e9apparus. Mais cette d\u00e9faite nous a servis pour la suite, \u00e7a nous a permis de remettre un peu la pression.<\/p>\n<p><strong>Qu\u2019est-ce qui fait la diff\u00e9rence selon vous par rapport \u00e0 l\u2019an pass\u00e9\u00a0?<\/strong><br \/>L\u2019an pass\u00e9, nous avons perdu trois piliers lors de la premi\u00e8re journ\u00e9e, et pas des moindres (Giorgi Melikidze, Paul Alo-Emile et Sergo Abramishvili). Ces trois blessures, ajout\u00e9es \u00e0 celle de Mathieu Hirigoyen, nous ont fait mal. On a parfois \u00e9t\u00e9 oblig\u00e9 de faire du bricolage. La diff\u00e9rence entre la saison derni\u00e8re et cette ann\u00e9e, c\u2019est donc qu\u2019on ne d\u00e9marre pas sans quatre joueurs importants (Sergo Abramishvili est, lui, toujours bless\u00e9). On a notre effectif quasiment au complet et surtout \u00e0 des postes cl\u00e9s.<\/p>\n<p><strong>Le management de Paul Gustard ressemble aussi beaucoup \u00e0 ce qui se faisait lors de la saison 2023-2024. En quoi est-il pr\u00e9cieux en ce d\u00e9but de saison\u00a0?<\/strong><br \/>Paul a de l\u2019exp\u00e9rience. Il se sert un peu de ce qui a fonctionn\u00e9 sur l\u2019ann\u00e9e o\u00f9 on a fait la demi-finale. Je pense qu\u2019il a fait le m\u00eame constat que tout le monde\u00a0: nous n\u2019avons pas une grande profondeur d\u2019effectif. On doit jouer avec nos armes et ceux qui vont \u00eatre align\u00e9s ce week-end, par exemple, vont devoir montrer qu\u2019ils sont pr\u00e9sents. \u00c7a permet aussi \u00e0 tout le monde d\u2019avoir du temps de jeu et d\u2019\u00eatre concern\u00e9. On n\u2019a pas le choix, on a besoin de tout le monde, les saisons sont tellement longues.<\/p>\n<p><strong>Surtout que l\u2019effectif du Stade fran\u00e7ais n\u2019est pas celui de certains cadors du Top 14\u2026<\/strong><br \/>Non, c\u2019est s\u00fbr qu\u2019on n\u2019a pas une grosse profondeur d\u2019effectif. Mais ce match \u00e0 Castres, c\u2019est encore une bonne opportunit\u00e9 pour ceux qui n\u2019ont pas eu de temps de jeu jusqu\u2019\u00e0 pr\u00e9sent de pouvoir montrer qu\u2019ils sont l\u00e0 et que le club va pouvoir compter sur eux durant toute la saison.<\/p>\n<p><strong>Par-del\u00e0 la domination de votre paquet d\u2019avants, le jeu du Stade fran\u00e7ais semble tendre vers plus d\u2019alternance. Vrai ou faux\u00a0?<\/strong><br \/>Oui, offensivement, j\u2019ai le sentiment que nous sommes plus dangereux que les ann\u00e9es pr\u00e9c\u00e9dentes. On ne va pas se mentir, il y a quelque temps, c\u2019\u00e9tait juste un ruck, du jeu au pied et des chasses. Ceci dit, \u00e7a fonctionnait plut\u00f4t pas mal l\u2019ann\u00e9e de notre derni\u00e8re demi-finale. Mais on est oblig\u00e9 aussi d\u2019\u00e9voluer et de changer un peu de strat\u00e9gie. Surtout, c\u2019est beaucoup plus plaisant \u00e0 jouer. On touche un peu plus de ballons et il y a un peu plus de vari\u00e9t\u00e9. On ne passe plus notre temps \u00e0 taper dans des murs pendant 80 minutes. On voit que l\u2019on est capable de marquer des essais en premi\u00e8re main, ce qui n\u2019est pas arriv\u00e9 souvent par le pass\u00e9. Il y a donc un changement de philosophie. Et \u00e7a se ressent sur le terrain, \u00e0 l\u2019entra\u00eenement comme en match.<\/p>\n<p><strong>C\u2019est-\u00e0-dire\u00a0?<\/strong><br \/>On prend plus de plaisir \u00e0 l\u2019entra\u00eenement. C\u2019est un peu plus carr\u00e9. On ose tenter des choses, on n\u2019a pas peur de jouer les coups. Les r\u00e9sultats positifs nous aident aussi en ce sens. Il y a plus de confiance. \u00c7a favorise la prise de risque plut\u00f4t que de rester prisonnier d\u2019un jeu tr\u00e8s st\u00e9r\u00e9otyp\u00e9. Et, bizarrement, le groupe vit mieux. On partage plus de bons moments tous ensemble. On se voit plus souvent autour d\u2019un d\u00e9jeuner ou d\u2019un d\u00eener d\u2019\u00e9quipe. Mais il ne faut pas s\u2019enflammer, la saison est encore longue.<\/p>\n<p><strong>Quel sera l\u2019objectif sur cette rencontre face \u00e0 Castres samedi, avec une \u00e9quipe largement diff\u00e9rente de celle qui a battu La\u00a0Rochelle le week-end dernier\u00a0?<\/strong><br \/>On va passer un vrai test de caract\u00e8re \u00e0 Castres. Devant, ils sont tr\u00e8s costauds et on sait que ce n\u2019est jamais simple de les affronter sur leur terrain. Le climat sera hostile. On va \u00eatre bien accueillis par le public. Tout \u00e7a, on le sait. On va devoir trouver des ressources pour faire un bon match, pour \u00e9viter de perdre et de vivre une grosse d\u00e9sillusion.<\/p>\n<p><strong>\u00c0 titre personnel, vous n\u2019avez \u00e9t\u00e9 titularis\u00e9 qu\u2019\u00e0 une seule reprise depuis le d\u00e9but de saison alors que vous \u00eates parfois proche du groupe du XV de France. Comment le vivez-vous\u00a0?<\/strong><br \/>Pour penser \u00e0 l\u2019\u00e9quipe de France et pour \u00eatre tr\u00e8s transparent, c\u2019est \u00e0 moi de faire de meilleurs matchs. C\u2019est donc pr\u00e9matur\u00e9 d\u2019\u00e9voquer ce sujet. \u00c0 Paris, la concurrence est rude. En deuxi\u00e8me ligne, Baptiste (Pesenti) fait un gros d\u00e9but de saison. Il est partout, il d\u00e9m\u00e9nage les mecs. De le voir \u00e0 ce niveau-l\u00e0, \u00e7a fait plaisir parce que je n\u2019oublie pas que la saison derni\u00e8re, on a \u00e9t\u00e9 tous les deux un peu critiqu\u00e9s pour notre indiscipline. Il r\u00e9pond de la meilleure des mani\u00e8res.<\/p>\n<p><strong>Mais, \u00e0 titre personnel, vous sentez-vous plus \u00e0 l\u2019aise \u00e0 gauche ou \u00e0 droite de la deuxi\u00e8me ligne\u00a0?<\/strong><br \/>Je me sens \u00e0 l\u2019aise des deux c\u00f4t\u00e9s. Je n\u2019ai pas les qualit\u00e9s d\u2019un Skelton, d\u2019un Meafou ou d\u2019un Van der Mescht. Mais pour la m\u00eal\u00e9e, j\u2019ai de bonnes statistiques au niveau des squats (rires). C\u2019est aussi pour \u00e7a que je pousse aussi bien \u00e0 droite qu\u2019\u00e0 gauche. De toute fa\u00e7on, le plus important, c\u2019est que l\u2019\u00e9quipe soit performante. Et pour moi, c\u2019est de jouer et d\u2019encha\u00eener les matchs. C\u2019est mon objectif.<\/p>\n","protected":false},"excerpt":{"rendered":"Le deuxi\u00e8me ligne du Stade fran\u00e7ais Pierre-Henri Azagoh, deux s\u00e9lections avec le XV de France, n\u2019a \u00e9t\u00e9 pour&hellip;\n","protected":false},"author":2,"featured_media":469471,"comment_status":"","ping_status":"","sticky":false,"template":"","format":"standard","meta":{"footnotes":""},"categories":[1416],"tags":[1011,27,479,1468,60],"class_list":{"0":"post-469470","1":"post","2":"type-post","3":"status-publish","4":"format-standard","5":"has-post-thumbnail","7":"category-rugby","8":"tag-fr","9":"tag-france","10":"tag-rugby","11":"tag-rugby-football","12":"tag-sports"},"share_on_mastodon":{"url":"https:\/\/pubeurope.com\/@fr\/115388460791119005","error":""},"_links":{"self":[{"href":"https:\/\/www.europesays.com\/fr\/wp-json\/wp\/v2\/posts\/469470","targetHints":{"allow":["GET"]}}],"collection":[{"href":"https:\/\/www.europesays.com\/fr\/wp-json\/wp\/v2\/posts"}],"about":[{"href":"https:\/\/www.europesays.com\/fr\/wp-json\/wp\/v2\/types\/post"}],"author":[{"embeddable":true,"href":"https:\/\/www.europesays.com\/fr\/wp-json\/wp\/v2\/users\/2"}],"replies":[{"embeddable":true,"href":"https:\/\/www.europesays.com\/fr\/wp-json\/wp\/v2\/comments?post=469470"}],"version-history":[{"count":0,"href":"https:\/\/www.europesays.com\/fr\/wp-json\/wp\/v2\/posts\/469470\/revisions"}],"wp:featuredmedia":[{"embeddable":true,"href":"https:\/\/www.europesays.com\/fr\/wp-json\/wp\/v2\/media\/469471"}],"wp:attachment":[{"href":"https:\/\/www.europesays.com\/fr\/wp-json\/wp\/v2\/media?parent=469470"}],"wp:term":[{"taxonomy":"category","embeddable":true,"href":"https:\/\/www.europesays.com\/fr\/wp-json\/wp\/v2\/categories?post=469470"},{"taxonomy":"post_tag","embeddable":true,"href":"https:\/\/www.europesays.com\/fr\/wp-json\/wp\/v2\/tags?post=469470"}],"curies":[{"name":"wp","href":"https:\/\/api.w.org\/{rel}","templated":true}]}}