{"id":469476,"date":"2025-10-17T08:05:18","date_gmt":"2025-10-17T08:05:18","guid":{"rendered":"https:\/\/www.europesays.com\/fr\/469476\/"},"modified":"2025-10-17T08:05:18","modified_gmt":"2025-10-17T08:05:18","slug":"apple-sappreterait-a-semparer-des-droits-de-la-f1-aux-usa-ce-week-end","status":"publish","type":"post","link":"https:\/\/www.europesays.com\/fr\/469476\/","title":{"rendered":"Apple s\u2019appr\u00eaterait \u00e0 s\u2019emparer des droits de la F1 aux USA ce week-end"},"content":{"rendered":"<p>Apr\u00e8s le film, Apple s\u2019int\u00e9resse \u00e0 la Formule Un elle-m\u00eame. En bon passionn\u00e9 de sport auto, Eddy Cue a donn\u00e9 son avis sur la diffusion du sport automobile le plus regard\u00e9 au monde, et ses conclusions vont dans le sens d\u2019une prise en main par Apple, <a rel=\"nofollow noopener\" href=\"https:\/\/www.cnbc.com\/2025\/10\/16\/apple-wants-to-reform-sports-streaming-as-it-nears-f1-rights-deal.html\" target=\"_blank\">comme rapport\u00e9 par CNBC<\/a>.<\/p>\n<p><img decoding=\"async\" loading=\"lazy\" src=\"https:\/\/www.europesays.com\/fr\/wp-content\/uploads\/2025\/10\/mg-b44cce0a-w4096-w828-w2600-w1300.jpg\"   data-jslghtbx=\"https:\/\/cdn.mgig.fr\/2025\/10\/mg-b44cce0a-w4096.jpg\"\/>Jenson Button et sa Brawn GP, en 2009. Image Greg Onizuka.<\/p>\n<p>Apple, au moins par l\u2019interm\u00e9diaire de son Senior Vice-President Services, montre son int\u00e9r\u00eat pour la F1 : \u00ab\u00a0Nous aimons la F1\u00a0\u00bb, au moins, c\u2019est dit. En m\u00eame temps, apr\u00e8s le succ\u00e8s du film sur le dit sport, Apple est tent\u00e9e de surfer sur la vague et de r\u00e9cup\u00e9rer les droits de ces courses de monoplaces.<\/p>\n<p>Cependant, si Cupertino s\u2019appr\u00eate \u00e0 d\u00e9poser 140 millions de dollars par an sur la table, Eddy Cue annonce que ce ne sera pas pour faire comme ses petits camarades, et proposer une fois de plus un abonnement dans l\u2019abonnement pour pouvoir b\u00e9n\u00e9ficier des courses de F1 :<\/p>\n<blockquote><p>&#13;<\/p>\n<p>Nous avons r\u00e9gress\u00e9. [&#8230;] Avant, vous aviez une souscription au c\u00e2ble, et vous pouviez regarder \u00e0 peu pr\u00e8s tout ce que vous vouliez. Maintenant, il y a tant d\u2019abonnements diff\u00e9rents, je pense qu\u2019il faut revoir la copie.<\/p>\n<p>&#13;\n<\/p><\/blockquote>\n<p>M\u00eame si elle fait partie int\u00e9grante du probl\u00e8me, Apple entend simplifier les choses en int\u00e9grant la F1 \u00e0 l\u2019abonnement Apple\u00a0TV, comme elle l\u2019a d\u00e9j\u00e0 fait pour la Major League Soccer et le MLB Friday Night Baseball. Pas de co\u00fbts additionnels. Juste 12,99 dollars par mois pour la totalit\u00e9.<\/p>\n<p><a href=\"https:\/\/www.igen.fr\/apple-tv\/2025\/10\/f1-confirme-en-streaming-sur-apple-tv-le-12-decembre-2025-mais-pas-en-france-152811\" class=\"related-article igen\" rel=\"nofollow noopener\" target=\"_blank\"> <img decoding=\"async\" src=\"https:\/\/www.europesays.com\/fr\/wp-content\/uploads\/2025\/10\/mga-3391928b-w375-w1500-w750_accroche.jpg\" alt=\"\u00ab\u00a0F1\u00a0\u00bb confirm\u00e9 en streaming sur Apple\u00a0TV le 12 d\u00e9cembre 2025, mais pas en France\"\/> <\/p>\n<p class=\"\">\u00ab\u00a0F1\u00a0\u00bb confirm\u00e9 en streaming sur Apple\u00a0TV le 12 d\u00e9cembre 2025, mais pas en France<\/p>\n<p><\/a><\/p>\n<p>Eddy Cue a aussi une vision sur la F1 pour les enfants, souhaitant rendre l\u2019exp\u00e9rience plus amusante et moderne pour le jeune public (<a rel=\"nofollow noopener\" href=\"https:\/\/www.formula1.com\/en\/latest\/article\/second-season-of-f1-kids-to-broadcast-seven-races.3pmHww5n791dWAnfkqAmjC\" target=\"_blank\">la F1 a d\u00e9j\u00e0 tent\u00e9 quelques exp\u00e9rimentations avec F1 Kids depuis 2024<\/a>).<\/p>\n<p>Bien entendu, comme pour la MLS, Apple veut l\u2019exclusivit\u00e9 absolue sur le sport, et aucun autre m\u00e9dia ne pourra donc diffuser la F1 aux USA&#8230; et c\u2019est apparemment le plus gros point d\u2019achoppement restant : la F1 a d\u00e9j\u00e0 son m\u00e9dia de diffusion, F1 TV, et Apple souhaiterait qu\u2019elle l\u2019abandonne pour lui laisser l\u2019exclusivit\u00e9 am\u00e9ricaine. Les autres contrats concernant ESPN et ABC se terminant \u00e0 la fin de la saison, ils ne poseront pas de soucis.<\/p>\n<p>Si tout se passe <a href=\"https:\/\/www.motorsport.com\/f1\/news\/announcement-of-apples-us-f1-rights-confirmation-tipped-for-united-states-gp\/10766760\/\" rel=\"nofollow noopener\" target=\"_blank\">comme le pr\u00e9voit Motorsport<\/a>, une annonce pourrait avoir lieu d\u00e8s le GP des USA, qui se tiendra ce week-end. Le contrat, s\u2019il est sign\u00e9, semble ne concerner malheureusement que les USA&#8230; les fran\u00e7ais devront encore faire avec Canal+ pour quelques temps.<\/p>\n","protected":false},"excerpt":{"rendered":"Apr\u00e8s le film, Apple s\u2019int\u00e9resse \u00e0 la Formule Un elle-m\u00eame. En bon passionn\u00e9 de sport auto, Eddy Cue&hellip;\n","protected":false},"author":2,"featured_media":469477,"comment_status":"","ping_status":"","sticky":false,"template":"","format":"standard","meta":{"footnotes":""},"categories":[1412],"tags":[519,59316,59315,1451,1452,1453,1454,1455,1011,27,60],"class_list":{"0":"post-469476","1":"post","2":"type-post","3":"status-publish","4":"format-standard","5":"has-post-thumbnail","7":"category-f1","8":"tag-apple-tv","9":"tag-droits-televisuels","10":"tag-eddy-cue","11":"tag-f1","12":"tag-formula-1","13":"tag-formula1","14":"tag-formule-1","15":"tag-formule1","16":"tag-fr","17":"tag-france","18":"tag-sports"},"share_on_mastodon":{"url":"https:\/\/pubeurope.com\/@fr\/115388477045584712","error":""},"_links":{"self":[{"href":"https:\/\/www.europesays.com\/fr\/wp-json\/wp\/v2\/posts\/469476","targetHints":{"allow":["GET"]}}],"collection":[{"href":"https:\/\/www.europesays.com\/fr\/wp-json\/wp\/v2\/posts"}],"about":[{"href":"https:\/\/www.europesays.com\/fr\/wp-json\/wp\/v2\/types\/post"}],"author":[{"embeddable":true,"href":"https:\/\/www.europesays.com\/fr\/wp-json\/wp\/v2\/users\/2"}],"replies":[{"embeddable":true,"href":"https:\/\/www.europesays.com\/fr\/wp-json\/wp\/v2\/comments?post=469476"}],"version-history":[{"count":0,"href":"https:\/\/www.europesays.com\/fr\/wp-json\/wp\/v2\/posts\/469476\/revisions"}],"wp:featuredmedia":[{"embeddable":true,"href":"https:\/\/www.europesays.com\/fr\/wp-json\/wp\/v2\/media\/469477"}],"wp:attachment":[{"href":"https:\/\/www.europesays.com\/fr\/wp-json\/wp\/v2\/media?parent=469476"}],"wp:term":[{"taxonomy":"category","embeddable":true,"href":"https:\/\/www.europesays.com\/fr\/wp-json\/wp\/v2\/categories?post=469476"},{"taxonomy":"post_tag","embeddable":true,"href":"https:\/\/www.europesays.com\/fr\/wp-json\/wp\/v2\/tags?post=469476"}],"curies":[{"name":"wp","href":"https:\/\/api.w.org\/{rel}","templated":true}]}}