{"id":469483,"date":"2025-10-17T08:09:10","date_gmt":"2025-10-17T08:09:10","guid":{"rendered":"https:\/\/www.europesays.com\/fr\/469483\/"},"modified":"2025-10-17T08:09:10","modified_gmt":"2025-10-17T08:09:10","slug":"le-chateau-de-vaux-en-champagne-lhistoire-dun-sauvetage","status":"publish","type":"post","link":"https:\/\/www.europesays.com\/fr\/469483\/","title":{"rendered":"le ch\u00e2teau de Vaux en Champagne, l\u2019histoire d\u2019un sauvetage"},"content":{"rendered":"<p data-module=\"standfirst\" data-context=\"@media (min-width:48em)\">\n    \u00c0 22 ans, \u00c9douard Guyot achetait le ch\u00e2teau de Vaux en Champagne, \u00e0 l\u2019abandon. Dix ans plus tard, le Grand Troph\u00e9e Dassault Histoire et Patrimoine \u2013 organis\u00e9 par la Fondation M\u00e9rim\u00e9e, Le Figaro Magazine et Propri\u00e9t\u00e9s Le Figaro \u2013 r\u00e9compense le magnifique travail de restauration qu\u2019il y a accompli.<\/p>\n<p class=\"fig-paragraph fig-paragraph--dropped\">Onze ans d\u00e9j\u00e0\u00a0! \u00c9douard Guyot se souvient comme si c\u2019\u00e9tait hier de sa premi\u00e8re venue au\u00a0<a href=\"http:\/\/www.lefigaro.fr\/argent\/stephanie-et-romme-au-chateau-de-trecesson-dans-le-morbihan-le-nombre-de-visiteurs-augmente-de-50-chaque-annee-20250927\" data-fig-type=\"Article\" data-gtm-custom-categorie=\"navigation\" data-gtm-custom-action=\"crossclick\" data-gtm-custom-label=\"Contextuel\" data-gtm-event=\"customEventSPE\" data-fig-domain=\"LEFIGARO\" target=\"_blank\" rel=\"noopener\">ch\u00e2teau<\/a>\u00a0de Vaux en Champagne (\u00e0 Fouch\u00e8res, dans l\u2019Aube), avec la complicit\u00e9 d\u2019un ami dont les parents habitaient \u00e0 proximit\u00e9 de cette vaste demeure du XVIIIe\u00a0si\u00e8cle, perdue au c\u0153ur des 3000 hectares du massif forestier de Chaource. Ce joyau, dessin\u00e9 par Germain Boffrand, architecte du duc de Lorraine et de la Couronne, \u00e9tait \u00e0 vendre. \u00ab Je suis arriv\u00e9 par l\u2019arri\u00e8re du ch\u00e2teau et par son immense parc \u00e0 l\u2019anglaise, raconte \u00c9douard Guyot. D\u2019embl\u00e9e, j\u2019ai eu le coup de foudre pour l\u2019architecture R\u00e9gence de Vaux, l\u2019\u00e9l\u00e9gance et la parfaite sym\u00e9trie de ses fa\u00e7ades, cette all\u00e9e majestueuse de 2,7 kilom\u00e8tres de long qui relie le ch\u00e2teau au monde ext\u00e9rieur (la route de Troyes \u00e0 Dijon, NDLR)\u2026 La beaut\u00e9 du site, avec sa v\u00e9g\u00e9tation omnipr\u00e9sente, \u00e9tait envoutante. J\u2019ai aussit\u00f4t ressenti le d\u00e9sir de consacrer ma vie \u00e0 sauver ce chef-d\u2019\u0153uvre oubli\u00e9 du patrimoine.\u00a0\u00bb \u00c9douard Guyot, \u00e0 l\u2019\u00e9poque, n\u2019avait que 21\u2026<\/p>\n<p class=\"fig-premium-paywall__infos\">\n        Cet article est r\u00e9serv\u00e9 aux abonn\u00e9s.        Il vous reste 93% \u00e0 d\u00e9couvrir.\n    <\/p>\n<p>                <img  data- alt=\"Le Figaro\" class=\"fig-img--complete fig-img\"\/><\/p>\n<p class=\"fig-premium-paywall__title\">Vous avez envie de lire la suite ?<\/p>\n<p class=\"fig-premium-paywall__subtitle\">D\u00e9bloquez tous les articles imm\u00e9diatement.<\/p>\n<p class=\"fig-premium-paywall__connect\">\n                D\u00e9j\u00e0 abonn\u00e9\u00a0?                <a class=\"fig-premium-paywall__connect-link\" href=\"https:\/\/connect.lefigaro.fr\/login?client=horizon_web&amp;type=main&amp;redirect_uri=https%3A%2F%2Fwww.lefigaro.fr%2Fculture%2Fpatrimoine%2Fgrand-trophee-dassault-2025-le-chateau-de-vaux-en-champagne-l-histoire-d-un-sauvetage-20251017\" data-js-gtm=\"{&quot;customCategorie&quot;: &quot;conversion&quot;, &quot;customAction&quot;: &quot;before_Landing_Connexion_paywall_auto&quot;, &quot;customLabel&quot;: &quot;bGVmaWdhcm8uZnJfXzFmMGE5YjIzLWFjYjItNjM0Yy04OGMzLTY1NWNkMjNhODk2ZF9fQXJ0aWNsZQ==_Grand Troph\u00e9e Dassault 2025: le ch\u00e2teau de Vaux en Champagne, l\u2019histoire d\u2019un sauvetage_1000&quot;, &quot;customIDSPE&quot;: &quot;bGVmaWdhcm8uZnJfXzFmMGE5YjIzLWFjYjItNjM0Yy04OGMzLTY1NWNkMjNhODk2ZF9fQXJ0aWNsZQ==&quot;, &quot;event&quot;: &quot;customEventSPE&quot;}\" target=\"_blank\" rel=\"noopener\"><br \/>\n                    Connectez-vous<br \/>\n                <\/a>\n            <\/p>\n","protected":false},"excerpt":{"rendered":"\u00c0 22 ans, \u00c9douard Guyot achetait le ch\u00e2teau de Vaux en Champagne, \u00e0 l\u2019abandon. Dix ans plus tard,&hellip;\n","protected":false},"author":2,"featured_media":469484,"comment_status":"","ping_status":"","sticky":false,"template":"","format":"standard","meta":{"footnotes":""},"categories":[1358],"tags":[1348,1384,1385,4811,1386,58,59,1011,27],"class_list":{"0":"post-469483","1":"post","2":"type-post","3":"status-publish","4":"format-standard","5":"has-post-thumbnail","7":"category-arts-et-design","8":"tag-arts","9":"tag-arts-and-design","10":"tag-arts-et-design","11":"tag-chateau","12":"tag-design","13":"tag-divertissement","14":"tag-entertainment","15":"tag-fr","16":"tag-france"},"share_on_mastodon":{"url":"https:\/\/pubeurope.com\/@fr\/115388492203561483","error":""},"_links":{"self":[{"href":"https:\/\/www.europesays.com\/fr\/wp-json\/wp\/v2\/posts\/469483","targetHints":{"allow":["GET"]}}],"collection":[{"href":"https:\/\/www.europesays.com\/fr\/wp-json\/wp\/v2\/posts"}],"about":[{"href":"https:\/\/www.europesays.com\/fr\/wp-json\/wp\/v2\/types\/post"}],"author":[{"embeddable":true,"href":"https:\/\/www.europesays.com\/fr\/wp-json\/wp\/v2\/users\/2"}],"replies":[{"embeddable":true,"href":"https:\/\/www.europesays.com\/fr\/wp-json\/wp\/v2\/comments?post=469483"}],"version-history":[{"count":0,"href":"https:\/\/www.europesays.com\/fr\/wp-json\/wp\/v2\/posts\/469483\/revisions"}],"wp:featuredmedia":[{"embeddable":true,"href":"https:\/\/www.europesays.com\/fr\/wp-json\/wp\/v2\/media\/469484"}],"wp:attachment":[{"href":"https:\/\/www.europesays.com\/fr\/wp-json\/wp\/v2\/media?parent=469483"}],"wp:term":[{"taxonomy":"category","embeddable":true,"href":"https:\/\/www.europesays.com\/fr\/wp-json\/wp\/v2\/categories?post=469483"},{"taxonomy":"post_tag","embeddable":true,"href":"https:\/\/www.europesays.com\/fr\/wp-json\/wp\/v2\/tags?post=469483"}],"curies":[{"name":"wp","href":"https:\/\/api.w.org\/{rel}","templated":true}]}}