{"id":469485,"date":"2025-10-17T08:12:23","date_gmt":"2025-10-17T08:12:23","guid":{"rendered":"https:\/\/www.europesays.com\/fr\/469485\/"},"modified":"2025-10-17T08:12:23","modified_gmt":"2025-10-17T08:12:23","slug":"livres-de-poche-les-meilleures-nouveautes-doctobre-2025-3","status":"publish","type":"post","link":"https:\/\/www.europesays.com\/fr\/469485\/","title":{"rendered":"Livres de poche\u00a0: les meilleures nouveaut\u00e9s d\u2019octobre\u00a02025"},"content":{"rendered":"\n<p class=\"article__chapeau\">Du polar rural sombre de Jean-Christophe Tixier \u00e0 la science-fiction immersive de Hugh Howey, en passant par le premier roman social de Nicolas Mathieu, adapt\u00e9 en s\u00e9rie\u2026\u00a0D\u00e9couvrez notre s\u00e9lection.<\/p>\n<p>              <a href=\"https:\/\/www.europesays.com\/fr\/wp-content\/uploads\/2025\/10\/3d1c127_upload-1-ah6zirybjewd-mathieu-nicolas-c-astrid-di-crollalanza-dei-cembre-2025.jpg\" data-pswp-width=\"\" data-pswp-height=\"\" class=\"media__hd\" target=\"_blank\">      <img decoding=\"async\" fetchpriority=\"high\" src=\"https:\/\/www.europesays.com\/fr\/wp-content\/uploads\/2025\/10\/3d1c127_upload-1-ah6zirybjewd-mathieu-nicolas-c-astrid-di-crollalanza-dei-cembre-2025.jpg\" class=\"media__picture js-media-zoom-main \" alt=\"Nicolas Mathieu. \" title=\"Photo Astrid di Crollalanza\"\/>      <\/p>\n<p class=\"media__legend\"> Nicolas Mathieu.   Photo Astrid di Crollalanza  <\/p>\n<p>     <\/a>                    <\/p>\n<p class=\"author author--simple\">Par  <a class=\"author author--link\" href=\"https:\/\/www.telerama.fr\/recherche\/articles?q=Camille+Cevaer+avec+le+service+Livres\" rel=\"nofollow noopener\" target=\"_blank\"> Camille Cevaer avec le service Livres <\/a>    <\/p>\n<p class=\"publication__date\">Publi\u00e9 le 17 octobre 2025 \u00e0 09h45<\/p>\n<p>   Partager   <\/p>\n<ul class=\"sharing-popin--results\">\n<li class=\"sharing-popin--item sharing-popin--item-container\"> Partage  <\/li>\n<li data-share=\"linkedin\" class=\"sharing-popin--item\">  LinkedIn <\/li>\n<li data-share=\"facebook\" class=\"sharing-popin--item\">  Facebook <\/li>\n<li data-share=\"mail\" data-social=\"mail\" class=\"sharing-popin--item\">  Envoyer par email <\/li>\n<li data-share=\"copy\" class=\"sharing-popin--item\">  Copier le lien <\/li>\n<\/ul>\n<p>        Favoris       <\/p>\n<p>                <a class=\"openapp__link\" data-event=\"click-open-app\" data-deep-link=\"tlrm:\/\/element?id=\/livre\/livres-de-poche-les-meilleures-nouveautes-d-octobre-2025-4504-7027019.php&amp;source=deeplink_site\">  Lire dans l&rsquo;application<br \/>\n  <\/a>                               \u201c<strong>Aux animaux la guerre<\/strong>\u201d, <strong>de Nicolas Mathieu<\/strong>                                      <\/p>\n<p class=\"paragraph\">Premier roman de Nicolas Mathieu, ce roman noir choral explore la France ouvri\u00e8re d\u00e9laiss\u00e9e, o\u00f9 la violence sourde fa\u00e7onne les vies. \u00c0 travers plusieurs voix, l\u2019auteur dresse une fresque sociale puissante et intime. Adapt\u00e9 en une s\u00e9rie en six \u00e9pisodes, le r\u00e9cit gagne en intensit\u00e9, offrant une plong\u00e9e immersive dans cet univers marqu\u00e9 par la pr\u00e9carit\u00e9 et les tensions.<\/p>\n<p>                              <a href=\"https:\/\/www.europesays.com\/fr\/wp-content\/uploads\/2025\/10\/53a4df2_upload-1-9tzshllsj8yi-couv-poche-2.png\" data-pswp-width=\"\" data-pswp-height=\"\" class=\"media__hd\" target=\"_blank\">      <img decoding=\"async\" loading=\"lazy\" src=\"https:\/\/www.europesays.com\/fr\/wp-content\/uploads\/2025\/10\/53a4df2_upload-1-9tzshllsj8yi-couv-poche-2.png\" class=\"media__picture js-media-zoom  media__size--large\" alt=\"\" title=\"\"\/>       <\/a>                          <\/p>\n<p>\u00c9d. Babel, 10,20\u20ac.<\/p>\n<p class=\"edito__prefixe\">   Lire notre article    <\/p>\n<p class=\"edito__text-container\">   <a alt=\"Lire notre article \" href=\"https:\/\/www.telerama.fr\/series-tv\/aux-animaux-la-guerre-comment-nicolas-mathieu-a-faconne-les-personnages-de-son-roman-devenu-serie,n5903143.php\" class=\"article__title--edito\" rel=\"nofollow noopener\" target=\"_blank\">\u201cAux animaux la guerre\u201d, de Nicolas Mathieu <\/a>  <\/p>\n<p>                                        \u201c<strong>Le D\u00e9sastre de la maison des notables<\/strong>\u201d, <strong>de <\/strong>Amira Ghenim                      <\/p>\n<p class=\"paragraph\">De la litt\u00e9rature du Maghreb, seule la part francophone parvient d\u2019ordinaire en France. La collection Khamsa (soit \u00ab\u00a0cinq\u00a0\u00bb en arabe, comme le nombre de pays de cette aire), nou\u00e9e entre Philippe Rey et les \u00e9ditions Barzakh, bas\u00e9es \u00e0 Alger, y rem\u00e9die en proposant des \u00ab\u00a0fictions arabophones du Maghreb\u00a0\u00bb. Ainsi de ce troisi\u00e8me titre de la s\u00e9rie, sign\u00e9 Amira Ghenim. L\u2019\u00e9crivaine tunisienne de 46\u00a0ans est l\u2019autrice de trois romans, dont ce remarqu\u00e9 D\u00e9sastre de la maison des notables \u2013 il fut finaliste de l\u2019Arab Booker Prize \u2013 qui entrem\u00eale, dans un tourbillon narratif de cinq cents pages, histoire familiale et fresque nationale. Car c\u2019est une figure r\u00e9elle qui est au sein de la trame\u00a0: Tahar Haddad (1899-1935), activiste d\u00e9fendant l\u2019\u00e9mancipation des femmes, qui mourra dans la marginalit\u00e9 mais dont les id\u00e9es inspireront la l\u00e9gislation progressiste de la nouvelle R\u00e9publique ind\u00e9pendante, en\u00a01957.<strong>\u2014\u00a0Y.B.<\/strong><\/p>\n<p>                              <a href=\"https:\/\/www.europesays.com\/fr\/wp-content\/uploads\/2025\/10\/063860e_upload-1-fr1k7jgblp7i-couv-poche.png\" data-pswp-width=\"\" data-pswp-height=\"\" class=\"media__hd\" target=\"_blank\">      <img decoding=\"async\" loading=\"lazy\" src=\"https:\/\/www.europesays.com\/fr\/wp-content\/uploads\/2025\/10\/063860e_upload-1-fr1k7jgblp7i-couv-poche.png\" class=\"media__picture js-media-zoom  media__size--large\" alt=\"\" title=\"\"\/>       <\/a>                          <\/p>\n<p>\u00c9d. 10-18, 10,90\u20ac.<\/p>\n<p class=\"edito__prefixe\">   Lire notre critique    <\/p>\n<p class=\"edito__text-container\">       <a alt=\"Lire notre critique \" href=\"https:\/\/www.telerama.fr\/livre\/le-desastre-de-la-maison-des-notables-une-superbe-plongee-dans-le-tunis-des-annees-1930_cri-7034196.php\" class=\"article__title--edito\" rel=\"nofollow noopener\" target=\"_blank\">\u201cLe D\u00e9sastre de la maison des notables\u201d, de Amira Ghenim <\/a>  <\/p>\n<p>                                        \u201cAlma. Le vent se l\u00e8ve\u201d, <strong>de <\/strong>Timoth\u00e9e de Fombelle                      <\/p>\n<p class=\"paragraph\">Le premier tome d\u2019une trilogie,\u00a0Alma. Le vent se l\u00e8ve,\u00a0domin\u00e9e par une superbe figure f\u00e9minine. L\u2019histoire commence en 1786, dans une vall\u00e9e d\u2019Afrique, avant de se d\u00e9ployer tout autour de l\u2019Atlantique, des cales d\u2019un grand navire de traite aux plantations des Cara\u00efbes, du Paris d\u2019avant la R\u00e9volution aux premiers abolitionnistes de Londres et de Bristol, jusqu\u2019\u00e0 la grande r\u00e9volte des esclaves \u00e0 Saint-Domingue, en 1791.<strong>\u2014\u00a0M.A.<\/strong><\/p>\n<p>                              <a href=\"https:\/\/www.europesays.com\/fr\/wp-content\/uploads\/2025\/10\/216cbfb_upload-1-ocojrgnwshc2-couv-poche-3.png\" data-pswp-width=\"\" data-pswp-height=\"\" class=\"media__hd\" target=\"_blank\">      <img decoding=\"async\" loading=\"lazy\" src=\"https:\/\/www.europesays.com\/fr\/wp-content\/uploads\/2025\/10\/216cbfb_upload-1-ocojrgnwshc2-couv-poche-3.png\" class=\"media__picture js-media-zoom  media__size--large\" alt=\"\" title=\"\"\/>       <\/a>                          <\/p>\n<p>\u00c9d. Folio junior, 9,80\u20ac.<\/p>\n<p class=\"edito__prefixe\">   Lire notre article    <\/p>\n<p class=\"edito__text-container\">     <a alt=\"Lire notre article \" href=\"https:\/\/www.telerama.fr\/enfants\/lauteur-jeunesse-thimothee-de-fombelle-alma-cest-une-histoire-dogres...-6647815.php\" class=\"article__title--edito\" rel=\"nofollow noopener\" target=\"_blank\">\u00ab\u00a0Alma\u00a0\u00bb, de Timoth\u00e9e de Fombelle <\/a>  <\/p>\n<p>                                        \u201c<strong>Outresable<\/strong>\u201d, <strong>de Hugh Howey<\/strong>                      <\/p>\n<p class=\"paragraph\">Sable et SF\u2026 Comment \u00e9carter l\u2019ombre \u00e9crasante de Dune, le classique plan\u00e9taire de Frank Herbert\u00a0? L\u2019Am\u00e9ricain Hugh Howey, auteur du best-seller Silo (2012), a eu l\u2019intelligence de ne pas s\u2019y confronter. Sa plan\u00e8te \u00e0 lui est plus simplement la n\u00f4tre, mais ravag\u00e9e par des temp\u00eates de sable qui ont tout englouti. Dans ce monde d\u00e9sormais invivable ou presque, les survivants se sont r\u00e9fugi\u00e9s dans des cit\u00e9s souterraines et \u00e9ph\u00e9m\u00e8res, qui r\u00e9sistent un temps avant de s\u2019effondrer sous la pouss\u00e9e du sable. Certains d\u2019entre eux, les plongeurs, vont au plus profond pour ramener des objets et les n\u00e9gocier, une id\u00e9e qui n\u2019est pas sans rappeller celle du Syndrome du scaphandrier de Serge Brussolo, et qui permet au lecteur d\u2019Outresable de suivre un jeune homme \u00e0 la poursuite de la cit\u00e9 mythique de Danvar\u2026.<strong>\u2014\u00a0H.P.<\/strong><\/p>\n<p>                              <a href=\"https:\/\/www.europesays.com\/fr\/wp-content\/uploads\/2025\/10\/ec6449f_upload-1-3rkg54gbtipr-couv-poche.png\" data-pswp-width=\"\" data-pswp-height=\"\" class=\"media__hd\" target=\"_blank\">      <img decoding=\"async\" loading=\"lazy\" src=\"https:\/\/www.europesays.com\/fr\/wp-content\/uploads\/2025\/10\/ec6449f_upload-1-3rkg54gbtipr-couv-poche.png\" class=\"media__picture js-media-zoom  media__size--large\" alt=\"\" title=\"\"\/>       <\/a>                          <\/p>\n<p>\u00c9d. Babel, 9,90\u20ac.<\/p>\n<p class=\"edito__prefixe\">   Lire notre critique   <\/p>\n<p class=\"edito__text-container\">       <a alt=\"Lire notre critique\" href=\"https:\/\/www.telerama.fr\/livres\/outresable,n6144361.php\" class=\"article__title--edito\" rel=\"nofollow noopener\" target=\"_blank\">\u00ab\u00a0Outresable\u00a0\u00bb, de Hugh Howey<\/a>  <\/p>\n<p>                                        \u201c<strong>La ligne<\/strong>\u201d, <strong>de Jean-Christophe Tixier<\/strong>                      <\/p>\n<p class=\"paragraph\"><a target=\"_blank\" href=\"https:\/\/www.telerama.fr\/livres\/dix-minutes-a-perdre,n5745874.php\" rel=\"nofollow noopener\">Jean-Christophe Tixier<\/a> signe son roman le plus noir, apr\u00e8s Les Mal-aim\u00e9s (2019) et Effacer les hommes (2021). Partant d\u2019une situation anecdotique, le romancier scrute une France rurale qui laisse \u00e9clater ses frustrations. Il se tient au plus pr\u00e8s des personnages \u2013 celui qui envie le pouvoir d\u2019un autre, celle qui \u00e9coute la terre respirer, le jeune homme englu\u00e9 dans sa petite vie, les r\u00eaveurs, les jaloux, les ind\u00e9cis. Avec un simple trait Jean-Christophe Tixier met en marche le ronronnement de plus en plus fort du populisme, quand les vraies natures se r\u00e9veillent et qu\u2019on trouve rapidement le bouc \u00e9missaire, l\u2019\u00e9tranger, le voleur de poules. \u00ab\u00a0Tu crois que les gens d\u2019ici ont chang\u00e9. Mais ils sont comme ils ont toujours \u00e9t\u00e9. Cramponn\u00e9s \u00e0 leur terre et \u00e0 leur histoire. Ils n\u2019ont que \u00e7a\u00a0\u00bb, s\u2019exclame l\u2019un des protagonistes de cette fiction qui d\u00e9crit parfaitement la mont\u00e9e des peurs, celles qui l\u00e9gitiment les pires actions punitives.<strong>\u2014\u00a0C.F.<\/strong><\/p>\n<p>                              <a href=\"https:\/\/www.europesays.com\/fr\/wp-content\/uploads\/2025\/10\/0022fa4_upload-1-rrajev0eko38-couv-poche-1.png\" data-pswp-width=\"\" data-pswp-height=\"\" class=\"media__hd\" target=\"_blank\">      <img decoding=\"async\" loading=\"lazy\" src=\"https:\/\/www.europesays.com\/fr\/wp-content\/uploads\/2025\/10\/0022fa4_upload-1-rrajev0eko38-couv-poche-1.png\" class=\"media__picture js-media-zoom  media__size--large\" alt=\"\" title=\"\"\/>       <\/a>                          <\/p>\n<p>\u00c9d. Le livre de poche, 9,20\u20ac.<\/p>\n<p class=\"edito__prefixe\">   Lire notre critique    <\/p>\n<p class=\"edito__text-container\">   <a alt=\"Lire notre critique \" href=\"https:\/\/www.telerama.fr\/livre\/polar-la-ligne-de-jean-christophe-tixier-un-roman-ultra-noir-sur-la-france-rurale-7014826.php\" class=\"article__title--edito\" rel=\"nofollow noopener\" target=\"_blank\">\u201cLa Ligne\u201d, de Jean-Christophe Tixier<\/a>  <\/p>\n<p>                                        \u201c<strong>L\u2019Italien<\/strong>\u201d, <strong>d\u2019Arturo P\u00e9rez-Reverte<\/strong>                      <\/p>\n<p class=\"paragraph\">C\u2018est un roman qui trottait dans la t\u00eate d\u2019Arturo P\u00e9rez-Reverte depuis de longues ann\u00e9es. Une histoire de guerre et d\u2019amour. Une curieuse co\u00efncidence, aussi, entre la litt\u00e9rature et des faits r\u00e9els. Rejet\u00e9 par la mer apr\u00e8s un naufrage, Ulysse, dans\u00a0L\u2019Odyss\u00e9e, fut recueilli sur les c\u00f4tes du royaume ph\u00e9acien par une jeune femme, Nausicaa. C\u2019est la l\u00e9gende. En\u00a01942, une jeune libraire espagnole, Elena, recueille sur une plage un homme bless\u00e9, rev\u00eatu d\u2019une combinaison de plong\u00e9e. Un roman magnifique qui plonge dans la profondeur des eaux comme dans celle des consciences humaines.<br \/><strong>\u2014\u00a0G.H.<\/strong><\/p>\n<p>                              <a href=\"https:\/\/www.europesays.com\/fr\/wp-content\/uploads\/2025\/10\/b17c031_upload-1-mleir4ureefz-italien.png\" data-pswp-width=\"\" data-pswp-height=\"\" class=\"media__hd\" target=\"_blank\">      <img decoding=\"async\" loading=\"lazy\" src=\"https:\/\/www.europesays.com\/fr\/wp-content\/uploads\/2025\/10\/b17c031_upload-1-mleir4ureefz-italien.png\" class=\"media__picture js-media-zoom  media__size--large\" alt=\"\" title=\"\"\/>       <\/a>                          <\/p>\n<p>\u00c9d. Folio, 10,50\u20ac.<\/p>\n<p class=\"edito__prefixe\">   Lire notre critique    <\/p>\n<p class=\"edito__text-container\">   r    <a alt=\"Lire notre critique \" href=\"https:\/\/www.telerama.fr\/livre\/l-italien-d-arturo-perez-reverte-notre-critique_cri-7034583.php\" class=\"article__title--edito\" rel=\"nofollow noopener\" target=\"_blank\">\u201cL\u2019Italien\u201d, d\u2019Arturo P\u00e9rez-Reverte\u00a0<\/a>  <\/p>\n<p>                                        \u201cL\u2019attention pure\u201d, de Simone Weil                      <\/p>\n<p class=\"paragraph\">Elle \u00e9tait \u00ab\u00a0la trollesse\u00a0\u00bb pour sa m\u00e8re, \u00ab\u00a0la Martienne\u00a0\u00bb pour Alain, son prof de philo, et \u00ab\u00a0la Vierge rouge\u00a0\u00bb pour le directeur de l\u2019\u00c9cole normale sup\u00e9rieure\u00a0: <a target=\"_blank\" href=\"https:\/\/www.telerama.fr\/radio\/cet-ete-france-inter-plonge-dans-le-grand-bain-de-la-philo-7026966.php\" rel=\"nofollow noopener\">Simone Weil<\/a> \u00e9tait une \u00e9nigme pour ses contemporains. Et les choses n\u2019ont pas vraiment chang\u00e9, soixante-cinq ans apr\u00e8s sa mort, \u00e0 Ashford, pr\u00e8s de Londres, le 24\u00a0ao\u00fbt 1943. Alors on se raccroche aux mots de <a target=\"_blank\" href=\"https:\/\/www.telerama.fr\/livre\/albert-camus,-lhomme-fragmente,n6590549.php\" rel=\"nofollow noopener\">Camus<\/a> \u00e0 Selma, la m\u00e8re de la philosophe\u00a0: \u00ab\u00a0Je le sais encore mieux maintenant, Simone Weil est le seul grand esprit de notre temps\u00a0\u00bb, et \u00e0 cette autre observation qu\u2019il fit plus tard\u00a0: \u00ab\u00a0La seule chose dont fut incapable son intelligence fut la frivolit\u00e9.\u00a0\u00bb Brillante Simone. Une intelligence sup\u00e9rieure (\u00e9tudes remarquables au lyc\u00e9e F\u00e9nelon, Normale sup, agr\u00e9gation de philo), la d\u00e9termination d\u2019un h\u00e9ros grec et la charit\u00e9 d\u2019une sainte, le tout coul\u00e9 dans un corps fragile, tortur\u00e9 par les maux de t\u00eate. Une Martienne, vraiment.<br \/><strong>\u2014\u00a0O.P-M.<\/strong><\/p>\n<p>                              <a href=\"https:\/\/www.europesays.com\/fr\/wp-content\/uploads\/2025\/10\/8985f15_upload-1-i62xjt3xbkph-weil.png\" data-pswp-width=\"\" data-pswp-height=\"\" class=\"media__hd\" target=\"_blank\">      <img decoding=\"async\" loading=\"lazy\" src=\"https:\/\/www.europesays.com\/fr\/wp-content\/uploads\/2025\/10\/8985f15_upload-1-i62xjt3xbkph-weil.png\" class=\"media__picture js-media-zoom  media__size--large\" alt=\"\" title=\"\"\/>       <\/a>                          <\/p>\n<p>\u00c9d. Rivages, 7,50\u20ac.<\/p>\n<p class=\"edito__prefixe\">   Lire notre article   <\/p>\n<p class=\"edito__text-container\">   <a alt=\"Lire notre article\" href=\"https:\/\/www.telerama.fr\/livre\/l-ame-en-veille,40099.php\" class=\"article__title--edito\" rel=\"nofollow noopener\" target=\"_blank\">\u00ab\u00a0L\u2019attention pure\u00a0\u00bb, de Simone Weil<\/a>  <\/p>\n<p>                                        \u201c<strong>Enfance<\/strong>\u201d, <strong>de Tove Ditlevsen<\/strong>                      <\/p>\n<p class=\"paragraph\">\u00c9crit en\u00a01966 pendant un s\u00e9jour en h\u00f4pital psychiatrique (\u00ab\u00a0la p\u00e9riode la plus heureuse de ma vie\u00a0\u00bb, dira-t-elle), Enfance frappe par l\u2019imbrication subtile de l\u2019autod\u00e9nigrement le plus impitoyable et d\u2019une confiance \u00e9perdue en soi. Aussi fragile que hardie, l\u2019autrice se hait, tout comme elle croit en sa glorieuse destin\u00e9e. D\u00e8s le plus jeune \u00e2ge, elle a conscience de sa diff\u00e9rence, source de malaise et d\u2019orgueil, et se tance int\u00e9rieurement autant qu\u2019elle s\u2019encense. Ces frictions intimes donnent une \u00e9tranget\u00e9 \u00e0 cette autofiction des origines, qui passe, en un battement d\u2019ailes, de l\u2019abattement \u00e0 l\u2019espoir, de l\u2019angoisse au rire. Un rire souvent forc\u00e9, que Tove produit pour faire comme les autres, sans bien comprendre les ressorts de ce r\u00e9flexe. Un rire franc \u00e0 ses d\u00e9pens, qu\u2019elle suscite par sa gaucherie et sa na\u00efvet\u00e9.<br \/><strong>\u2014\u00a0M.L.<\/strong><\/p>\n<p class=\"edito__prefixe\">   Lire notre critique    <\/p>\n<p class=\"edito__text-container\">       <a alt=\"Lire notre critique \" href=\"https:\/\/www.telerama.fr\/livre\/enfance-de-tove-ditlevsen-le-dechirant-recit-sur-la-naissance-de-sa-vocation_cri-7029601.php\" class=\"article__title--edito\" rel=\"nofollow noopener\" target=\"_blank\">\u201cEnfance\u201d, de Tove Ditlevsen\u00a0<\/a>  <\/p>\n<p>                          \u201c<strong>Jeunesse<\/strong>\u201d, <strong>de Tove Ditlevsen<\/strong>                      <\/p>\n<p class=\"paragraph\">\u00ab\u00a0Ce soir, je veux \u00eatre seule avec mon livre, car personne ne peut comprendre combien, pour moi, c\u2019est un v\u00e9ritable miracle.\u00a0\u00bb Sur ces mots s\u2019ach\u00e8ve ce deuxi\u00e8me tome de l\u2019autobiographie de Tove Ditlevsen (1917-1976), femme de lettres danoise red\u00e9couverte en novembre dernier. Que la parution tant esp\u00e9r\u00e9e de son premier recueil de po\u00e8mes implique pour l\u2019autrice une ferveur en tour d\u2019ivoire, cela se peut concevoir. Le d\u00e9sir que ses \u00e9crits soient reconnus la br\u00fblait d\u2019autant plus qu\u2019un tel destin ne courait pas les rues de son quartier prol\u00e9taire de Copenhague. Mais la suite de cette phrase finale appelle une nuance qu\u2019elle ne pouvait pas pr\u00e9voir. D\u2019o\u00f9 vient que Tove Ditlevsen nous parle tant, presque cent ans apr\u00e8s ses fieff\u00e9s d\u00e9ballages, au point qu\u2019\u00e0 nos yeux le \u00ab\u00a0v\u00e9ritable miracle\u00a0\u00bb soit son \u00e9criture simple, d\u00e9capante, contemporaine\u00a0?<br \/><strong>\u2014\u00a0M.L.<\/strong><\/p>\n<p class=\"edito__prefixe\">   Lire notre critique    <\/p>\n<p class=\"edito__text-container\">       <a alt=\"Lire notre critique \" href=\"https:\/\/www.telerama.fr\/livre\/jeunesse-deuxieme-volet-apre-et-fascinant-de-l-autobiographie-de-tove-ditlevsen_cri-7031499.php\" class=\"article__title--edito\" rel=\"nofollow noopener\" target=\"_blank\">\u201cJeunesse\u201d, de Tove Ditlevsen<\/a>  <\/p>\n<p>                          \u201c<strong>D\u00e9pendance<\/strong>\u201d, <strong>de Tove Ditlevsen<\/strong>                      <\/p>\n<p class=\"paragraph\">L\u2018\u00e9vidence, accompagn\u00e9e d\u2019un cr\u00e8ve-c\u0153ur. Comme tout succ\u00e8s posthume, la\u00a0Trilogie de Copenhague\u00a0frappe par son ad\u00e9quation \u00e0 notre temps, \u00e9rafl\u00e9e du regret que sa cr\u00e9atrice n\u2019ait pas connu de son vivant ce retentissement. \u00c0 l\u2019image du film\u00a0<a target=\"_blank\" href=\"https:\/\/www.telerama.fr\/cinema\/jeanne-dielman-23-quai-du-commerce-1080-bruxelles-l-uvre-inepuisable-de-chantal-akerman-5534_cri-7035593.php\" rel=\"nofollow noopener\">Jeanne Dielman, 23, quai du commerce, 1080 Bruxelles<\/a>, de Chantal Akerman, l\u2019autofiction de Tove Ditlevsen a pris un temps patient pour se faufiler jusqu\u2019\u00e0 nous, et son cri sonne \u00e9tonnamment juste \u00e0 nos oreilles d\u2019aujourd\u2019hui. Publi\u00e9 au Danemark en\u00a01971, cinq ans avant son suicide, ce troisi\u00e8me et dernier volet \u00e9voque son irrespirable condition de femme mari\u00e9e. D\u2019abord \u00e0 un vieil homme dont elle fixe, d\u00e9go\u00fbt\u00e9e, \u00ab\u00a0le double menton qui d\u00e9borde sur son col cass\u00e9 et tremblote toujours un peu\u00a0\u00bb, puis \u00e0 un homme plus jeune, qu\u2019elle trouvera ridicule avec sa \u00ab\u00a0l\u00e8vre sup\u00e9rieure tr\u00e8s longue\u00a0\u00bb.\u00a0Viendront ensuite les \u00e9preuves de l\u2019enfantement et de l\u2019avortement, suivies du leurre destructeur de substances addictives.<br \/><strong>\u2014\u00a0M.L.<\/strong><\/p>\n<p class=\"edito__prefixe\">   Lire notre critique    <\/p>\n<p class=\"edito__text-container\">       <a alt=\"Lire notre critique \" href=\"https:\/\/www.telerama.fr\/livre\/dependance-dernier-volet-de-la-trilogie-de-copenhague-de-tove-ditlevsen-l-irrespirable-condition-de-femme-mariee_cri-7035817.php\" class=\"article__title--edito\" rel=\"nofollow noopener\" target=\"_blank\">\u201cD\u00e9pendance\u201d, de Tove Ditlevsen\u00a0<\/a>  <\/p>\n<p>                                  <a href=\"https:\/\/www.europesays.com\/fr\/wp-content\/uploads\/2025\/10\/0a07c18_upload-1-brc8kxkkriwf-tove.png\" data-pswp-width=\"\" data-pswp-height=\"\" class=\"media__hd\" target=\"_blank\">      <img decoding=\"async\" loading=\"lazy\" src=\"https:\/\/www.europesays.com\/fr\/wp-content\/uploads\/2025\/10\/0a07c18_upload-1-brc8kxkkriwf-tove.png\" class=\"media__picture js-media-zoom  media__size--large\" alt=\"\" title=\"\"\/>       <\/a>                          <\/p>\n<p>\u00c9d. Satellites, 13,00\u20ac.<\/p>\n<p>                                    \u201cDino\u201d, de Nick Tosches                      <\/p>\n<p class=\"paragraph\">Musique et mafia ont toujours int\u00e9ress\u00e9 <a target=\"_blank\" href=\"https:\/\/www.telerama.fr\/livre\/lecrivain-et-journaliste-nick-tosches-est-mort,n6479932.php\" rel=\"nofollow noopener\">Nick Tosches<\/a>. Qu\u2019il \u00e9crive des romans noirs ou des essais sur la country et le rock, on retrouve chez lui cette liaison provocante entre l\u2019art et la p\u00e8gre. Normal qu\u2019on le surprenne en compagnie de Dean Martin\u00a0: Dino, la voix de velours, le tombeur de starlettes, l\u2019Italien de ces dames, le copain de <a target=\"_blank\" href=\"https:\/\/www.telerama.fr\/musique\/song-for-young-lovers-la-deuxieme-jeunesse-de-frank-sinatra-6678108.php\" rel=\"nofollow noopener\">Sinatra<\/a>, a tout pour lui plaire par ses fr\u00e9quentations mafieuses, son go\u00fbt du jeu, son succ\u00e8s guimauve. Et Tosches se fait un plaisir de fouiller dans la vie de cet homme qui cultive une indiff\u00e9rence flegmatique. On d\u00e9couvre une star sans rugosit\u00e9, qui ne s\u2019int\u00e9resse \u00e0 rien sinon aux spaghettis, aux vieux westerns et, bien s\u00fbr, \u00e0 la chanson. \u00c0 travers ce personnage fantomatique, Tosches a toute latitude pour reconstruire l\u2019Am\u00e9rique populaire des ann\u00e9es 40 \u00e0 70. La Prohibition, quand Dino, enfant, donne un coup de main aux patrons de bistrots. Le triomphe des parrains qui prennent toujours la meilleure table lorsque \u00ab\u00a0le petit\u00a0\u00bb chante dans un club. Hollywood et ses Marilyn de bazar, Las Vegas et ses bandits manchots, New York et ses soir\u00e9es smoking o\u00f9 l\u2019on se shoote au Percodan\u2026 Dean est toujours l\u00e0. Et le crooner permet \u00e0 l\u2019\u00e9crivain de r\u00e9diger les grandes pages d\u2019une \u00e9poque cruelle mais fascinante, sans perdre de vue son h\u00e9ros, si fade soit-il.<br \/><strong>\u2014\u00a0C.F.<\/strong><\/p>\n<p>                              <a href=\"https:\/\/www.europesays.com\/fr\/wp-content\/uploads\/2025\/10\/35705b1_upload-1-hmwo94t8scs3-couv-poche-2.png\" data-pswp-width=\"\" data-pswp-height=\"\" class=\"media__hd\" target=\"_blank\">      <img decoding=\"async\" loading=\"lazy\" src=\"https:\/\/www.europesays.com\/fr\/wp-content\/uploads\/2025\/10\/35705b1_upload-1-hmwo94t8scs3-couv-poche-2.png\" class=\"media__picture js-media-zoom  media__size--large\" alt=\"\" title=\"\"\/>       <\/a>                          <\/p>\n<p>\u00c9d. Rivages-Noir, 12,50\u20ac.<\/p>\n<p class=\"edito__prefixe\">   Lire notre critique   <\/p>\n<p class=\"edito__text-container\">   r    <a alt=\"Lire notre critique\" href=\"https:\/\/www.telerama.fr\/livres\/dino,n6479938.php\" class=\"article__title--edito\" rel=\"nofollow noopener\" target=\"_blank\">\u201cDino\u201d, de Nick Tosches<\/a>  <\/p>\n<p>                                        \u201cLes Neurones enchant\u00e9s\u201d, de Pierre Boulez                      <\/p>\n<p class=\"paragraph\">Au fil de leur passionnant dialogue \u2013 avec le compositeur Philippe Manoury dans le r\u00f4le du troisi\u00e8me homme \u2013, <a target=\"_blank\" href=\"https:\/\/www.telerama.fr\/radio\/pierre-boulez-genie-et-dissonances-sur-france-musique-7024906.php\" rel=\"nofollow noopener\">l\u2019auteur de\u00a0L\u2019Homme\u00a0neuronal<\/a>\u00a0et <a target=\"_blank\" href=\"https:\/\/www.telerama.fr\/radio\/pierre-boulez-genie-et-dissonances-sur-france-musique-7024906.php\" rel=\"nofollow noopener\">le cr\u00e9ateur du\u00a0Marteau sans ma\u00eetre<\/a>\u00a0orchestrent une r\u00e9flexion pouss\u00e9e sur le sens de la musique, de l\u2019oreille au cerveau\u00a0: son rapport au temps et \u00e0 l\u2019espace\u00a0; la musique \u00ab\u00a0cosa mentale\u00a0\u00bb\u00a0; le lien entre c\u00e9r\u00e9bral et irrationnel ou entre art et science \u2013 \u00e0 travers notamment la cr\u00e9ation de l\u2019Ircam, dont Boulez prend la direction en\u00a01977. Contre l\u2019ambition affich\u00e9e par l\u2019\u00e9diteur de constituer une \u00ab\u00a0neuroscience de l\u2019art\u00a0\u00bb \u2013 bref, les \u00ab\u00a0synapses\u00a0\u00bb et la \u00ab\u00a0perception du beau\u00a0\u00bb \u2013, qui en fera peut-\u00eatre fuir plus d\u2019un, le dialogue s\u2019av\u00e8re le meilleur quand il ne s\u2019enferme dans aucune certitude mais ouvre plut\u00f4t des pistes de r\u00e9flexion, \u00e0 partir des divergences de vue et de pratique entre les deux savants. Changeux propose ainsi une premi\u00e8re d\u00e9finition de la musique tir\u00e9e de l\u2019Encyclop\u00e9die.<br \/><strong>\u2014\u00a0J.C.<\/strong><\/p>\n<p>                              <a href=\"https:\/\/www.europesays.com\/fr\/wp-content\/uploads\/2025\/10\/8419c9a_upload-1-erwonmgxxaxa-couv-poche.png\" data-pswp-width=\"\" data-pswp-height=\"\" class=\"media__hd\" target=\"_blank\">      <img decoding=\"async\" loading=\"lazy\" src=\"https:\/\/www.europesays.com\/fr\/wp-content\/uploads\/2025\/10\/8419c9a_upload-1-erwonmgxxaxa-couv-poche.png\" class=\"media__picture js-media-zoom  media__size--large\" alt=\"\" title=\"\"\/>       <\/a>                          <\/p>\n<p>\u00c9d. O.Jacob, 9,50\u20ac.<\/p>\n<p class=\"edito__prefixe\">   Lire notre critique   <\/p>\n<p class=\"edito__text-container\">       <a alt=\"Lire notre critique\" href=\"https:\/\/www.telerama.fr\/livres\/les-neurones-enchantes,117333.php\" class=\"article__title--edito\" rel=\"nofollow noopener\" target=\"_blank\">\u201cLes Neurones enchant\u00e9s\u201d, de Pierre Boulez<\/a>  <\/p>\n<p>                                        \u201cLa Paix ou la Guerre\u201d, de Mikha\u00efl Chichkine                      <\/p>\n<p class=\"paragraph\">\u00ab\u00a0\u00c7a fait mal d\u2019\u00eatre russe.\u00a0\u00bb D\u00e8s les premiers mots de sa nouvelle pr\u00e9face \u00e0 l\u2019ouvrage magistral qu\u2019il a \u00e9crit en\u00a02019, Mikha\u00efl Chichkine (dont la m\u00e8re \u00e9tait ukrainienne), se place sous le signe de la langue et de la litt\u00e9rature\u00a0: les crimes russes en Ukraine sont commis non seulement contre des \u00eatres humains, \u00ab\u00a0mais contre [sa] langue\u00a0\u00bb. Le grand mensonge de l\u2019ordre imp\u00e9rial, Chichkine le fait remonter aux invasions mongoles du XIIIe\u00a0si\u00e8cle, source d\u2019un esclavage mill\u00e9naire qui, affirmait <a target=\"_blank\" href=\"https:\/\/www.telerama.fr\/radio\/sur-france-culture-vie-et-destin-la-charge-irrevocable-de-vassili-grossman-contre-tout-totalitarisme-7011703.php\" rel=\"nofollow noopener\">Vassili Grossman<\/a>, \u00ab\u00a0a cr\u00e9\u00e9 la mystique de l\u2019\u00e2me russe\u00a0\u00bb. \u00c2me russe\u00a0? Non, soumission et peur, engendr\u00e9es depuis toujours par un ordre social carc\u00e9ral. Le pays ne parvient pas \u00e0 s\u2019envisager sans tsar, les manifestations de l\u2019opposition sont d\u2019une \u00ab\u00a0insignifiance atterrante\u00a0\u00bb. Mais Mikha\u00efl Chichkine ne doute pas de l\u2019issue\u00a0: \u00ab\u00a0L\u2019empire des tsars s\u2019est dissous en quelques mois. L\u2019Union sovi\u00e9tique s\u2019est d\u00e9sint\u00e9gr\u00e9e en trois jours. La verticale poutinienne du pouvoir s\u2019effondrera en quelques heures.\u00a0\u00bb Et il invoque la le\u00e7on de Thomas Mann aux Allemands, le souhait qu\u2019une guerre injuste conduise son pays \u00e0 une d\u00e9faite \u00e9crasante. Il attend l\u2019heure de cette d\u00e9faite qui permettrait \u00ab\u00a0le retour de la Russie \u00e0 ce qui est humain\u00a0\u00bb.<br \/><strong>\u2014\u00a0V.R.<\/strong><\/p>\n<p>                              <a href=\"https:\/\/www.europesays.com\/fr\/wp-content\/uploads\/2025\/10\/fabc210_upload-1-6i271kgofoob-couv-poche-1.png\" data-pswp-width=\"\" data-pswp-height=\"\" class=\"media__hd\" target=\"_blank\">      <img decoding=\"async\" loading=\"lazy\" src=\"https:\/\/www.europesays.com\/fr\/wp-content\/uploads\/2025\/10\/fabc210_upload-1-6i271kgofoob-couv-poche-1.png\" class=\"media__picture js-media-zoom  media__size--large\" alt=\"\" title=\"\"\/>       <\/a>                          <\/p>\n<p>\u00c9d. Libretto, 10,70\u20ac.<\/p>\n<p class=\"edito__prefixe\">   Lire notre critique   <\/p>\n<p class=\"edito__text-container\">   r    <a alt=\"Lire notre critique\" href=\"https:\/\/www.telerama.fr\/livre\/la-paix-ou-la-guerre-reflexions-sur-le-monde-russe-7027613.php\" class=\"article__title--edito\" rel=\"nofollow noopener\" target=\"_blank\">\u201cLa Paix ou la Guerre\u201d, de Mikha\u00efl Chichkine<\/a>  <\/p>\n<p>                                        \u201cJacaranda\u201d, de Ga\u00ebl Faye                      <\/p>\n<p class=\"paragraph\"><a target=\"_blank\" href=\"https:\/\/www.telerama.fr\/livre\/gael-faye-je-me-sens-deja-vieux-parce-que-le-monde-que-j-ai-connu-n-existe-plus-7022086.php\" rel=\"nofollow noopener\">Ga\u00ebl Faye<\/a> embrasse avec talent, dans\u00a0Jacaranda, l\u2019histoire du Rwanda sur quatre g\u00e9n\u00e9rations, de l\u2019\u00e9poque coloniale \u00e0 nos jours \u2013 dans un pays aujourd\u2019hui reconstruit, r\u00e9unifi\u00e9, mais o\u00f9 les plus jeunes doivent apprendre \u00e0 vivre avec la m\u00e9moire traumatique des massacres de masse.<strong>\u2014\u00a0Na.C.<\/strong><\/p>\n<p>                              <a href=\"https:\/\/www.europesays.com\/fr\/wp-content\/uploads\/2025\/10\/de86f64_upload-1-40azonfgrlxx-couv-poche-3.png\" data-pswp-width=\"\" data-pswp-height=\"\" class=\"media__hd\" target=\"_blank\">      <img decoding=\"async\" loading=\"lazy\" src=\"https:\/\/www.europesays.com\/fr\/wp-content\/uploads\/2025\/10\/de86f64_upload-1-40azonfgrlxx-couv-poche-3.png\" class=\"media__picture js-media-zoom  media__size--large\" alt=\"\" title=\"\"\/>       <\/a>                          <\/p>\n<p>\u00c9d. Le Livre de poche, 8,90\u20ac.<\/p>\n<p class=\"edito__prefixe\">   Lire notre critique   <\/p>\n<p class=\"edito__text-container\">   r    <a alt=\"Lire notre critique\" href=\"https:\/\/www.telerama.fr\/livre\/jacaranda-de-gael-faye-remporte-le-prix-renaudot-2024-un-beau-roman-limpide-et-grave-5719_cri-7034029.php\" class=\"article__title--edito\" rel=\"nofollow noopener\" target=\"_blank\">\u201cJacaranda\u201d, de Ga\u00ebl Faye<\/a>  <\/p>\n<p>                                        \u201cLes Enchanteurs\u201d, de\u00a0James Ellroy                      <\/p>\n<p class=\"paragraph\">Le romancier de Los Angeles retourne \u00e0 tombeau ouvert vers ses obsessions et les nuits \u00e9touffantes d\u2019une Am\u00e9rique pourrie jusqu\u2019\u00e0 la moelle o\u00f9 pullulent les pr\u00e9dateurs de tout poil. Il se fout de l\u2019air du temps et des d\u00e9bats du moment, son horloge interne s\u2019est fig\u00e9e sur le cadran de ses premi\u00e8res ann\u00e9es. Le mal est invincible, les pulsions toutes-puissantes et ses livres sont des rituels o\u00f9 il fait danser les ombres funestes du pass\u00e9. Pour Les Enchanteurs, il entre pleins phares dans l\u2019ann\u00e9e\u00a01962, celle de la mort de <a target=\"_blank\" href=\"https:\/\/www.telerama.fr\/ecrans\/le-mystere-de-marilyn-monroe-sur-netflix-une-lecture-feministe-de-la-mort-de-la-star-7010134.php\" rel=\"nofollow noopener\">Marilyn Monroe<\/a>. Il se joue des innombrables et prestigieux biographes et taille \u00e0 la star de Brentwood un extravagant costume d\u2019intrigante, drogu\u00e9e, trafiquante, effeuilleuse, actrice porno, \u00e9g\u00e9rie du \u00ab\u00a0jeu de la baise\u00a0\u00bb, fricotant avec les cercles d\u2019extr\u00eame gauche et, bien s\u00fbr, avec le pr\u00e9sident Kennedy et son fr\u00e8re Bobby. Ses romans ignorent toutes les limites. Peu importent le vrai et le faux, il croit dur comme fer \u00e0 ses fantasmes et leur donne une intensit\u00e9 qui pr\u00e9cipite le lecteur derri\u00e8re un miroir sans tain o\u00f9 la com\u00e9die humaine est aussi grotesque qu\u2019effrayante. Et l\u2019innocence, toujours, massacr\u00e9e.<br \/><strong>\u2014\u00a0L.R.<\/strong><\/p>\n<p>                              <a href=\"https:\/\/www.europesays.com\/fr\/wp-content\/uploads\/2025\/10\/d7f1a88_upload-1-xtthbyjsym5l-couv-poche.png\" data-pswp-width=\"\" data-pswp-height=\"\" class=\"media__hd\" target=\"_blank\">      <img decoding=\"async\" loading=\"lazy\" src=\"https:\/\/www.europesays.com\/fr\/wp-content\/uploads\/2025\/10\/d7f1a88_upload-1-xtthbyjsym5l-couv-poche.png\" class=\"media__picture js-media-zoom  media__size--large\" alt=\"\" title=\"\"\/>       <\/a>                          <\/p>\n<p>\u00c9d. Rivages-Noir, 12,50\u20ac.<\/p>\n<p class=\"edito__prefixe\">   Lire notre critique   <\/p>\n<p class=\"edito__text-container\">       <a alt=\"Lire notre critique\" href=\"https:\/\/www.telerama.fr\/livre\/les-enchanteurs-de-james-ellroy-chronique-d-une-amerique-pourrie-jusqu-a-la-moelle_cri-7034355.php\" class=\"article__title--edito\" rel=\"nofollow noopener\" target=\"_blank\">\u201cLes Enchanteurs\u201d, de James Ellroy <\/a>  <\/p>\n<p>                                        \u201cGrand Seigneur\u201d, de Nina Bouraoui                      <\/p>\n<p class=\"paragraph\">Elle a voulu nommer un de ses dix-huit romans\u00a0Je suis mon p\u00e8re\u00a0et se demande dans ce dernier si les filles peuvent r\u00e9ellement bien vivre sans le regard paternel\u2026 Une passion r\u00e9ciproque liait Nina \u00e0 Rachid Bouraoui, dont elle observe ici avec d\u00e9tresse et sid\u00e9ration les douloureux derniers moments, au centre de soins palliatifs Jeanne-Garnier, \u00e0 Paris, chambre 119. S\u2019y \u00e9teint, le 7\u00a0juin 2022, le haut fonctionnaire alg\u00e9rien, gouverneur de la Banque centrale de son pays avant d\u2019\u00eatre licenci\u00e9 par l\u2019\u00c9tat, quand se trame la d\u00e9cennie noire (1992-2002).<strong>\u2014\u00a0F.P.<\/strong><\/p>\n<p>                              <a href=\"https:\/\/www.europesays.com\/fr\/wp-content\/uploads\/2025\/10\/4d12894_upload-1-2pqbthht4jbu-couv-poche-1.png\" data-pswp-width=\"\" data-pswp-height=\"\" class=\"media__hd\" target=\"_blank\">      <img decoding=\"async\" loading=\"lazy\" src=\"https:\/\/www.europesays.com\/fr\/wp-content\/uploads\/2025\/10\/4d12894_upload-1-2pqbthht4jbu-couv-poche-1.png\" class=\"media__picture js-media-zoom  media__size--large\" alt=\"\" title=\"\"\/>       <\/a>                          <\/p>\n<p>\u00c9d. Le livre de poche, 8,40\u20ac.<\/p>\n<p class=\"edito__prefixe\">   Lire notre critique   <\/p>\n<p class=\"edito__text-container\">       <a alt=\"Lire notre critique\" href=\"https:\/\/www.telerama.fr\/livre\/grand-seigneur-nina-bouraoui-et-son-pere-un-amour-sans-condition_cri-7031154.php\" class=\"article__title--edito\" rel=\"nofollow noopener\" target=\"_blank\">\u201cGrand Seigneur\u201d\u00a0, de Nina Bouraoui <\/a>  <\/p>\n<p>                                        \u201cUn jour d\u2019avril\u201d, de Michael Cunningham                      <\/p>\n<p class=\"paragraph\">Sachant l\u2019admiration que Michael Cunningham, l\u2019auteur des\u00a0Heures (The Hours, prix Pulitzer du roman 1999) \u2013 port\u00e9 \u00e0 l\u2019\u00e9cran en\u00a02002\u00a0par\u00a0<a target=\"_blank\" href=\"https:\/\/www.telerama.fr\/cinema\/films\/the-hours,114235.php\" rel=\"nofollow noopener\">Stephen Daldry<\/a>, avec notamment Nicole Kidman et Meryl Streep \u2013 voue \u00e0 Virginia Woolf, on peut s\u2019\u00e9tonner, voire s\u2019amuser, de le voir renouer ici, \u00e0 sa fa\u00e7on, avec l\u2019ind\u00e9fectible th\u00e8me matrimonial. C\u2019est en effet autour de l\u2019\u00e9rosion d\u2019un mariage, celui qui unit Isabel et Dan, deux quadras new-yorkais, qu\u2019est construit\u00a0Un jour d\u2019avril.\u00a0Tandis qu\u2019autour d\u2019eux deux, le ballet des autres personnages, que dirige \u00e9l\u00e9gamment Michael Cunningham, \u00e9largit et renouvelle, de fa\u00e7on d\u00e9licate, la notion de couple et celle de famille. <strong>\u2014\u00a0Na.C.<\/strong><\/p>\n<p>                              <a href=\"https:\/\/www.europesays.com\/fr\/wp-content\/uploads\/2025\/10\/7149dce_upload-1-xwtn6nzzh5bp-couv-poche.png\" data-pswp-width=\"\" data-pswp-height=\"\" class=\"media__hd\" target=\"_blank\">      <img decoding=\"async\" loading=\"lazy\" src=\"https:\/\/www.europesays.com\/fr\/wp-content\/uploads\/2025\/10\/7149dce_upload-1-xwtn6nzzh5bp-couv-poche.png\" class=\"media__picture js-media-zoom  media__size--large\" alt=\"\" title=\"\"\/>       <\/a>                          <\/p>\n<p>\u00c9d. Points, 9,30\u20ac.<\/p>\n<p class=\"edito__prefixe\">   Lire notre critique    <\/p>\n<p class=\"edito__text-container\">       <a alt=\"Lire notre critique \" href=\"https:\/\/www.telerama.fr\/livre\/un-jour-d-avril-de-michael-cunningham-la-dissolution-en-trois-actes-d-un-triangle-amoureux_cri-7034223.php\" class=\"article__title--edito\" rel=\"nofollow noopener\" target=\"_blank\">\u201cUn jour d\u2019avril\u201d, de Michael Cunningham,<\/a>  <\/p>\n<p>                                        \u201cLes Trois Lumi\u00e8res\u201d, de Claire Keegan                      <\/p>\n<p class=\"paragraph\">A l\u2019arriv\u00e9e imminente d\u2019un nouveau b\u00e9b\u00e9 \u00e0 la maison, des parents confient leur fille \u00e0 son oncle et sa tante. D\u2019abord d\u00e9rout\u00e9e, la petite trouve aupr\u00e8s de ce couple sans enfants un refuge et un r\u00e9confort. L\u2019odeur d\u2019une tarte, une promenade sur la plage, la chaleur de la cuisine, tout l\u2019apaise et l\u2019aide \u00e0 grandir. Claire Keegan sait, en quelques mots po\u00e9tiques et directs, peindre une Irlande rurale et la douceur infinie des sentiments.<\/p>\n<p>                              <a href=\"https:\/\/www.europesays.com\/fr\/wp-content\/uploads\/2025\/10\/e8f5d6a_upload-1-29oclj0axten-couv-poche-2.png\" data-pswp-width=\"\" data-pswp-height=\"\" class=\"media__hd\" target=\"_blank\">      <img decoding=\"async\" loading=\"lazy\" src=\"https:\/\/www.europesays.com\/fr\/wp-content\/uploads\/2025\/10\/e8f5d6a_upload-1-29oclj0axten-couv-poche-2.png\" class=\"media__picture js-media-zoom  media__size--large\" alt=\"\" title=\"\"\/>       <\/a>                          <\/p>\n<p>\u00c9d. Le livre de poche, 7,70\u20ac.<\/p>\n<p class=\"edito__prefixe\">   Lire notre critique    <\/p>\n<p class=\"edito__text-container\">   r    <a alt=\"Lire notre critique \" href=\"https:\/\/www.telerama.fr\/livres\/les-trois-lumieres,86309.php\" class=\"article__title--edito\" rel=\"nofollow noopener\" target=\"_blank\">\u00ab\u00a0Les Trois Lumi\u00e8res\u00a0\u00bb, de Claire Keegan<\/a>  <\/p>\n<p>                                        \u201cHistoire d\u2019une domestication\u201d, de Camila Sosa Villada                      <\/p>\n<p class=\"paragraph\">Ni autofiction ni pur roman\u00a0: Camila, n\u00e9e Cristian, continue \u00e0 se raconter par des doubles. Ici, elle prend le masque de \u00ab\u00a0la com\u00e9dienne\u00a0\u00bb, personnage central de cette \u00ab\u00a0Th\u00e8se sur la domestication\u00a0\u00bb (pr\u00e9f\u00e9rons le titre original) o\u00f9 elle a l\u2019intelligence de rompre avec les marges pour s\u2019engager sur un territoire litt\u00e9raire nouveau. Trajectoire d\u2019un fils devenu femme, d\u2019une \u00ab\u00a0prostitu\u00e9e joviale et frivole\u00a0\u00bb transfigur\u00e9e en \u00ab\u00a0com\u00e9dienne culte\u00a0\u00bb, et enfin d\u2019une artiste aspirant \u00e0 \u00eatre m\u00e8re trans, Camila Sosa Villada s\u2019empare d\u2019un th\u00e8me original\u00a0: l\u2019apprivoisement d\u2019un \u00eatre construit sur l\u2019aversion pour la norme. L\u2019autrice de 42\u00a0ans sait surprendre son lecteur, et confirme son talent \u00e0 forger des uppercuts litt\u00e9raires.<strong>\u2014\u00a0Y.B.<\/strong><\/p>\n<p>                              <a href=\"https:\/\/www.europesays.com\/fr\/wp-content\/uploads\/2025\/10\/b444c44_upload-1-vi53jatbhwsa-couv-poche.png\" data-pswp-width=\"\" data-pswp-height=\"\" class=\"media__hd\" target=\"_blank\">      <img decoding=\"async\" loading=\"lazy\" src=\"https:\/\/www.europesays.com\/fr\/wp-content\/uploads\/2025\/10\/b444c44_upload-1-vi53jatbhwsa-couv-poche.png\" class=\"media__picture js-media-zoom  media__size--large\" alt=\"\" title=\"\"\/>       <\/a>                          <\/p>\n<p>\u00c9d. Points, 8,70\u20ac.<\/p>\n<p class=\"edito__prefixe\">   Lire notre critique   <\/p>\n<p class=\"edito__text-container\">       <a alt=\"Lire notre critique\" href=\"https:\/\/www.telerama.fr\/livre\/histoire-d-une-domestication-nouvel-uppercut-litteraire-de-camila-sosa-villada_cri-7035185.php\" class=\"article__title--edito\" rel=\"nofollow noopener\" target=\"_blank\">\u201cHistoire d\u2019une domestication\u201d, de Camila Sosa Villada<\/a>  <\/p>\n<p>                                        \u201cNul ennemi comme un fr\u00e8re\u201d, de Fr\u00e9d\u00e9ric Paulin                      <\/p>\n<p class=\"paragraph\">Si Fr\u00e9d\u00e9ric Paulin se montre politique dans sa fa\u00e7on de prendre \u00e0 bras-le-corps certains sujets sensibles, ici la guerre du Liban, on ressent chez lui une volont\u00e9 de garder du recul, pour mieux raconter la complexit\u00e9 du r\u00e9el. \u00ab\u00a0J\u2019\u00e9cris aussi pour dire les choses\u00a0! r\u00e9torque-t-il. Sans donner des le\u00e7ons, j\u2019accepte d\u2019\u00eatre engag\u00e9.\u00a0\u00bb Ce que Nul ennemi comme un fr\u00e8re d\u00e9crit d\u00e9j\u00e0 avec pr\u00e9cision, c\u2019est combien il s\u2019agit d\u2019une histoire franco-libanaise, la politique hexagonale se d\u00e9localisant parfois au Proche-Orient, tandis que la voix de la France y est de moins en moins audible. \u00ab\u00a0Parler de ce pass\u00e9, c\u2019est aussi \u00e9clairer le pr\u00e9sent, qui ne vient pas de nulle part.\u00a0\u00bb <strong>\u2014<\/strong> <strong>Y.L.-S.<\/strong><\/p>\n<p>                              <a href=\"https:\/\/www.europesays.com\/fr\/wp-content\/uploads\/2025\/10\/152da56_upload-1-wz6ejbr5jc1o-couv-poche-3.png\" data-pswp-width=\"\" data-pswp-height=\"\" class=\"media__hd\" target=\"_blank\">      <img decoding=\"async\" loading=\"lazy\" src=\"https:\/\/www.europesays.com\/fr\/wp-content\/uploads\/2025\/10\/152da56_upload-1-wz6ejbr5jc1o-couv-poche-3.png\" class=\"media__picture js-media-zoom  media__size--large\" alt=\"\" title=\"\"\/>       <\/a>                          <\/p>\n<p>\u00c9d. Folio, 10,00\u20ac.<\/p>\n<p class=\"edito__prefixe\">   Lire notre portrait   <\/p>\n<p class=\"edito__text-container\">     <a alt=\"Lire notre portrait\" href=\"https:\/\/www.telerama.fr\/livre\/rentree-litteraire-2024-frederic-paulin-le-polar-comme-acte-de-memoire-7021805.php\" class=\"article__title--edito\" rel=\"nofollow noopener\" target=\"_blank\">Fr\u00e9d\u00e9ric Paulin, le polar comme acte de m\u00e9moire<\/a>  <\/p>\n<p>                                        \u201cLes Monuments de Paris\u201d, de Violaine Huisman                      <\/p>\n<p class=\"paragraph\">C\u2019est la mort proche d\u2019un p\u00e8re ouvertement \u00ab\u00a0ador\u00e9\u00a0\u00bb qui a pouss\u00e9 Violaine Huisman \u00e0 cette enqu\u00eate familiale pleine de suspense, \u00e0 ce roman-v\u00e9rit\u00e9 o\u00f9 s\u2019embo\u00eetent v\u00e9rit\u00e9s publiques et fantasmes intimes, et revivent en majest\u00e9 des pages d\u2019histoire politique et culturelle fran\u00e7aise trop ignor\u00e9es. La romanci\u00e8re tisse \u00e0 merveille l\u2019officiel et le priv\u00e9, le politique et ses coulisses, le destin de sa parent\u00e8le et celui d\u2019un pays. C\u2019est pour mieux le conna\u00eetre que Violaine Huisman a fait le voyage jusqu\u2019\u00e0 Georges. Que savons-nous, que voulons-nous savoir de nos parents\u00a0? Quels fant\u00f4mes d\u2019eux pr\u00e9servons-nous\u00a0? \u00c0 45\u00a0ans, Violaine Huisman porte haut ceux de la m\u00e8re et du p\u00e8re. Elle ne veut ni oublier, ni faire son deuil. Ils restent magnifiquement \u00e0 ses c\u00f4t\u00e9s. \u00ab\u00a0Je te guetterai toujours, chuchote-t-elle \u00e0 la fin au d\u00e9funt \u00ab\u00a0papa ador\u00e9\u00a0\u00bb. Ici et l\u00e0-bas.\u00a0\u00bb <strong>\u2014\u00a0F.P.<\/strong><\/p>\n<p>                              <a href=\"https:\/\/www.europesays.com\/fr\/wp-content\/uploads\/2025\/09\/5893d3b_upload-1-k5ns7tvoe27y-couv-poche-1.png\" data-pswp-width=\"\" data-pswp-height=\"\" class=\"media__hd\" target=\"_blank\">      <img decoding=\"async\" loading=\"lazy\" src=\"https:\/\/www.europesays.com\/fr\/wp-content\/uploads\/2025\/09\/5893d3b_upload-1-k5ns7tvoe27y-couv-poche-1.png\" class=\"media__picture js-media-zoom  media__size--large\" alt=\"\" title=\"\"\/>       <\/a>                          <\/p>\n<p>\u00c9d. Folio, 9,50\u20ac.<\/p>\n<p class=\"edito__prefixe\">   Lire notre critique   <\/p>\n<p class=\"edito__text-container\">   r    <a alt=\"Lire notre critique\" href=\"https:\/\/www.telerama.fr\/livre\/les-monuments-de-paris-passionnante-enquete-familiale-de-violaine-huisman_cri-7030626.php\" class=\"article__title--edito\" rel=\"nofollow noopener\" target=\"_blank\">\u201cLes Monuments de Paris\u201d,  de Violaine Huisman<\/a>  <\/p>\n<p>                                        \u201cTraverser les for\u00eats\u201d, de Caroline Hinault                      <\/p>\n<p class=\"paragraph\">Cette for\u00eat est un paradis \u00e9ventr\u00e9. La traverser expose \u00e0 l\u2019enchantement comme \u00e0 la descente aux enfers. Elle existe vraiment, tenture de glace et de mousse, de racines et de ronces, de sang et d\u2019os, \u00ab\u00a0for\u00eat primaire\u00a0\u00bb tiss\u00e9e au fil de dix mill\u00e9naires, d\u00e9ploy\u00e9e entre la Pologne et Bi\u00e9lorussie. Propuls\u00e9e par une \u00e9criture luxuriante et escarp\u00e9e, d\u2019une beaut\u00e9 cinglante, Caroline Hinault s\u2019enfonce dans l\u2019\u00e9paisseur de cette r\u00e9alit\u00e9. Elle sonde l\u2019insoutenable contradiction de ce parc national de 10\u00a0000 hectares, espace de sauvegarde \u00e9cologique comme de pers\u00e9cution humanitaire, o\u00f9 la faune et la flore b\u00e9n\u00e9ficient d\u2019une protection de haute lutte pendant que les migrants ont l\u2019interdiction de s\u2019y r\u00e9fugier et se voient pourchass\u00e9s parfois jusqu\u2019\u00e0 la mort <strong>\u2014\u00a0M.L.<\/strong><\/p>\n<p>                              <a href=\"https:\/\/www.europesays.com\/fr\/wp-content\/uploads\/2025\/09\/50531a6_upload-1-v5nccyfj6zl8-couv-poche.png\" data-pswp-width=\"\" data-pswp-height=\"\" class=\"media__hd\" target=\"_blank\">      <img decoding=\"async\" loading=\"lazy\" src=\"https:\/\/www.europesays.com\/fr\/wp-content\/uploads\/2025\/09\/50531a6_upload-1-v5nccyfj6zl8-couv-poche.png\" class=\"media__picture js-media-zoom  media__size--large\" alt=\"\" title=\"\"\/>       <\/a>                          <\/p>\n<p>\u00c9d. Le Livre de poche, 8,40\u20ac.<\/p>\n<p class=\"edito__prefixe\">   Lire notre critique   <\/p>\n<p class=\"edito__text-container\">   r    <a alt=\"Lire notre critique\" href=\"https:\/\/www.telerama.fr\/livre\/traverser-les-forets-de-caroline-hinault-promenons-nous-dans-l-emoi_cri-7031853.php\" class=\"article__title--edito\" rel=\"nofollow noopener\" target=\"_blank\">\u201cTraverser les for\u00eats\u201d de Caroline Hinault\u00a0<\/a>  <\/p>\n<p>                                        \u201cChanter, swinguer, faire la bringue comme \u00e0 No\u00ebl\u201d, de Maya Angelou                      <\/p>\n<p class=\"paragraph\">Dans Chanter, swinguer, faire la bringue comme \u00e0 No\u00ebl, l\u2019effervescent troisi\u00e8me volet de son autobiographie, on assiste au moment pr\u00e9cis o\u00f9 Marguerite devint Maya, au mitan des ann\u00e9es\u00a01950, au terme d\u2019une audition qui allait la propulser sur sc\u00e8ne, chanteuse de calypso dans un club de San Francisco. \u00ab\u00a0Ma vie n\u2019\u00e9tait qu\u2019une collection d\u2019\u00e9preuves\u00a0\u00bb, \u00e9crit, dans\u00a0Chanter, swinguer, faire la bringue comme \u00e0 No\u00ebl, celle qui deviendra, quelques d\u00e9cennies plus tard, l\u2019une des incarnations les plus puissantes et r\u00e9v\u00e9r\u00e9es de l\u2019\u00e9mancipation. Dans le recueil\u00a0Et pourtant je m\u2019\u00e9l\u00e8ve, elle \u00e9crivait\u00a0: \u00ab\u00a0Je suis un oc\u00e9an noir, bondissant et large,\u00a0\/ Jaillissant et gonflant je porte la mar\u00e9e.\u00a0\/ En laissant derri\u00e8re moi des nuits de terreur et de peur\u00a0\/ Je m\u2019\u00e9l\u00e8ve\u00a0\/ Vers une aube merveilleusement claire\u00a0\/ Je m\u2019\u00e9l\u00e8ve\u00a0\/ Apportant les pr\u00e9sents que mes anc\u00eatres m\u2019ont donn\u00e9s,\u00a0\/ Je suis le r\u00eave et l\u2019esp\u00e9rance de l\u2019esclave.\u00a0\/ Je m\u2019\u00e9l\u00e8ve\u00a0\/ Je m\u2019\u00e9l\u00e8ve\u00a0\/ Je m\u2019\u00e9l\u00e8ve.\u00a0\u00bb <strong>\u2014\u00a0Na.C.<\/strong><\/p>\n<p>                              <a href=\"https:\/\/www.europesays.com\/fr\/wp-content\/uploads\/2025\/09\/bdfeb28_upload-1-x5lkcqluojpr-couv-poche.png\" data-pswp-width=\"\" data-pswp-height=\"\" class=\"media__hd\" target=\"_blank\">      <img decoding=\"async\" loading=\"lazy\" src=\"https:\/\/www.europesays.com\/fr\/wp-content\/uploads\/2025\/09\/bdfeb28_upload-1-x5lkcqluojpr-couv-poche.png\" class=\"media__picture js-media-zoom  media__size--large\" alt=\"\" title=\"\"\/>       <\/a>                          <\/p>\n<p>\u00c9d. Le livre de poche, 9,40\u20ac.<\/p>\n<p class=\"edito__prefixe\">   Lire notre critique    <\/p>\n<p class=\"edito__text-container\">   s    <a alt=\"Lire notre critique \" href=\"https:\/\/www.telerama.fr\/livre\/chanter-swinguer-faire-la-bringue-comme-a-noel-de-maya-angelou-les-debuts-artistiques-d-une-future-activiste_cri-7033193.php\" class=\"article__title--edito\" rel=\"nofollow noopener\" target=\"_blank\">\u201cChanter, swinguer, faire la bringue comme \u00e0 No\u00ebl\u201d de Maya Angelou<\/a>  <\/p>\n<p>                                        \u201cLes Enfants de sainte Marguerite\u201d, de Ante Tomic                      <\/p>\n<p class=\"paragraph\">Avec un grand doigt\u00e9, Ante Tomi\u0107 distille \u00e0 merveille la saveur des joies tendres du quotidien et le chagrin des petites peines ordinaires. L\u2019\u00e9crivain de 54\u00a0ans donne libre cours \u00e0 son go\u00fbt du grotesque et, avec un sens aigu de la bouffonnerie, s\u2019amuse d\u2019un vol de maillot de bain, d\u2019une partie de cartes, d\u2019une fanfare. Mais, imperceptiblement, il assemble ces sayn\u00e8tes en un profond conte d\u2019\u00e9t\u00e9, faisant \u0153uvre de moraliste derri\u00e8re la d\u00e9sinvolture. Sans avoir l\u2019air d\u2019y toucher, l\u2019auteur croate, rendu c\u00e9l\u00e8bre par\u00a0Miracle \u00e0 la combe aux Aspics, et qui publie simultan\u00e9ment en poche\u00a0Qu\u2019est-ce qu\u2019un homme sans moustache\u00a0? (\u00e9d. Libretto), nous parle d\u2019exil et de m\u00e9tissage, de d\u00e9sir et d\u2019amour. Et finalement d\u2019espoir. Qui, en croate, se dit\u00a0nada. Soit le titre en langue originale de ce roman \u2013 on vous laisse d\u00e9couvrir comment il en est aussi l\u2019aboutissement. <strong>\u2014<\/strong> <strong>Y.B.<\/strong><\/p>\n<p>                              <a href=\"https:\/\/www.europesays.com\/fr\/wp-content\/uploads\/2025\/09\/ac72f5c_upload-1-sgjvet7ls2z0-couv-poche.png\" data-pswp-width=\"\" data-pswp-height=\"\" class=\"media__hd\" target=\"_blank\">      <img decoding=\"async\" loading=\"lazy\" src=\"https:\/\/www.europesays.com\/fr\/wp-content\/uploads\/2025\/09\/ac72f5c_upload-1-sgjvet7ls2z0-couv-poche.png\" class=\"media__picture js-media-zoom  media__size--large\" alt=\"\" title=\"\"\/>       <\/a>                          <\/p>\n<p>\u00c9d. Libretto, 9,20\u00a0\u20ac.<\/p>\n<p class=\"edito__prefixe\">   Lire notre critique   <\/p>\n<p class=\"edito__text-container\">       <a alt=\"Lire notre critique\" href=\"https:\/\/www.telerama.fr\/livre\/les-enfants-de-sainte-marguerite-de-ante-tomic-une-fable-insulaire-qui-parle-de-metissage-et-de-desir_cri-7034778.php\" class=\"article__title--edito\" rel=\"nofollow noopener\" target=\"_blank\">\u201cLes Enfants de sainte Marguerite\u201d de Ante Tomic\u00a0<\/a>  <\/p>\n<p>                                        \u201cBirnam Wood\u201d, d\u2019Eleanor Catton                      <\/p>\n<p class=\"paragraph\">Apr\u00e8s avoir remport\u00e9 le Booker Prize \u00e0 28\u00a0ans pour\u00a0<a target=\"_blank\" href=\"https:\/\/www.telerama.fr\/livres\/les-luminaires,129405.php\" rel=\"nofollow noopener\">Les Luminaires<\/a> (Buchet-Chastel, 2014), Eleanor Catton revient avec\u00a0Birnam Wood, un \u00e9co-thriller aussi foisonnant que d\u00e9stabilisant. On commence par y suivre un collectif de militants qui exploitent ill\u00e9galement des terrains inoccup\u00e9s pour faire du mara\u00eechage. L\u2019ambiance tourne au vinaigre quand le tr\u00e8s politique Tony revient apr\u00e8s des ann\u00e9es d\u2019absence et critique l\u2019\u00e9volution du collectif, lequel s\u2019est doucement \u00e9loign\u00e9 de son identit\u00e9 antisyst\u00e8me pour rationaliser son organisation. Le\u00a0thriller\u00a0s\u2019impose un peu plus \u00e0 chaque page, tandis que le scandale industriel qui se trame dans l\u2019ombre est sur le point d\u2019exploser. Avec un \u00e9lan narratif qui semble ne jamais faire de pause, l\u2019autrice questionne, avec une ironie grin\u00e7ante, la fa\u00e7on dont l\u2019homme peut encore habiter la nature. <strong>\u2014<\/strong> <strong>Y.L.-S.<\/strong><\/p>\n<p>                              <a href=\"https:\/\/www.europesays.com\/fr\/wp-content\/uploads\/2025\/09\/fc7e029_upload-1-fitkfqdo37ns-couv-poche.png\" data-pswp-width=\"\" data-pswp-height=\"\" class=\"media__hd\" target=\"_blank\">      <img decoding=\"async\" loading=\"lazy\" src=\"https:\/\/www.europesays.com\/fr\/wp-content\/uploads\/2025\/09\/fc7e029_upload-1-fitkfqdo37ns-couv-poche.png\" class=\"media__picture js-media-zoom  media__size--large\" alt=\"\" title=\"\"\/>       <\/a>                          <\/p>\n<p>\u00c9d. Libretto, 12,70\u00a0\u20ac.<\/p>\n<p class=\"edito__prefixe\">   Lire notre critique   <\/p>\n<p class=\"edito__text-container\">   <a alt=\"Lire notre critique\" href=\"https:\/\/www.telerama.fr\/livre\/eleanor-catton-et-charlotte-mcconaghy-deux-autrices-sur-le-terreau-de-l-eco-polar-7019297.php\" class=\"article__title--edito\" rel=\"nofollow noopener\" target=\"_blank\">Birnam Wood, d\u2019Eleanor Catton <\/a>  <\/p>\n<p>                                        \u201cReine\u201d, de Pauline Gu\u00e9na                      <\/p>\n<p class=\"paragraph\">Au c\u0153ur d\u2019une chaude nuit d\u2019\u00e9t\u00e9, dans la banlieue sud-est de Paris, un homme est abattu \u00e0 la sortie d\u2019un bar miteux. Le tireur est un tueur \u00e0 gages qui vient d\u2019agir par amour, avant de s\u2019enfuir. Sur place, une jeune femme mutique est retrouv\u00e9e par la police. Un journaliste novice coinc\u00e9 au service web d\u2019une r\u00e9daction nationale s\u2019int\u00e9resse \u00e0 l\u2019affaire, sans savoir que la couverture de ce fait divers va le transformer. C\u2019est d\u2019abord ce dernier personnage que Pauline Gu\u00e9na nous am\u00e8ne \u00e0 suivre. Son \u00e9criture po\u00e9tique, vivante, permet au lecteur de se fondre dans l\u2019existence des protagonistes de ce roman noir qui distille un suspense \u00e9l\u00e9gant. Il faut reconna\u00eetre que l\u2019importance accord\u00e9e \u00e0 la subtilit\u00e9 des \u00e9motions fait parfois passer au second plan le souffle narratif dans cette histoire finalement assez ramass\u00e9e. Mais le d\u00e9nouement, simple et ma\u00eetris\u00e9, ach\u00e8ve de graver dans la m\u00e9moire un texte singulier.<strong>\u2014\u00a0Y.L.-S.<\/strong><\/p>\n<p>                              <a href=\"https:\/\/www.europesays.com\/fr\/wp-content\/uploads\/2025\/09\/2bc3f82_upload-1-0xap8lm5n0g2-couv-poche-2.png\" data-pswp-width=\"\" data-pswp-height=\"\" class=\"media__hd\" target=\"_blank\">      <img decoding=\"async\" loading=\"lazy\" src=\"https:\/\/www.europesays.com\/fr\/wp-content\/uploads\/2025\/09\/2bc3f82_upload-1-0xap8lm5n0g2-couv-poche-2.png\" class=\"media__picture js-media-zoom  media__size--large\" alt=\"\" title=\"\"\/>       <\/a>                          <\/p>\n<p>\u00c9d. Folio, 8,50\u00a0\u20ac.<\/p>\n<p class=\"edito__prefixe\">   Lire notre critique    <\/p>\n<p class=\"edito__text-container\">     <a alt=\"Lire notre critique \" href=\"https:\/\/www.telerama.fr\/livre\/avec-reine-pauline-guena-continue-de-creuser-la-veine-sociale-du-roman-noir-7020467.php\" class=\"article__title--edito\" rel=\"nofollow noopener\" target=\"_blank\">\u201cReine\u201d, de Pauline Gu\u00e9na <\/a>  <\/p>\n<p>                                        \u201cEmma Goldman\u201d, de Vivian Gornick                      <\/p>\n<p class=\"paragraph\">Limpide est, effectivement, l\u2019essai biographique que Gornick consacre \u00e0 Emma Goldman (1869-1940), militante anarchiste avec laquelle elle partage des origines juives et russes. Mais l\u00e0 n\u2019est pas la source de son int\u00e9r\u00eat pour l\u2019\u00e9ruptive et infatigable activiste dont elle cherche plut\u00f4t \u00e0 cerner et \u00ab\u00a0\u00e9clairer l\u2019\u00e9lan existentiel qui sous-tend sa politique radicale\u00a0\u00bb. Les id\u00e9es, pour Emma Goldman, ne valaient pas grand-chose si on se contentait de l\u2019intelligence pour s\u2019en saisir, alors qu\u2019il fallait plut\u00f4t, disait-elle, les \u00ab\u00a0sentir dans chacune de ses fibres comme une flamme, une fi\u00e8vre d\u00e9vorante, une passion \u00e9l\u00e9mentaire\u00a0\u00bb. La foi d\u2019Emma Goldman en l\u2019id\u00e9al anarchiste \u00ab\u00a0se\u00a0logeait dans le syst\u00e8me nerveux\u00a0\u00bb, r\u00e9sume Gornick, au seuil de ce r\u00e9cit prenant qui embrasse d\u2019un geste net et enlev\u00e9 l\u2019existence tumultueuse de son sujet. Tout en l\u2019\u00e9clairant de r\u00e9flexions qui esquissent, derri\u00e8re ce portrait en mouvement, un tableau de la vie politique de son temps.<strong>\u2014\u00a0Na.C.<\/strong><\/p>\n<p>                              <a href=\"https:\/\/www.europesays.com\/fr\/wp-content\/uploads\/2025\/09\/2544865_upload-1-s9j46qakdm59-couv-poche.png\" data-pswp-width=\"\" data-pswp-height=\"\" class=\"media__hd\" target=\"_blank\">      <img decoding=\"async\" loading=\"lazy\" src=\"https:\/\/www.europesays.com\/fr\/wp-content\/uploads\/2025\/09\/2544865_upload-1-s9j46qakdm59-couv-poche.png\" class=\"media__picture js-media-zoom  media__size--large\" alt=\"\" title=\"\"\/>       <\/a>                          <\/p>\n<p>\u00c9d. Payot, 9,50\u00a0\u20ac.<\/p>\n<p class=\"edito__prefixe\">   Lire notre critique   <\/p>\n<p class=\"edito__text-container\">   r    <a alt=\"Lire notre critique\" href=\"https:\/\/www.telerama.fr\/livre\/emma-goldman-la-revolution-comme-mode-de-vie-une-icone-anarchiste-racontee-par-une-icone-feministe_cri-7030953.php\" class=\"article__title--edito\" rel=\"nofollow noopener\" target=\"_blank\">\u00ab\u00a0Emma Goldman\u00a0\u00bb\u00a0, de Vivian Gornick<\/a>  <\/p>\n<p>                                        \u201cLes Cantiques du corbeau\u201d, de Bartabas                      <\/p>\n<p class=\"paragraph\">Parfois, il suffit d\u2019une phrase, d\u2019une image pour \u00eatre entra\u00een\u00e9 comme malgr\u00e9 soi, et lentement envo\u00fbt\u00e9 par un livre. Ainsi en va-t-il du tr\u00e8s court et fulgurant opus de Bartabas, patron du Th\u00e9\u00e2tre \u00e9questre Zingaro\u00a0: \u00ab\u00a0Ma vie diurne sera toujours un long cort\u00e8ge fun\u00e9raire\u00a0\u00bb, ou encore \u00ab\u00a0j\u2019ob\u00e9irai au cantique de mon destin\u00a0\u00bb\u2026\u00a0Apr\u00e8s\u00a0D\u2019un cheval l\u2019autre\u00a0(2020), premier et singulier ouvrage, o\u00f9 il revisitait son parcours artistique et intime \u00e0 travers chacun des chevaux qui tout au long de son existence l\u2019avaient accompagn\u00e9, voil\u00e0 que le moine-\u00e9cuyer r\u00e9invente, en vingt-deux chants oniriques, rien moins que les origines de l\u2019humanit\u00e9. L\u2019effroi et la douceur tissent ces visionnaires et hallucin\u00e9s\u00a0Cantiques du corbeau, le rire et le martyre, le r\u00eave et le mythe. Et, imp\u00e9rial et humble \u00e0 la fois, Bartabas conclut simplement son voyage chamanique\u00a0: \u00ab\u00a0Nous sommes tous des b\u00eates tourment\u00e9es qui errent dans la nuit.\u00a0\u00bb.<strong>\u2014\u00a0F.P.<\/strong><\/p>\n<p>                              <a href=\"https:\/\/www.europesays.com\/fr\/wp-content\/uploads\/2025\/09\/e06945f_upload-1-7esuwgzwj6r2-couv-poche-3.png\" data-pswp-width=\"\" data-pswp-height=\"\" class=\"media__hd\" target=\"_blank\">      <img decoding=\"async\" loading=\"lazy\" src=\"https:\/\/www.europesays.com\/fr\/wp-content\/uploads\/2025\/09\/e06945f_upload-1-7esuwgzwj6r2-couv-poche-3.png\" class=\"media__picture js-media-zoom  media__size--large\" alt=\"\" title=\"\"\/>       <\/a>                          <\/p>\n<p>\u00c9d. Folio, 7,00\u00a0\u20ac.<\/p>\n<p class=\"edito__prefixe\">   Lire notre critique   <\/p>\n<p class=\"edito__text-container\">       <a alt=\"Lire notre critique\" href=\"https:\/\/www.telerama.fr\/livres\/les-cantiques-du-corbeau-3-16556709.php\" class=\"article__title--edito\" rel=\"nofollow noopener\" target=\"_blank\">\u00ab\u00a0Les Cantiques du corbeau\u00a0\u00bb, de Bartabas<\/a>  <\/p>\n<p>                                        \u201cLa Cit\u00e9 de la victoire\u201d, de Salman Rushdie                      <\/p>\n<p class=\"paragraph\">La Cit\u00e9 de la victoire, l\u2019\u00e9pop\u00e9e historique de Pampa Kampana, une jeune femme dot\u00e9e de pouvoirs magiques qui fit na\u00eetre au XIVe\u00a0si\u00e8cle une cit\u00e9 utopique.\u00a0Le quotidien\u00a0The\u00a0Washington Post\u00a0remarque, des parall\u00e8les entre les menaces dont est victime la jeune Pampa et \u00ab\u00a0les propres combats de l\u2019auteur contre la haine sectaire et l\u2019ignorance\u00a0\u00bb. \u00ab\u00a0Certaines co\u00efncidences, poursuit The\u00a0Washington Post, sont presque trop difficiles \u00e0 supporter.\u00a0\u00bb Tout en \u00e9voquant la richesse de sa prose et de ses r\u00e9f\u00e9rences historiques, le\u00a0<a target=\"_blank\" href=\"https:\/\/www.latimes.com\/entertainment-arts\/books\/story\/2023-01-30\/salman-rushdies-new-novel-victory-city-reminds-us-how-his-writing-changed-the-world\" rel=\"nofollow noopener\">Los Angeles Times<\/a>\u00a0\u00e9crit, pour sa part, que ce quinzi\u00e8me ouvrage \u00ab\u00a0nous rappelle comment l\u2019\u00e9criture de Salman Rushdie a chang\u00e9 le monde\u00a0\u00bb.<\/p>\n<p>                              <a href=\"https:\/\/www.europesays.com\/fr\/wp-content\/uploads\/2025\/09\/4260cba_upload-1-3kny03wzleq7-couv-poche.png\" data-pswp-width=\"\" data-pswp-height=\"\" class=\"media__hd\" target=\"_blank\">      <img decoding=\"async\" loading=\"lazy\" src=\"https:\/\/www.europesays.com\/fr\/wp-content\/uploads\/2025\/09\/4260cba_upload-1-3kny03wzleq7-couv-poche.png\" class=\"media__picture js-media-zoom  media__size--large\" alt=\"\" title=\"\"\/>       <\/a>                          <\/p>\n<p>\u00c9d. Babel, 10,90\u00a0\u20ac.<\/p>\n<p class=\"edito__prefixe\">   Lire notre article    <\/p>\n<p class=\"edito__text-container\">   <a alt=\"Lire notre article \" href=\"https:\/\/www.telerama.fr\/livre\/salman-rushdie-publie-son-nouveau-roman-et-reprend-la-parole-7014205.php\" class=\"article__title--edito\" rel=\"nofollow noopener\" target=\"_blank\">\u00ab\u00a0La Cit\u00e9 de la victoire\u00a0\u00bb, de Salman Rushdie<\/a>  <\/p>\n<p>                                        \u201cIntermezzo\u201d, de Sally Rooney                      <\/p>\n<p class=\"paragraph\">\u00c0 chaque nouvel opus de Sally Rooney, un sch\u00e9ma relationnel observ\u00e9 \u00e0 la loupe\u00a0: apr\u00e8s le m\u00e9nage \u00e0 quatre (Conversations entre amis), le jeune couple amoureux (<a target=\"_blank\" href=\"https:\/\/www.telerama.fr\/livres\/normal-people,n6832913.php\" rel=\"nofollow noopener\">Normal people<\/a>), le tandem d\u2019amies de longue date (<a target=\"_blank\" href=\"https:\/\/www.telerama.fr\/livres\/ou-es-tu-monde-admirable-3-17006350.php\" rel=\"nofollow noopener\">O\u00f9 es-tu, monde admirable<\/a>), <a target=\"_blank\" href=\"https:\/\/www.telerama.fr\/livre\/la-romanciere-irlandaise-sally-rooney-tout-ce-qui-m-arrive-agit-sur-mon-ecriture-7011729.php\" rel=\"nofollow noopener\">l\u2019\u00e9crivaine irlandaise<\/a>\u00a0se penche, dans ce quatri\u00e8me roman, sur l\u2019attachement fraternel, qu\u2019elle entreprend de diss\u00e9quer au prisme des liens qui unissent \u2013 et d\u00e9sunissent \u2013 deux jeunes hommes confront\u00e9s \u00e0 la disparition r\u00e9cente de leur p\u00e8re. Intermezzo\u00a0est le roman d\u2019une f\u00e9ministe de 33\u00a0ans lucide mais pas d\u00e9sesp\u00e9r\u00e9e, dont l\u2019astucieuse m\u00e9canique et la redoutable finesse d\u2019observation emportent davantage l\u2019adh\u00e9sion que certaines aff\u00e8teries stylistiques.<strong>\u2014\u00a0E.G.<\/strong><\/p>\n<p>                              <a href=\"https:\/\/www.europesays.com\/fr\/wp-content\/uploads\/2025\/09\/cbdd9ce_upload-1-rbypxnlpmqoo-couv-poche-1.png\" data-pswp-width=\"\" data-pswp-height=\"\" class=\"media__hd\" target=\"_blank\">      <img decoding=\"async\" loading=\"lazy\" src=\"https:\/\/www.europesays.com\/fr\/wp-content\/uploads\/2025\/09\/cbdd9ce_upload-1-rbypxnlpmqoo-couv-poche-1.png\" class=\"media__picture js-media-zoom  media__size--large\" alt=\"\" title=\"\"\/>       <\/a>                          <\/p>\n<p>\u00c9d. Folio, 10,00\u00a0\u20ac.<\/p>\n<p class=\"edito__prefixe\">   Lire notre critique   <\/p>\n<p class=\"edito__text-container\">       <a alt=\"Lire notre critique\" href=\"https:\/\/www.telerama.fr\/livre\/intermezzo-subtile-partie-d-echecs-sentimentale-signee-sally-rooney_cri-7034513.php\" class=\"article__title--edito\" rel=\"nofollow noopener\" target=\"_blank\">\u201cIntermezzo\u201d, de Sally Rooney<\/a>  <\/p>\n<p>                                        \u201cArchipels\u201d, d\u2019H\u00e9l\u00e8ne Gaudy                      <\/p>\n<p class=\"paragraph\">\u00ab\u00a0Il n\u2019est pas plus facile de d\u00e9crire mon propre p\u00e8re que des explorateurs su\u00e9dois du XIX\u1d49 si\u00e8cle\u00a0\u00bb, confesse H\u00e9l\u00e8ne Gaudy au terme de ce livre magnifique. Elle \u00e9voque l\u00e0 un pr\u00e9c\u00e9dent ouvrage, <a target=\"_blank\" href=\"https:\/\/www.telerama.fr\/livres\/un-monde-sans-rivage,n6389812.php\" rel=\"nofollow noopener\">Un monde sans rivage<\/a>\u00a0(2019), dans lequel elle pistait les destins des t\u00e9m\u00e9raires aventuriers scandinaves. Il y a une filiation entre les deux livres\u00a0: rechercher le pass\u00e9 au moyen des traces que les hommes ont laiss\u00e9es derri\u00e8re eux. T\u00e2che ardue, cette fois, tant son p\u00e8re brouille les pistes. Si les paysages travers\u00e9s peuvent d\u00e9finir un itin\u00e9raire personnel, alors celui de son p\u00e8re serait une \u00eele, rep\u00e9rable mais isol\u00e9e et secr\u00e8te.<strong>\u2014\u00a0G.H.<\/strong><\/p>\n<p>                              <a href=\"https:\/\/www.europesays.com\/fr\/wp-content\/uploads\/2025\/09\/8f821aa_upload-1-k0xmvf1nwltv-couv-poche-1.png\" data-pswp-width=\"\" data-pswp-height=\"\" class=\"media__hd\" target=\"_blank\">      <img decoding=\"async\" loading=\"lazy\" src=\"https:\/\/www.europesays.com\/fr\/wp-content\/uploads\/2025\/09\/8f821aa_upload-1-k0xmvf1nwltv-couv-poche-1.png\" class=\"media__picture js-media-zoom  media__size--large\" alt=\"\" title=\"\"\/>       <\/a>                          <\/p>\n<p>\u00c9d. Points, 9,30\u00a0\u20ac.<\/p>\n<p class=\"edito__prefixe\">   Lire notre critique    <\/p>\n<p class=\"edito__text-container\">   s    <a alt=\"Lire notre critique \" href=\"https:\/\/www.telerama.fr\/livre\/archipels-d-helene-gaudy-les-mysteres-d-un-pere_cri-7034021.php\" class=\"article__title--edito\" rel=\"nofollow noopener\" target=\"_blank\">\u201cArchipels\u201d d\u2019H\u00e9l\u00e8ne Gaudy<\/a>  <\/p>\n<p>                                        \u201cFabriquer une femme\u201d, de Marie Darrieussecq                      <\/p>\n<p class=\"paragraph\">Balzac, aussi, aimait de livre en livre ressusciter certains personnages. Non que Marie Darrieussecq, 55\u00a0ans, ait son ambition d\u2019\u00e9crire une\u00a0Com\u00e9die humaine, juste, peut-\u00eatre, de densifier quelques-unes de ses h\u00e9ro\u00efnes s\u0153urs sous de nouvelles complexit\u00e9s. Ainsi se retrouve-t-on \u00e0 Cl\u00e8ves, la bourgade de son enfance r\u00e9invent\u00e9e, au Pays basque. Ainsi red\u00e9couvre-t-on deux amies adolescentes, Rose, la jeune bourgeoise s\u00e9rieuse, et Solange, la d\u00e9vergond\u00e9e aux parents divorc\u00e9s et paum\u00e9s. De ses dr\u00f4les de paragraphes informels et pourtant sculpt\u00e9s, de son \u00e9criture sonore et visuelle, si magiquement enracin\u00e9e dans l\u2019endroit, l\u2019\u00e9poque qu\u2019elle d\u00e9crit, Marie Darrieussecq dit admirablement la France urbaine et n\u00e9orurale des ann\u00e9es mitterrandiennes, les d\u00e9sarrois et extravagances d\u2019une g\u00e9n\u00e9ration aux lendemains qui ne chanteront plus, au \u00ab\u00a0progr\u00e8s\u00a0\u00bb d\u00e9funt.<strong>\u2014\u00a0F.P.<\/strong><\/p>\n<p>                              <a href=\"https:\/\/www.europesays.com\/fr\/wp-content\/uploads\/2025\/09\/aeea645_upload-1-shxmbegdokfq-couv-poche-2.png\" data-pswp-width=\"\" data-pswp-height=\"\" class=\"media__hd\" target=\"_blank\">      <img decoding=\"async\" loading=\"lazy\" src=\"https:\/\/www.europesays.com\/fr\/wp-content\/uploads\/2025\/09\/aeea645_upload-1-shxmbegdokfq-couv-poche-2.png\" class=\"media__picture js-media-zoom  media__size--large\" alt=\"\" title=\"\"\/>       <\/a>                          <\/p>\n<p>\u00c9d. Folio, 9,50\u00a0\u20ac.<\/p>\n<p class=\"edito__prefixe\">   Lire notre critique   <\/p>\n<p class=\"edito__text-container\">       <a alt=\"Lire notre critique\" href=\"https:\/\/www.telerama.fr\/livre\/fabriquer-une-femme-de-marie-darrieussecq-le-destin-de-deux-copines-dans-la-france-des-annees-80_cri-7030515.php\" class=\"article__title--edito\" rel=\"nofollow noopener\" target=\"_blank\">\u201cFabriquer une femme\u201d de Marie Darrieussecq\u00a0<\/a>  <\/p>\n<p>                                        \u201cCopeaux de bois\u201d, d\u2019Anouk Lejczyk                      <\/p>\n<p class=\"paragraph\">Anouk Lejczyk est devenue b\u00fbcheronne pour un temps limit\u00e9, en vue d\u2019\u00e9crire un livre que voici, car \u00e9crire est son m\u00e9tier premier. Pas de f\u00e9erie cosmique, pas de dolorisme de l\u2019extr\u00eame, juste un compte rendu fid\u00e8le de ce quotidien de novice, une mise \u00e0 plat des mots entendus, des performances exig\u00e9es, des m\u00e9thodes de formation, des moqueries de circonstances. Mais avant de mettre \u00e0 plat, il faut couper. Alors Anouk Lejczyk d\u00e9coupe, hache, tron\u00e7onne son texte, avec des retours \u00e0 la ligne instinctifs, en plein milieu des phrases, trait\u00e9es comme des branches qu\u2019elle \u00e9carte, qu\u2019elle \u00e9lague. L\u2019aventuri\u00e8re foresti\u00e8re nous plonge dans un monde p\u00e9tri de doutes, tiraill\u00e9 entre un sentiment d\u2019urgence et d\u2019\u00e9ternit\u00e9, somm\u00e9 de s\u2019adapter aux changements, tout en gardant un lien avec les gestes les plus anciens. Les discours restent en surface, et soudain la banalit\u00e9 se fendille sous l\u2019effet d\u2019une peur sourde, contemporaine, g\u00e9n\u00e9ralis\u00e9e. Les vieux r\u00e9flexes ont la vie dure, l\u2019\u00e9cologie se vit comme une honte d\u2019en \u00eatre arriv\u00e9 l\u00e0. Mais il faut tenir, garder du souffle et de la confiance pour avancer. Ce livre en est empli, et d\u00e9roule dans sa phrase finale une proposition d\u2019avenir qui ne se refuse pas\u00a0: \u00ab\u00a0faire entrer la lumi\u00e8re.\u00a0\u00bb. <strong>\u2014\u00a0M.L.<\/strong><\/p>\n<p>                              <a href=\"https:\/\/www.europesays.com\/fr\/wp-content\/uploads\/2025\/09\/9ea0c91_upload-1-in56sjt4duxn-couv-poche0.png\" data-pswp-width=\"\" data-pswp-height=\"\" class=\"media__hd\" target=\"_blank\">      <img decoding=\"async\" loading=\"lazy\" src=\"https:\/\/www.europesays.com\/fr\/wp-content\/uploads\/2025\/09\/9ea0c91_upload-1-in56sjt4duxn-couv-poche0.png\" class=\"media__picture js-media-zoom  media__size--large\" alt=\"\" title=\"\"\/>       <\/a>                          <\/p>\n<p>\u00c9d. J\u2019ai lu, 8,20\u00a0\u20ac.<\/p>\n<p class=\"edito__prefixe\">   Lire notre critique    <\/p>\n<p class=\"edito__text-container\">   r    <a alt=\"Lire notre critique \" href=\"https:\/\/www.telerama.fr\/livre\/copeaux-de-bois_cri-7028775.php\" class=\"article__title--edito\" rel=\"nofollow noopener\" target=\"_blank\">\u00ab\u00a0Copeaux de bois\u00a0\u00bb, d\u2019Anouk Lejczyk<\/a>  <\/p>\n<p>                                        \u201cLes Trois Lumi\u00e8res\u201d, de Claire Keegan                      <\/p>\n<p class=\"paragraph\">Al\u2019arriv\u00e9e imminente d\u2019un nouveau b\u00e9b\u00e9 \u00e0 la maison, des parents confient leur fille \u00e0 son oncle et sa tante. D\u2019abord d\u00e9rout\u00e9e, la petite trouve aupr\u00e8s de ce couple sans enfants un refuge et un r\u00e9confort. L\u2019odeur d\u2019une tarte, une promenade sur la plage, la chaleur de la cuisine, tout l\u2019apaise et l\u2019aide \u00e0 grandir. Claire Keegan sait, en quelques mots po\u00e9tiques et directs, peindre une Irlande rurale et la douceur infinie des sentiments.<\/p>\n<p>                              <a href=\"https:\/\/www.europesays.com\/fr\/wp-content\/uploads\/2025\/09\/56fda4c_upload-1-96bsrdcnhrg8-couv-poche.png\" data-pswp-width=\"\" data-pswp-height=\"\" class=\"media__hd\" target=\"_blank\">      <img decoding=\"async\" loading=\"lazy\" src=\"https:\/\/www.europesays.com\/fr\/wp-content\/uploads\/2025\/09\/56fda4c_upload-1-96bsrdcnhrg8-couv-poche.png\" class=\"media__picture js-media-zoom  media__size--large\" alt=\"\" title=\"\"\/>       <\/a>                          <\/p>\n<p>\u00c9d. Le Livre de Poche, 7,70\u00a0\u20ac.<\/p>\n<p class=\"edito__prefixe\">   Lire notre critique    <\/p>\n<p class=\"edito__text-container\">   r    <a alt=\"Lire notre critique \" href=\"https:\/\/www.telerama.fr\/livres\/les-trois-lumieres,86309.php\" class=\"article__title--edito\" rel=\"nofollow noopener\" target=\"_blank\">\u00ab\u00a0Les Trois Lumi\u00e8res\u00a0\u00bb, de Claire Keegan<\/a>  <\/p>\n<p>                                        \u201cLe Royaume enchant\u00e9\u201d, de Russell Banks                      <\/p>\n<p class=\"paragraph\">De 3\u00a0000 hectares de terres mar\u00e9cageuses acquis en Floride, le groupe d\u2019une quinzaine d\u2019adeptes, \u00e0 force de foi inflexible et de travail acharn\u00e9, a fait un \u00e9den prosp\u00e8re, couvert de vergers et de p\u00e2turages, baptis\u00e9 La Nouvelle-B\u00e9thanie. Un paradis profond\u00e9ment r\u00e9actionnaire, dont\u00a0Le Royaume enchant\u00e9, par la voix de Harley Mann, nous raconte l\u2019acm\u00e9 et la chute\u00a0\u2014\u00a0\u00e0 laquelle, adolescent, Harley Mann fut \u00e9troitement m\u00eal\u00e9, lorsque son amour interdit pour la jeune Sadie fit imploser la communaut\u00e9. \u00c0 travers lui, \u00e0 travers ceux qui l\u2019entourent Russell Banks incarne puissamment les fausses promesses du dogmatisme, de la radicalit\u00e9 et de l\u2019utopie. Celles non moins d\u00e9l\u00e9t\u00e8res de l\u2019individualisme mat\u00e9rialiste \u2014\u00a0et la dimension explosive de leur rencontre. Sur les ruines de l\u2019illusoire paradis de La Nouvelle-B\u00e9thanie, quelques d\u00e9cennies plus tard, l\u2019empire Disney a pris pied et b\u00e2ti, \u00e0 son tour, un autre pseudo-Royaume enchant\u00e9, une usine \u00e0 r\u00eaves, symbole du capitalisme du divertissement. Tel est le sens, d\u00e9senchant\u00e9, de l\u2019Histoire, semble nous confier Banks. <strong>\u2014\u00a0Na.C.<\/strong><\/p>\n<p>                              <a href=\"https:\/\/www.europesays.com\/fr\/wp-content\/uploads\/2025\/09\/069d2f5_upload-1-3wk0pn5m1yru-couv-poche-3.png\" data-pswp-width=\"\" data-pswp-height=\"\" class=\"media__hd\" target=\"_blank\">      <img decoding=\"async\" loading=\"lazy\" src=\"https:\/\/www.europesays.com\/fr\/wp-content\/uploads\/2025\/09\/069d2f5_upload-1-3wk0pn5m1yru-couv-poche-3.png\" class=\"media__picture js-media-zoom  media__size--large\" alt=\"\" title=\"\"\/>       <\/a>                          <\/p>\n<p>\u00c9d. Babel, 10,90\u00a0\u20ac.<\/p>\n<p class=\"edito__prefixe\">   Lire notre critique   <\/p>\n<p class=\"edito__text-container\">       <a alt=\"Lire notre critique\" href=\"https:\/\/www.telerama.fr\/livre\/le-royaume-enchante-les-cauchemars-de-l-amerique-hantent-l-ultime-roman-de-russell-banks_cri-7030509.php\" class=\"article__title--edito\" rel=\"nofollow noopener\" target=\"_blank\">\u201cLe Royaume enchant\u00e9\u201d, de Russell Banks<\/a>  <\/p>\n<p>                                        \u201cAssemblage\u201d, de Natasha Brown                      <\/p>\n<p class=\"paragraph\">Elle n\u2019a pas m\u00e9nag\u00e9 ses efforts, elle a mis toute son \u00e9nergie, et m\u00eame davantage, \u00e0 \u00ab\u00a0ce d\u00e9passement sans fin\u00a0\u00bb d\u2019elle-m\u00eame. \u00ab\u00a0Je suis tout ce qu\u2019on m\u2019a dit de devenir. \u00c7a ne suffit pas\u00a0\u00bb, constate pourtant la narratrice d\u2019Assemblage. Jeune Britannique noire, issue d\u2019une famille modeste, elle a excell\u00e9 \u00e0 l\u2019\u00e9cole et \u00e0 l\u2019universit\u00e9 et gravite d\u00e9sormais dans l\u2019univers glac\u00e9 et suffisant de la finance. Son petit ami blanc est un h\u00e9ritier, rejeton d\u2019une famille de la haute bourgeoisie anglaise. Comme une cr\u00e9ature au corps \u00e9lastique, elle s\u2019est coul\u00e9e dans les codes culturels et les m\u0153urs d\u2019un monde au seuil duquel elle demeure. \u00c0 travers le monologue de sa narratrice, Assemblage ne fait entendre nulle plainte. Une col\u00e8re plut\u00f4t, froide et nette, m\u00eame si elle est m\u00eal\u00e9e de lassitude, d\u2019angoisse sourde, de cr\u00e2ne renoncement. Une tonalit\u00e9 inconfortable, rugueuse, d\u00e9rangeante, qui tout ensemble porte et irrigue une narration morcel\u00e9e au fil de laquelle la jeune femme d\u00e9roule les faits \u2013 les gestes, les symboles, et surtout les mots, r\u00e9v\u00e9lateurs, \u00e0 l\u2019insu de ceux qui les prononcent, des hi\u00e9rarchies av\u00e9r\u00e9es et non dites, du rejet racial et social, du m\u00e9pris de genre \u2013 et les diss\u00e8que avec une intelligence critique implacable. Ne s\u2019\u00e9pargnant pas elle-m\u00eame tandis qu\u2019elle examine, l\u2019\u00e2me intranquille, son acquiescement \u00e0 ce syst\u00e8me qu\u2019elle est sur le point de r\u00e9silier. \u00ab\u00a0N\u00e9e ici, de parents n\u00e9s ici, jamais v\u00e9cu ailleurs \u2013 pourtant jamais d\u2019ici\u00a0\u00bb, r\u00e9sume-t-elle sans pathos, au fil de ce (premier) roman d\u2019une \u00e9clatante ma\u00eetrise, \u00e0 teneur hautement politique, mais non moins incarn\u00e9 et remuant. <strong>\u2014\u00a0Na.C.<\/strong><\/p>\n<p>                              <a href=\"https:\/\/www.europesays.com\/fr\/wp-content\/uploads\/2025\/08\/e3677c3_upload-1-0t5avioy7v0t-couv-poche-1.png\" data-pswp-width=\"\" data-pswp-height=\"\" class=\"media__hd\" target=\"_blank\">      <img decoding=\"async\" loading=\"lazy\" src=\"https:\/\/www.europesays.com\/fr\/wp-content\/uploads\/2025\/08\/e3677c3_upload-1-0t5avioy7v0t-couv-poche-1.png\" class=\"media__picture js-media-zoom  media__size--large\" alt=\"\" title=\"\"\/>       <\/a>                          <\/p>\n<p>\u00c9d. Le livre de poche, 7,90\u00a0\u20ac.<\/p>\n<p class=\"edito__prefixe\">   Lire notre critique   <\/p>\n<p class=\"edito__text-container\">       <a alt=\"Lire notre critique\" href=\"https:\/\/www.telerama.fr\/livres\/assemblage-3-17431569.php\" class=\"article__title--edito\" rel=\"nofollow noopener\" target=\"_blank\">\u00ab\u00a0Assemblage\u00a0\u00bb, de Natasha Brown<\/a>  <\/p>\n<p>                                        \u201cCroix de cendre\u201d, d\u2019Antoine S\u00e9nanque                      <\/p>\n<p class=\"paragraph\">Un prieur, un sacristain, deux moines, un inquisiteur et des oblats\u2026 Nous sommes au XIV\u1d49\u00a0si\u00e8cle, ravag\u00e9 par l\u2019\u00e9pid\u00e9mie de peste de\u00a01348. Mais si ce roman d\u2019Antoine S\u00e9nanque est une histoire religieuse, s\u2019il fait la part belle aux dimensions symboliques, aux doutes qui sans cesse tenaillent les \u00e2mes des protagonistes, il est aussi un formidable roman d\u2019aventures o\u00f9 les corps et le spirituel se conjuguent et o\u00f9 les enjeux politiques prennent parfois le dessus sur toute autre consid\u00e9ration. Merveilleusement \u00e9crit, le roman d\u2019Antoine S\u00e9nanque prend peu \u00e0 peu les rythmes d\u2019un polar m\u00e9di\u00e9val dont le suspense se savoure des laudes jusqu\u2019aux v\u00eapres. <strong>\u2014 G.H.<\/strong><\/p>\n<p>                              <a href=\"https:\/\/www.europesays.com\/fr\/wp-content\/uploads\/2025\/08\/c278b45_upload-1-ybi7j80iorda-couv-poche.png\" data-pswp-width=\"\" data-pswp-height=\"\" class=\"media__hd\" target=\"_blank\">      <img decoding=\"async\" loading=\"lazy\" src=\"https:\/\/www.europesays.com\/fr\/wp-content\/uploads\/2025\/08\/c278b45_upload-1-ybi7j80iorda-couv-poche.png\" class=\"media__picture js-media-zoom  media__size--large\" alt=\"\" title=\"\"\/>       <\/a>                          <\/p>\n<p>\u00c9d. Le livre de poche, 9,70\u00a0\u20ac.<\/p>\n<p class=\"edito__prefixe\">   Lire notre critique   <\/p>\n<p class=\"edito__text-container\">       <a alt=\"Lire notre critique\" href=\"https:\/\/www.telerama.fr\/livre\/croix-de-cendre-le-polar-medieval-d-antoine-senanque-sur-fond-d-inquisition_cri-7027863.php\" class=\"article__title--edito\" rel=\"nofollow noopener\" target=\"_blank\">\u201cCroix de cendre\u201d, d\u2019Antoine S\u00e9nanque <\/a>  <\/p>\n<p>                                        \u201cOn n\u2019est plus des gens normaux\u201d, de Justin Morin                      <\/p>\n<p class=\"paragraph\">\u00c0 l\u2019\u00e9t\u00e9\u00a02017, un automobiliste a fonc\u00e9 sur la terrasse d\u2019une pizzeria de Seine-et-Marne, tuant Angela, 13\u00a0ans, et faisant des dizaines de bless\u00e9s. Quelques ann\u00e9es plus tard, Justin Morin couvre le proc\u00e8s comme journaliste. Lui qui, pour son travail, voit d\u00e9filer les faits divers, est touch\u00e9 diff\u00e9remment, peut-\u00eatre parce qu\u2019il vient de devenir p\u00e8re. Il est marqu\u00e9 par la solidarit\u00e9 entre les victimes, mais aussi par la solitude de la s\u0153ur du criminel, appel\u00e9e \u00e0 la barre. Le projet d\u2019\u00e9criture na\u00eetra de la volont\u00e9 de raconter, d\u2019abord, le difficile statut de victime. Ce r\u00e9cit est poignant car le journaliste se fait subtilement \u00e9crivain et trouve le ton juste, entre le recueil soign\u00e9 de la parole et l\u2019\u00e9tude cisel\u00e9e d\u2019\u00e9motions complexes. Mais l\u2019autre d\u00e9clencheur d\u2019On n\u2019est plus des gens normaux vient de l\u2019interrogation face \u00e0 la loyaut\u00e9 de la s\u0153ur envers son fr\u00e8re coupable. C\u2019est un chemin de cr\u00eate, sur lequel le primo-romancier \u00e9volue avec sensibilit\u00e9, sans doute aid\u00e9 par son passage dans un master de cr\u00e9ation litt\u00e9raire. Sous sa plume, la fiction assum\u00e9e appara\u00eet comme le moyen le plus honn\u00eate de traiter ce qui n\u2019a pu \u00eatre transmis. <strong>\u2014<\/strong> <strong>Y.L.-S.<\/strong><\/p>\n<p>                              <a href=\"https:\/\/www.europesays.com\/fr\/wp-content\/uploads\/2025\/08\/2191304_upload-1-srglfrfuv5cz-couv-poche0.png\" data-pswp-width=\"\" data-pswp-height=\"\" class=\"media__hd\" target=\"_blank\">      <img decoding=\"async\" loading=\"lazy\" src=\"https:\/\/www.europesays.com\/fr\/wp-content\/uploads\/2025\/08\/2191304_upload-1-srglfrfuv5cz-couv-poche0.png\" class=\"media__picture js-media-zoom  media__size--large\" alt=\"\" title=\"\"\/>       <\/a>                          <\/p>\n<p>\u00c9d. Folio, 8,00\u00a0\u20ac.<\/p>\n<p class=\"edito__prefixe\">   Lire notre critique    <\/p>\n<p class=\"edito__text-container\">   r    <a alt=\"Lire notre critique \" href=\"https:\/\/www.telerama.fr\/livre\/on-n-est-plus-des-gens-normaux-de-justin-morin-un-subtil-passage-du-journalisme-a-la-fiction_cri-7035709.php\" class=\"article__title--edito\" rel=\"nofollow noopener\" target=\"_blank\">\u201cOn n\u2019est plus des gens normaux\u201d, de Justin Morin\u00a0<\/a>  <\/p>\n<p>                                        \u201cLe Vent l\u00e9ger\u201d, de Jean-Fran\u00e7ois Beauchemin                      <\/p>\n<p class=\"paragraph\">Un chevreuil au fond du jardin, le chant des oiseaux, tout l\u2019\u00e9merveille. Peu connu en France, le Qu\u00e9b\u00e9cois Jean-Fran\u00e7ois Beauchemin nous enchante avec ses livres. Personne ne d\u00e9plorera l\u2019acc\u00e9l\u00e9ration r\u00e9paratrice qui se fait sentir aujourd\u2019hui, alors que sont propos\u00e9s au public fran\u00e7ais \u00ab\u00a0Le vent l\u00e9ger\u00a0\u00bb au titre aussi d\u00e9licat que leur contenu, qui sonde le chagrin, m\u00eal\u00e9 d\u2019irr\u00e9ductible all\u00e9gresse, de six enfants bient\u00f4t endeuill\u00e9s par la perte de leur m\u00e8re. <strong>\u2014 M.L.<\/strong><\/p>\n<p>                              <a href=\"https:\/\/www.europesays.com\/fr\/wp-content\/uploads\/2025\/08\/0b09fab_upload-1-r21cuvu0ov8q-couv-poche-3.png\" data-pswp-width=\"\" data-pswp-height=\"\" class=\"media__hd\" target=\"_blank\">      <img decoding=\"async\" loading=\"lazy\" src=\"https:\/\/www.europesays.com\/fr\/wp-content\/uploads\/2025\/08\/0b09fab_upload-1-r21cuvu0ov8q-couv-poche-3.png\" class=\"media__picture js-media-zoom  media__size--large\" alt=\"\" title=\"\"\/>       <\/a>                          <\/p>\n<p>\u00c9d. Folio, 8,00\u00a0\u20ac.<\/p>\n<p class=\"edito__prefixe\">   \u00c0 lire aussi :   <\/p>\n<p class=\"edito__text-container\">     <a alt=\"Lire aussi\" href=\"https:\/\/www.telerama.fr\/livre\/jean-francois-beauchemin-j-ecris-pour-une-seule-raison-celebrer-la-joie-d-etre-vivant-7018908.php\" class=\"article__title--edito\" rel=\"nofollow noopener\" target=\"_blank\">Jean-Fran\u00e7ois Beauchemin\u00a0: \u00ab\u00a0J\u2019\u00e9cris pour une seule raison\u00a0: c\u00e9l\u00e9brer la joie d\u2019\u00eatre vivant\u00a0\u00bb<\/a>  <\/p>\n<p>                                        \u201cLe Mode avion\u201d, de Laurent Nunez                      <\/p>\n<p class=\"paragraph\">\u00c9tienne Choulier, \u00ab\u00a0homme de science\u00a0\u00bb\u00a0? Consid\u00e9rant sa statue \u00e0 Fontan, petit village des Alpes-Maritimes, le narrateur, dubitatif, m\u00e8ne l\u2019enqu\u00eate. Le fameux Choulier \u00e9tait, dans les ann\u00e9es\u00a01930, un homme discret, que ses coll\u00e8gues jugeaient \u00ab\u00a0saugrenu\u00a0\u00bb, et aussi, accessoirement, le plus jeune agr\u00e9g\u00e9 de grammaire de France. Il d\u00e9sar\u00e7onnait ses interlocuteurs en d\u00e9clarant\u00a0: \u00ab\u00a0C\u2019est incurable h\u00e9las. J\u2019ai une tr\u00e8s grave maladie, horrible de nos jours\u00a0: je vois le langage\u2026\u00a0\u00bb \u00c0 la cantine de la Sorbonne, il fit la connaissance de Stef\u00e1n Meinhof, autre universitaire, qui lui dit\u00a0: \u00ab\u00a0Idem pour moi.\u00a0\u00bb Voir le langage devint alors leur obsession commune. Emm\u00e9nageant dans un vieux mas \u00e0 Fontan, les deux hommes s\u2019immergent dans l\u2019\u00e9tude, pour \u00ab\u00a0d\u00e9terrer un tr\u00e9sor philologique\u00a0\u00bb, une th\u00e9orie in\u00e9dite. Dans son carnet, Choulier note ses interrogations\u00a0: \u00ab\u00a0Pourquoi \u00ab\u00a0tout attach\u00e9\u00a0\u00bb s\u2019\u00e9crit-il s\u00e9par\u00e9ment, alors que \u00ab\u00a0s\u00e9par\u00e9ment\u00a0\u00bb s\u2019\u00e9crit tout attach\u00e9\u00a0?\u00a0\u00bb Il croit avoir enfin construit son th\u00e9or\u00e8me quand Meinhof est s\u00fbr, lui aussi, de tenir sa th\u00e9orie. Les ann\u00e9es passent\u2026 Qu\u2019adviendra-t-il des deux comp\u00e8res\u00a0? Le Mode avion, petit livre d\u2019aventure intellectuelle, fac\u00e9tieux, savoureusement dr\u00f4le et \u00e9rudit, est un beau clin d\u2019\u0153il \u00e0 Bouvard et P\u00e9cuchet, les deux \u00ab\u00a0cloportes\u00a0\u00bb de Gustave Flaubert. <strong>\u2014 G.H.<\/strong><\/p>\n<p>                              <a href=\"https:\/\/www.europesays.com\/fr\/wp-content\/uploads\/2025\/08\/5c0523e_upload-1-lwd1nwedtpun-couv-poche-2.png\" data-pswp-width=\"\" data-pswp-height=\"\" class=\"media__hd\" target=\"_blank\">      <img decoding=\"async\" loading=\"lazy\" src=\"https:\/\/www.europesays.com\/fr\/wp-content\/uploads\/2025\/08\/5c0523e_upload-1-lwd1nwedtpun-couv-poche-2.png\" class=\"media__picture js-media-zoom  media__size--large\" alt=\"\" title=\"\"\/>       <\/a>                          <\/p>\n<p>\u00c9d. Rivages-Poche, 8,70\u00a0\u20ac.<\/p>\n<p class=\"edito__prefixe\">   Lire notre critique    <\/p>\n<p class=\"edito__text-container\">       <a alt=\"Lire notre critique \" href=\"https:\/\/www.telerama.fr\/livres\/le-mode-avion,n7002792.php\" class=\"article__title--edito\" rel=\"nofollow noopener\" target=\"_blank\">\u00ab\u00a0Le Mode avion\u00a0\u00bb, de Laurent Nunez<\/a>  <\/p>\n<p>                                        \u201cLe Banquet des Empouses\u201d, d\u2019Olga Tokarczuk                      <\/p>\n<p class=\"paragraph\">Pour qui accepte l\u2019invitation (foncez\u00a0!), Olga Tokarczuk vous embarquera dans un livre-monde de sous-bois humides et de sommets m\u00e9lancoliques, de sinistres secrets et de liqueurs de champignons hallucinog\u00e8nes, de douches glac\u00e9es et de symphonies de toux, de meurtres rituels et de cr\u00e9atures \u00e9tranges aux visages de mousse. <strong>\u2014 W.Z.<\/strong><\/p>\n<p>                              <a href=\"https:\/\/www.europesays.com\/fr\/wp-content\/uploads\/2025\/08\/2096f54_upload-1-wuztf5kjw620-couv-poche.png\" data-pswp-width=\"\" data-pswp-height=\"\" class=\"media__hd\" target=\"_blank\">      <img decoding=\"async\" loading=\"lazy\" src=\"https:\/\/www.europesays.com\/fr\/wp-content\/uploads\/2025\/08\/2096f54_upload-1-wuztf5kjw620-couv-poche.png\" class=\"media__picture js-media-zoom  media__size--large\" alt=\"\" title=\"\"\/>       <\/a>                          <\/p>\n<p>\u00c9d. Le livre de poche, 9,40\u00a0\u20ac.<\/p>\n<p class=\"edito__prefixe\">   Lire la critique   <\/p>\n<p class=\"edito__text-container\">       <a alt=\"Lire la critique\" href=\"https:\/\/www.telerama.fr\/livre\/le-banquet-des-empouses-d-olga-tokarczuk-les-sorcieres-s-invitent-au-bal-des-misogynes_cri-7031273.php\" class=\"article__title--edito\" rel=\"nofollow noopener\" target=\"_blank\">\u201cLe Banquet des Empouses\u201d d\u2019Olga Tokarczuk\u00a0: les sorci\u00e8res s\u2019invitent au bal des misogynes<\/a>  <\/p>\n<p>                                        \u201cCabane\u201d, d\u2019Abel Quentin                      <\/p>\n<p class=\"paragraph\">Avocat p\u00e9naliste quand il n\u2019\u00e9crit pas, Abel Quentin, 38\u00a0ans, n\u2019est gu\u00e8re politiquement correct. Voil\u00e0 pourtant qu\u2019il s\u2019attaque vertueusement, dans\u00a0Cabane, son troisi\u00e8me et copieux roman, aux d\u00e9rives mortif\u00e8res de notre culture de la croissance. Plus sombre et tragique que d\u2019ordinaire, Abel Quentin suit jusqu\u2019\u00e0 aujourd\u2019hui le destin des tr\u00e8s \u00e9colos Dundee devenus \u00e9leveurs de porcs, du cynique Qu\u00e9rillot reconverti dans l\u2019industrie p\u00e9troli\u00e8re, de l\u2019id\u00e9aliste Gudsonn devenu ap\u00f4tre de la d\u00e9croissance. Une fresque brillante qui caracole dans les milieux, les lieux, les plus divers. Surgi au milieu du r\u00e9cit et vite fascin\u00e9 par Gudsonn, le narrateur, journaliste un rien paum\u00e9 du tr\u00e8s discret mensuel\u00a0Zones, est le seul personnage farce de cette randonn\u00e9e au royaume des illusions perdues de la modernit\u00e9. <strong>\u2014 F.P.<\/strong><\/p>\n<p>                              <a href=\"https:\/\/www.europesays.com\/fr\/wp-content\/uploads\/2025\/08\/0bc53dd_upload-1-q247cirah7b8-couv-poche-2.png\" data-pswp-width=\"\" data-pswp-height=\"\" class=\"media__hd\" target=\"_blank\">      <img decoding=\"async\" loading=\"lazy\" src=\"https:\/\/www.europesays.com\/fr\/wp-content\/uploads\/2025\/08\/0bc53dd_upload-1-q247cirah7b8-couv-poche-2.png\" class=\"media__picture js-media-zoom  media__size--large\" alt=\"\" title=\"\"\/>       <\/a>                          <\/p>\n<p>\u00c9d. J\u2019ai lu, 9,50\u00a0\u20ac.<\/p>\n<p class=\"edito__prefixe\">   Lire notre critique   <\/p>\n<p class=\"edito__text-container\">       <a alt=\"Lire notre critique\" href=\"https:\/\/www.telerama.fr\/livre\/cabane-fresque-sarcastique-et-climatique-d-abel-quentin_cri-7034056.php\" class=\"article__title--edito\" rel=\"nofollow noopener\" target=\"_blank\">\u201cCabane\u201d, fresque sarcastique et climatique d\u2019Abel Quentin<\/a>  <\/p>\n<p>                                        <strong>\u201cLes Derniers Indiens\u201d, de <\/strong>Marie-H\u00e9l\u00e8ne Lafon                      <\/p>\n<p class=\"paragraph\">Dans ses nouvelles (Liturgie, Organes) comme dans ses pr\u00e9c\u00e9dents romans (Le Soir du chien, Sur la photo), toujours elle \u00e9limine le superflu, d\u00e9crit l\u2019\u00e2pret\u00e9 du quotidien, les jours d\u00e9color\u00e9s, la terre qui colle aux chaussures et finit par \u00e9paissir les \u00e2mes comme les semelles. Avec des phrases courtes, avares d\u2019adjectifs, elle dit la solitude, les silences, mais aussi les rituels\u00a0: les naissances et les enterrements, le linge pli\u00e9 et d\u00e9pli\u00e9, la sexualit\u00e9 interdite.\u00a0Les Derniers Indiens\u00a0est une histoire d\u2019attente et de mort, un livre sur l\u2019orgueil qui vous emp\u00eache de traverser la route et vous laisse un jour, seul derri\u00e8re la vitre de la cuisine, \u00e0 surveiller ceux d\u2019en face pour tenter de comprendre la recette du bonheur.<\/p>\n<p>                              <a href=\"https:\/\/www.europesays.com\/fr\/wp-content\/uploads\/2025\/08\/4ebf788_upload-1-hrwnb2bz3th9-couv-poche-1.png\" data-pswp-width=\"\" data-pswp-height=\"\" class=\"media__hd\" target=\"_blank\">      <img decoding=\"async\" loading=\"lazy\" src=\"https:\/\/www.europesays.com\/fr\/wp-content\/uploads\/2025\/08\/4ebf788_upload-1-hrwnb2bz3th9-couv-poche-1.png\" class=\"media__picture js-media-zoom  media__size--large\" alt=\"\" title=\"\"\/>       <\/a>                          <\/p>\n<p>\u00c9d. Le livre de poche, 7,90\u00a0\u20ac.<\/p>\n<p class=\"edito__prefixe\">   Lire notre critique   <\/p>\n<p class=\"edito__text-container\">       <a alt=\"Lire notre critique\" href=\"https:\/\/www.telerama.fr\/livres\/les-derniers-indiens,25295.php\" class=\"article__title--edito\" rel=\"nofollow noopener\" target=\"_blank\">Les Derniers Indiens<\/a>  <\/p>\n<p>                                        \u201cLe R\u00eave du jaguar\u201d, de Miguel Bonnefoy                      <\/p>\n<p class=\"paragraph\">D\u2019embl\u00e9e, le narrateur pr\u00e9vient\u00a0: ce b\u00e9b\u00e9 abandonn\u00e9 sur un trottoir est vou\u00e9 \u00e0 un destin exceptionnel. D\u2019ailleurs, cette rue finira par porter son nom. Puis il d\u00e9ploie un d\u00e9cor foisonnant o\u00f9 se m\u00ealent l\u2019histoire mouvement\u00e9e du Venezuela et l\u2019odyss\u00e9e d\u2019Antonio. Ces p\u00e9rip\u00e9ties sont-elles r\u00e9elles ou leur transmission au fil du temps les a-t-elle transform\u00e9es en l\u00e9gende\u00a0? L\u2019\u00e9pop\u00e9e court sur quatre g\u00e9n\u00e9rations et s\u2019\u00e9tire comme le long chant d\u2019une fable qui fredonne, module, vocalise au rythme de l\u2019histoire familiale.<strong>\u00a0<\/strong>Gorg\u00e9 de couleurs et d\u2019images, le r\u00e9cit rebondit, cavale \u00e0 la poursuite de l\u2019aventure, r\u00e9guli\u00e8rement rattrap\u00e9 par les soubresauts d\u2019un pays o\u00f9 les r\u00e9volutions se produisent avec la r\u00e9gularit\u00e9 d\u2019un m\u00e9tronome. <strong>\u2014<\/strong> <strong>E.D.<\/strong><\/p>\n<p>                              <a href=\"https:\/\/www.europesays.com\/fr\/wp-content\/uploads\/2025\/08\/1b577dd_upload-1-ttyb7gshufhz-couv-poche-4.png\" data-pswp-width=\"\" data-pswp-height=\"\" class=\"media__hd\" target=\"_blank\">      <img decoding=\"async\" loading=\"lazy\" src=\"https:\/\/www.europesays.com\/fr\/wp-content\/uploads\/2025\/08\/1b577dd_upload-1-ttyb7gshufhz-couv-poche-4.png\" class=\"media__picture js-media-zoom  media__size--large\" alt=\"\" title=\"\"\/>       <\/a>                          <\/p>\n<p>\u00c9d. Rivages-Poche, 9,50\u00a0\u20ac.<\/p>\n<p class=\"edito__prefixe\">   Lire notre critique    <\/p>\n<p class=\"edito__text-container\">       <a alt=\"Lire notre critique \" href=\"https:\/\/www.telerama.fr\/livre\/le-reve-du-jaguar-de-miguel-bonnefoy-prix-femina-apres-le-grand-prix-du-roman-de-l-academie-francaise-0838_cri-7035145.php\" class=\"article__title--edito\" rel=\"nofollow noopener\" target=\"_blank\">\u201cLe R\u00eave du jaguar\u201d, de Miguel Bonnefoy, prix Femina, apr\u00e8s le grand prix du roman de l\u2019Acad\u00e9mie fran\u00e7aise<\/a>  <\/p>\n<p>                                        \u201cFrapper l\u2019\u00e9pop\u00e9e\u201d, d\u2019Alice Zeniter                      <\/p>\n<p class=\"paragraph\">Apr\u00e8s avoir \u00e9tudi\u00e9 puis travaill\u00e9 en m\u00e9tropole plusieurs ann\u00e9es, Tass est de retour \u00e0 Noum\u00e9a. En Nouvelle-Cal\u00e9donie, o\u00f9 elle est n\u00e9e et a grandi, et o\u00f9 l\u2019attend un poste de prof de fran\u00e7ais. Parall\u00e8lement au r\u00e9cit du retour de Tass, Alice Zeniter installe, au c\u0153ur de l\u2019intrigue de Frapper l\u2019\u00e9pop\u00e9e, un autre p\u00f4le de l\u2019action\u00a0: un myst\u00e9rieux groupuscule d\u2019activistes ind\u00e9pendantistes kanaks dont les actions subversives s\u2019inscrivent dans une \u00e9nigmatique d\u00e9marche politique qu\u2019ils qualifient d\u2019\u00ab\u00a0empathie violente\u00a0\u00bb. L\u2019ambitieuse et talentueuse autrice tirera bient\u00f4t d\u2019autres fils, tandis que son brillant roman s\u2019ouvre vers le pass\u00e9. Se penchant sur le r\u00f4le de colonie p\u00e9nitentiaire qu\u2019assigna \u00e0 la Nouvelle-Cal\u00e9donie, au milieu du XIX\u1d49 si\u00e8cle, le nouveau pouvoir colonial fran\u00e7ais. Et, parmi les d\u00e9port\u00e9s, zoomant sur les Alg\u00e9riens qui furent amen\u00e9s sur le Caillou et durent apprendre \u00e0 y vivre \u2013 parmi eux, Areski, l\u2019a\u00efeul de Tass. Construction romanesque virtuose, Frapper l\u2019\u00e9pop\u00e9e est tout ensemble un grand roman politique et sensible, po\u00e9tique et incarn\u00e9. <strong>\u2014\u00a0Na.C.<\/strong><\/p>\n<p>                              <a href=\"https:\/\/www.europesays.com\/fr\/wp-content\/uploads\/2025\/08\/3d564b9_upload-1-5pn27uwlltpt-couv-poche-3.png\" data-pswp-width=\"\" data-pswp-height=\"\" class=\"media__hd\" target=\"_blank\">      <img decoding=\"async\" loading=\"lazy\" src=\"https:\/\/www.europesays.com\/fr\/wp-content\/uploads\/2025\/08\/3d564b9_upload-1-5pn27uwlltpt-couv-poche-3.png\" class=\"media__picture js-media-zoom  media__size--large\" alt=\"\" title=\"\"\/>       <\/a>                          <\/p>\n<p>\u00c9d. J\u2019ai lu, 9,20\u00a0\u20ac.<\/p>\n<p class=\"edito__prefixe\">   Lire notre critique   <\/p>\n<p class=\"edito__text-container\">       <a alt=\"Lire notre critique\" href=\"https:\/\/www.telerama.fr\/livre\/frapper-l-epopee-d-alice-zeniter-formidable-immersion-dans-le-present-et-l-histoire-de-l-archipel-caledonien_cri-7034024.php\" class=\"article__title--edito\" rel=\"nofollow noopener\" target=\"_blank\">\u201cFrapper l\u2019\u00e9pop\u00e9e\u201d, d\u2019Alice Zeniter<\/a>  <\/p>\n<p class=\"edito__prefixe\">   Rentr\u00e9e litt\u00e9raire 2025   <\/p>\n<p class=\"edito__text-container\">     <a alt=\"Rentr\u00e9e litt\u00e9raire 2025\" href=\"https:\/\/www.telerama.fr\/livre\/rentree-litteraire-2025-les-meilleurs-romans-francais-critiques-par-telerama-1915-7027033.php\" class=\"article__title--edito\" rel=\"nofollow noopener\" target=\"_blank\">Rentr\u00e9e litt\u00e9raire 2025\u00a0: les meilleurs romans fran\u00e7ais critiqu\u00e9s par \u201cT\u00e9l\u00e9rama\u201d<\/a>  <\/p>\n<p class=\"edito__prefixe\">   Rentr\u00e9e litt\u00e9raire 2025\u00a0   <\/p>\n<p class=\"edito__text-container\">     <a alt=\"Rentr\u00e9e litt\u00e9raire 2025\u00a0\" href=\"https:\/\/www.telerama.fr\/livre\/rentree-litteraire-2025-les-meilleurs-romans-etrangers-critiques-par-telerama-4907-7027107.php\" class=\"article__title--edito\" rel=\"nofollow noopener\" target=\"_blank\">Les meilleurs romans \u00e9trangers de la rentr\u00e9e litt\u00e9raire 2025<\/a>  <\/p>\n","protected":false},"excerpt":{"rendered":"Du polar rural sombre de Jean-Christophe Tixier \u00e0 la science-fiction immersive de Hugh Howey, en passant par le&hellip;\n","protected":false},"author":2,"featured_media":469486,"comment_status":"","ping_status":"","sticky":false,"template":"","format":"standard","meta":{"footnotes":""},"categories":[1357],"tags":[1379,58,59,1011,27,1380],"class_list":{"0":"post-469485","1":"post","2":"type-post","3":"status-publish","4":"format-standard","5":"has-post-thumbnail","7":"category-livres","8":"tag-books","9":"tag-divertissement","10":"tag-entertainment","11":"tag-fr","12":"tag-france","13":"tag-livres"},"share_on_mastodon":{"url":"https:\/\/pubeurope.com\/@fr\/115388506074667382","error":""},"_links":{"self":[{"href":"https:\/\/www.europesays.com\/fr\/wp-json\/wp\/v2\/posts\/469485","targetHints":{"allow":["GET"]}}],"collection":[{"href":"https:\/\/www.europesays.com\/fr\/wp-json\/wp\/v2\/posts"}],"about":[{"href":"https:\/\/www.europesays.com\/fr\/wp-json\/wp\/v2\/types\/post"}],"author":[{"embeddable":true,"href":"https:\/\/www.europesays.com\/fr\/wp-json\/wp\/v2\/users\/2"}],"replies":[{"embeddable":true,"href":"https:\/\/www.europesays.com\/fr\/wp-json\/wp\/v2\/comments?post=469485"}],"version-history":[{"count":0,"href":"https:\/\/www.europesays.com\/fr\/wp-json\/wp\/v2\/posts\/469485\/revisions"}],"wp:featuredmedia":[{"embeddable":true,"href":"https:\/\/www.europesays.com\/fr\/wp-json\/wp\/v2\/media\/469486"}],"wp:attachment":[{"href":"https:\/\/www.europesays.com\/fr\/wp-json\/wp\/v2\/media?parent=469485"}],"wp:term":[{"taxonomy":"category","embeddable":true,"href":"https:\/\/www.europesays.com\/fr\/wp-json\/wp\/v2\/categories?post=469485"},{"taxonomy":"post_tag","embeddable":true,"href":"https:\/\/www.europesays.com\/fr\/wp-json\/wp\/v2\/tags?post=469485"}],"curies":[{"name":"wp","href":"https:\/\/api.w.org\/{rel}","templated":true}]}}