{"id":469497,"date":"2025-10-17T08:18:11","date_gmt":"2025-10-17T08:18:11","guid":{"rendered":"https:\/\/www.europesays.com\/fr\/469497\/"},"modified":"2025-10-17T08:18:11","modified_gmt":"2025-10-17T08:18:11","slug":"une-maladie-grave-brigitte-bardot-hospitalisee-depuis-trois-semaines-a-toulon","status":"publish","type":"post","link":"https:\/\/www.europesays.com\/fr\/469497\/","title":{"rendered":"\u00ab\u00a0Une maladie grave\u00a0\u00bb\u2026 Brigitte Bardot hospitalis\u00e9e depuis trois semaines \u00e0 Toulon"},"content":{"rendered":"<p>Son \u00e9tat de sant\u00e9 est jug\u00e9 pr\u00e9occupant. L\u00e9gende du cin\u00e9ma fran\u00e7ais, <a href=\"https:\/\/www.20minutes.fr\/dossier\/brigitte_bardot\" class=\"c-link c-link--is-underlined\" rel=\"nofollow noopener\" target=\"_blank\">Brigitte Bardot<\/a> est hospitalis\u00e9e depuis trois semaines dans un h\u00f4pital priv\u00e9 de Toulon, <a href=\"https:\/\/www.nicematin.com\/culture\/brigitte-bardot-hospitalisee-a-toulon-10652805?utm_content=photo&amp;utm_term=VarMatin.SaintTropez&amp;utm_campaign=facebook&amp;utm_source=nonli&amp;utm_medium=Social%20media\" rel=\"nofollow noopener\" target=\"_blank\" class=\"c-link c-link--is-underlined\">rapporte Var-Matin<\/a>. \u00c2g\u00e9e de 91, l\u2019ancienne actrice et mannequin aurait subi une intervention chirurgicale li\u00e9e \u00e0 \u00ab\u00a0une <a href=\"https:\/\/www.20minutes.fr\/dossier\/maladie\" class=\"c-link c-link--is-underlined\" rel=\"nofollow noopener\" target=\"_blank\">maladie <\/a>grave\u00a0\u00bb, dont la nature n\u2019a pas \u00e9t\u00e9 pr\u00e9cis\u00e9e.<\/p>\n<\/p>\n<p>Selon le quotidien local, Brigitte Bardot devrait sortir de l\u2019h\u00f4pital dans quelques jours pour rejoindre la Madrague, sa maison <a href=\"https:\/\/www.20minutes.fr\/dossier\/saint-trope\" class=\"c-link c-link--is-underlined\" rel=\"nofollow noopener\" target=\"_blank\">de Saint-Tropez<\/a>.<\/p>\n<p>\u00ab\u00a0Une solitude silencieuse qui me va tr\u00e8s bien\u00a0\u00bb<\/p>\n<p>Retir\u00e9e depuis plusieurs ann\u00e9es de la vie publique, Brigitte Bardot consacre d\u00e9sormais sa vie \u00e0 la cause animale. \u00ab\u00a0Ce qui me fallait aller bien, c\u2019est ma fa\u00e7on de voir la vie, de m\u2019int\u00e9resser \u00e0 la nature, de fuir l\u2019humanit\u00e9. Je fuis l\u2019humanit\u00e9 et j\u2019ai une solitude silencieuse qui me va tr\u00e8s bien\u00a0\u00bb, d\u00e9clarait-elle l\u2019an dernier <a href=\"https:\/\/www.20minutes.fr\/arts-stars\/people\/4112004-20240925-90-ans-brigitte-bardot-preferais-avoir-20-declare-icone-vivante-cinema-mondial\" class=\"c-link c-link--is-underlined\" rel=\"nofollow noopener\" target=\"_blank\">dans un entretien accord\u00e9 \u00e0 l\u2019AFP<\/a>.<\/p>\n<p>Au printemps, elle avait \u00e9galement pris la parole <a href=\"https:\/\/www.20minutes.fr\/arts-stars\/cinema\/4152940-20250512-feministe-brigitte-bardot-prend-defense-nicolas-bedos-gerard-depardieu-accuses-agressions-sexuelles\" class=\"c-link c-link--is-underlined\" rel=\"nofollow noopener\" target=\"_blank\">pour d\u00e9fendre G\u00e9rard Depardieu et Nicolas Bedos<\/a>, tous deux impliqu\u00e9s dans des affaires d\u2019agressions sexuelles. \u00ab\u00a0Le <a href=\"https:\/\/www.20minutes.fr\/dossier\/feminisme\" class=\"c-link c-link--is-underlined\" rel=\"nofollow noopener\" target=\"_blank\">f\u00e9minisme<\/a>, c\u2019est pas mon truc. Moi, j\u2019aime bien les mecs\u00a0\u00bb, avait l\u00e2ch\u00e9 l\u2019ic\u00f4ne du cin\u00e9ma fran\u00e7ais.<\/p>\n","protected":false},"excerpt":{"rendered":"Son \u00e9tat de sant\u00e9 est jug\u00e9 pr\u00e9occupant. L\u00e9gende du cin\u00e9ma fran\u00e7ais, Brigitte Bardot est hospitalis\u00e9e depuis trois semaines&hellip;\n","protected":false},"author":2,"featured_media":469498,"comment_status":"","ping_status":"","sticky":false,"template":"","format":"standard","meta":{"footnotes":""},"categories":[8],"tags":[20224,650,58,59,1011,27,16448,226,883,973,882,20592,3287,2310,7506],"class_list":{"0":"post-469497","1":"post","2":"type-post","3":"status-publish","4":"format-standard","5":"has-post-thumbnail","7":"category-divertissement","8":"tag-brigitte-bardot","9":"tag-cinema","10":"tag-divertissement","11":"tag-entertainment","12":"tag-fr","13":"tag-france","14":"tag-hospitalisation","15":"tag-maladie","16":"tag-paca","17":"tag-people","18":"tag-provence-alpes-cote-dazur","19":"tag-saint-tropez","20":"tag-stars","21":"tag-toulon","22":"tag-var"},"share_on_mastodon":{"url":"https:\/\/pubeurope.com\/@fr\/115388527955417697","error":""},"_links":{"self":[{"href":"https:\/\/www.europesays.com\/fr\/wp-json\/wp\/v2\/posts\/469497","targetHints":{"allow":["GET"]}}],"collection":[{"href":"https:\/\/www.europesays.com\/fr\/wp-json\/wp\/v2\/posts"}],"about":[{"href":"https:\/\/www.europesays.com\/fr\/wp-json\/wp\/v2\/types\/post"}],"author":[{"embeddable":true,"href":"https:\/\/www.europesays.com\/fr\/wp-json\/wp\/v2\/users\/2"}],"replies":[{"embeddable":true,"href":"https:\/\/www.europesays.com\/fr\/wp-json\/wp\/v2\/comments?post=469497"}],"version-history":[{"count":0,"href":"https:\/\/www.europesays.com\/fr\/wp-json\/wp\/v2\/posts\/469497\/revisions"}],"wp:featuredmedia":[{"embeddable":true,"href":"https:\/\/www.europesays.com\/fr\/wp-json\/wp\/v2\/media\/469498"}],"wp:attachment":[{"href":"https:\/\/www.europesays.com\/fr\/wp-json\/wp\/v2\/media?parent=469497"}],"wp:term":[{"taxonomy":"category","embeddable":true,"href":"https:\/\/www.europesays.com\/fr\/wp-json\/wp\/v2\/categories?post=469497"},{"taxonomy":"post_tag","embeddable":true,"href":"https:\/\/www.europesays.com\/fr\/wp-json\/wp\/v2\/tags?post=469497"}],"curies":[{"name":"wp","href":"https:\/\/api.w.org\/{rel}","templated":true}]}}