{"id":469501,"date":"2025-10-17T08:20:24","date_gmt":"2025-10-17T08:20:24","guid":{"rendered":"https:\/\/www.europesays.com\/fr\/469501\/"},"modified":"2025-10-17T08:20:24","modified_gmt":"2025-10-17T08:20:24","slug":"dette-vers-une-degradation-de-la-note-de-la-france-par-moodys-previent-le-president-de-la-federation-bancaire-francaise-17-10-2025-a-0906","status":"publish","type":"post","link":"https:\/\/www.europesays.com\/fr\/469501\/","title":{"rendered":"Dette : vers une d\u00e9gradation de la note de la France par Moody&rsquo;s, pr\u00e9vient le pr\u00e9sident de la f\u00e9d\u00e9ration bancaire fran\u00e7aise &#8211; 17\/10\/2025 \u00e0 09:06"},"content":{"rendered":"<p> Une d\u00e9gradation entra\u00eenerait une hausse des taux d&#8217;emprunt pour les banques, qui serait r\u00e9percut\u00e9e sur les clients.<\/p>\n<p>        <img fetchpriority=\"high\" decoding=\"async\" src=\"https:\/\/www.europesays.com\/fr\/wp-content\/uploads\/2025\/10\/61c8eefe722fc028bab152bcd1cb97bb-760x507.jpg\" alt=\"Daniel Baal \u00e0 Paris, le 2 avril 2024. ( AFP \/ JOEL SAGET )\" loading=\"eager\" width=\"760\" height=\"507\" style=\"max-width: 100%!important; height: auto;\"\/><\/p>\n<p class=\"c-image-news__legend\">Daniel Baal \u00e0 Paris, le 2 avril 2024. ( AFP \/ JOEL SAGET )<\/p>\n<p>\n La situation budg\u00e9taire \u00ab\u00a0tr\u00e8s inqui\u00e9tante\u00a0\u00bb de la France devrait pousser Moody&rsquo;s \u00e0 d\u00e9grader la note de la dette fran\u00e7aise la semaine prochaine, a estim\u00e9 jeudi 16 octobre le pr\u00e9sident de la F\u00e9d\u00e9ration bancaire fran\u00e7aise (FBF) Daniel Baal. Une  entrainant avec elle une hausse du co\u00fbt des cr\u00e9dits bancaires.\n<\/p>\n<p>\n \u00ab\u00a0Il y a une situation budg\u00e9taire que Moody\u2019s, comme Fitch auparavant, consid\u00e8re comme \u00e9tant aujourd\u2019hui quand m\u00eame tr\u00e8s inqui\u00e9tante pour la France\u00a0\u00bb, a d\u00e9clar\u00e9 le dirigeant sur le plateau de<\/p>\n<p>  BFM Business<\/p>\n<p> .<br \/>\n <strong><br \/>\n  \u00ab\u00a0Donc<\/p>\n<p>  on peut s&rsquo;attendre (&#8230;) \u00e0 une d\u00e9gradation de la note souveraine de la France par Moody\u2019s\u00a0\u00bb<br \/>\n <\/strong><br \/>\n , comme l&rsquo;a fait sa concurrente Fitch le 12 septembre.\n<\/p>\n<p>\n En cons\u00e9quence, les banques emprunteront plus cher l&rsquo;argent qu&rsquo;elles pr\u00eatent ensuite aux entreprises et aux particuliers, a pr\u00e9venu Daniel Baal, aussi patron du Cr\u00e9dit Mutuel. \u00ab\u00a0Ce qui \u00e9videmment n&rsquo;est pas une bonne nouvelle parce que \u00e7a signifie que, derri\u00e8re,<br \/>\n <strong><br \/>\n  les taux pratiqu\u00e9s vis-\u00e0-vis des clients risquent aussi d&rsquo;augmenter<br \/>\n <\/strong><br \/>\n \u00ab\u00a0, a-t-il continu\u00e9, les banques r\u00e9percutant cette hausse pour pr\u00e9server leur marge.\n<\/p>\n<p> Instabilit\u00e9 politique<\/p>\n<p>\n La France, qui tente de sortir d&rsquo;une crise politique sans pr\u00e9c\u00e9dent dans la Ve R\u00e9publique, s&rsquo;est pourtant offert un peu de r\u00e9pit jeudi,<br \/>\n <a href=\"https:\/\/www.boursorama.com\/actualite-economique\/actualites\/lecornu-echappe-de-peu-a-la-censure-et-va-pouvoir-s-atteler-au-budget-dd3026a202522c6fd6eb0f564924b3f7\" title=\"Lecornu \u00e9chappe de peu \u00e0 la censure et va pouvoir s atteler au budget\" rel=\"nofollow noopener\" target=\"_blank\"><br \/>\n  le gouvernement Lecornu \u00e9chappant de peu \u00e0 la censure<br \/>\n <\/a><br \/>\n .\n<\/p>\n<p>\n Mais la situation budg\u00e9taire reste tendue et le chemin encore long pour ficeler le budget 2026 d&rsquo;ici la fin de l&rsquo;ann\u00e9e.\n<\/p>\n<p>\n Ouvrant le bal des revues d&rsquo;automne des agences de notation, Fitch a baiss\u00e9 le 12 septembre la note souveraine de la France \u00e0 A+ (\u00e9quivalent d&rsquo;un 16\/20) avec perspective stable,<br \/>\n <strong><br \/>\n  sanctionnant le pays pour son instabilit\u00e9 politique persistante et les incertitudes budg\u00e9taires<br \/>\n <\/strong><br \/>\n qui contrarient l&rsquo;assainissement de ses comptes publics tr\u00e8s d\u00e9grad\u00e9s.\n<\/p>\n<p>\n Moody&rsquo;s avait r\u00e9trograd\u00e9 d&rsquo;un cran la note de la France en d\u00e9cembre 2024. L&rsquo;agence la classe Aa3, l&rsquo;\u00e9quivalent d&rsquo;un 17\/20, avec perspective stable. Elle s&rsquo;\u00e9tait abstenue de la noter en avril dernier.<\/p>\n","protected":false},"excerpt":{"rendered":"Une d\u00e9gradation entra\u00eenerait une hausse des taux d&#8217;emprunt pour les banques, qui serait r\u00e9percut\u00e9e sur les clients. Daniel&hellip;\n","protected":false},"author":2,"featured_media":469502,"comment_status":"","ping_status":"","sticky":false,"template":"","format":"standard","meta":{"footnotes":""},"categories":[6],"tags":[400,398,408,35,405,33,34,1011,27,403,402,399,404,401,406,407],"class_list":{"0":"post-469501","1":"post","2":"type-post","3":"status-publish","4":"format-standard","5":"has-post-thumbnail","7":"category-economie","8":"tag-action-cac-40","9":"tag-bourse-de-paris","10":"tag-boursorama","11":"tag-business","12":"tag-cotations","13":"tag-economie","14":"tag-economy","15":"tag-fr","16":"tag-france","17":"tag-indices-devises","18":"tag-investir","19":"tag-investissement","20":"tag-marche-boursier","21":"tag-sicav","22":"tag-trackers","23":"tag-warrants"},"share_on_mastodon":{"url":"https:\/\/pubeurope.com\/@fr\/115388535556308650","error":""},"_links":{"self":[{"href":"https:\/\/www.europesays.com\/fr\/wp-json\/wp\/v2\/posts\/469501","targetHints":{"allow":["GET"]}}],"collection":[{"href":"https:\/\/www.europesays.com\/fr\/wp-json\/wp\/v2\/posts"}],"about":[{"href":"https:\/\/www.europesays.com\/fr\/wp-json\/wp\/v2\/types\/post"}],"author":[{"embeddable":true,"href":"https:\/\/www.europesays.com\/fr\/wp-json\/wp\/v2\/users\/2"}],"replies":[{"embeddable":true,"href":"https:\/\/www.europesays.com\/fr\/wp-json\/wp\/v2\/comments?post=469501"}],"version-history":[{"count":0,"href":"https:\/\/www.europesays.com\/fr\/wp-json\/wp\/v2\/posts\/469501\/revisions"}],"wp:featuredmedia":[{"embeddable":true,"href":"https:\/\/www.europesays.com\/fr\/wp-json\/wp\/v2\/media\/469502"}],"wp:attachment":[{"href":"https:\/\/www.europesays.com\/fr\/wp-json\/wp\/v2\/media?parent=469501"}],"wp:term":[{"taxonomy":"category","embeddable":true,"href":"https:\/\/www.europesays.com\/fr\/wp-json\/wp\/v2\/categories?post=469501"},{"taxonomy":"post_tag","embeddable":true,"href":"https:\/\/www.europesays.com\/fr\/wp-json\/wp\/v2\/tags?post=469501"}],"curies":[{"name":"wp","href":"https:\/\/api.w.org\/{rel}","templated":true}]}}