{"id":469507,"date":"2025-10-17T08:23:10","date_gmt":"2025-10-17T08:23:10","guid":{"rendered":"https:\/\/www.europesays.com\/fr\/469507\/"},"modified":"2025-10-17T08:23:10","modified_gmt":"2025-10-17T08:23:10","slug":"trump-retropedale-sur-les-missiles-tomahawk-pour-lukraine-apres-son-echange-avec-poutine-liberation","status":"publish","type":"post","link":"https:\/\/www.europesays.com\/fr\/469507\/","title":{"rendered":"Trump r\u00e9trop\u00e9dale sur les missiles Tomahawk pour l\u2019Ukraine apr\u00e8s son \u00e9change avec Poutine \u2013 Lib\u00e9ration"},"content":{"rendered":"<p class=\"sc-cPiKLX AiZTS text-element\">Souvent Trump varie, bien fol qui s\u2019y fie. Le pr\u00e9sident am\u00e9ricain s\u2019est montr\u00e9 tr\u00e8s prudent jeudi sur l\u2019\u00e9ventuelle livraison de ces missiles \u00e0 Kyiv. \u00abNous ne pouvons pas appauvrir (les r\u00e9serves de) notre propre pays\u00bb, a pr\u00e9venu le pr\u00e9sident am\u00e9ricain. \u00abNous en avons besoin aussi, donc je ne sais pas ce que nous pouvons faire\u00bb, a-t-il ajout\u00e9, alors qu\u2019il doit rencontrer Volodymyr Zelensky \u00e0 Washington ce vendredi 17 octobre. En d\u00e9but de semaine, le pr\u00e9sident am\u00e9ricain avait pourtant explicitement menac\u00e9 son homologue russe : \u00abJe pourrais dire [\u00e0 Poutine] : regarde, si cette guerre n\u2019est pas r\u00e9gl\u00e9e, je vais leur livrer des Tomahawks. On pourrait le faire, ou pas, mais je crois que c\u2019est important de mettre \u00e7a sur la table.\u00bb <\/p>\n<p class=\"sc-cPiKLX AiZTS text-element\">Ce d\u00e9but de r\u00e9trop\u00e9dalage intervient apr\u00e8s un entretien t\u00e9l\u00e9phonique surprise entre Donald Trump et son homologue russe Vladimir Poutine. Entretien au cours du quel le ma\u00eetre du Kremlin a profit\u00e9 pour avertir qu\u2019une livraison de ces missiles \u00abnuirait consid\u00e9rablement\u00bb \u00e0 la relation russo-am\u00e9ricaine ainsi qu\u2019aux perspectives de r\u00e8glement du conflit. Les pr\u00e9sidents am\u00e9ricain et russe ont convenu de se voir \u00e0 Budapest, \u00abdans les deux prochaines semaines\u00bb, selon le pr\u00e9sident am\u00e9ricain. <\/p>\n<p class=\"sc-cPiKLX AiZTS text-element\">Sur son r\u00e9seau Truth Social, il a jug\u00e9 que son \u00e9change avec Vladimir Poutine avait \u00e9t\u00e9 \u00abtr\u00e8s productif\u00bb, Moscou parlant d\u2019un entretien \u00abextr\u00eamement franc et empreint de confiance\u00bb. \u00abNous voyons d\u00e9j\u00e0 que Moscou se pr\u00e9cipite pour reprendre le dialogue d\u00e8s qu\u2019ils entendent parler de Tomahawks\u00bb, avait comment\u00e9 sur X Volodymyr Zelensky, \u00e0 son arriv\u00e9e jeudi \u00e0 Washington. <\/p>\n<p class=\"sc-cPiKLX AiZTS text-element\">Le pr\u00e9sident ukrainien a par ailleurs indiqu\u00e9 vendredi avoir rencontr\u00e9 des repr\u00e9sentants du fabricant am\u00e9ricain des syst\u00e8mes de missiles Tomahawk et Patriot convoit\u00e9s par Kyiv, envisageant \u00abla perspective d\u2019une production conjointe ukraino-am\u00e9ricaine\u00bb pour le premier engin, qui pr\u00e9sente une port\u00e9e allant jusqu\u2019\u00e0 1 600 kilom\u00e8tres, \u00e0 une vitesse de 880 km\/h \u00e0 quelques dizaines de m\u00e8tres du sol. <\/p>\n<p class=\"sc-cPiKLX AiZTS text-element\">Ce vendredi, Volodymyr Zelensky rencontrera Trump \u00e0 Washington pour la troisi\u00e8me fois depuis son d\u00e9but de mandat. Si la premi\u00e8re rencontre, en f\u00e9vrier 2024, avait vir\u00e9 \u00e0 la spectaculaire catastrophe, la deuxi\u00e8me, au mois d\u2019ao\u00fbt, dans un contexte de d\u00e9gradation des relations russo-am\u00e9ricaines, s\u2019\u00e9tait av\u00e9r\u00e9e beaucoup plus cordiale.<\/p>\n","protected":false},"excerpt":{"rendered":"Souvent Trump varie, bien fol qui s\u2019y fie. Le pr\u00e9sident am\u00e9ricain s\u2019est montr\u00e9 tr\u00e8s prudent jeudi sur l\u2019\u00e9ventuelle&hellip;\n","protected":false},"author":2,"featured_media":469508,"comment_status":"","ping_status":"","sticky":false,"template":"","format":"standard","meta":{"footnotes":""},"categories":[2],"tags":[11,75,73,1011,27,12,220,297,135,134],"class_list":{"0":"post-469507","1":"post","2":"type-post","3":"status-publish","4":"format-standard","5":"has-post-thumbnail","7":"category-actualites","8":"tag-actualites","9":"tag-donald-trump","10":"tag-etats-unis","11":"tag-fr","12":"tag-france","13":"tag-news","14":"tag-ukraine","15":"tag-ukraine-la-crise","16":"tag-vladimir-poutine","17":"tag-volodymyr-zelensky"},"share_on_mastodon":{"url":"https:\/\/pubeurope.com\/@fr\/115388547408543645","error":""},"_links":{"self":[{"href":"https:\/\/www.europesays.com\/fr\/wp-json\/wp\/v2\/posts\/469507","targetHints":{"allow":["GET"]}}],"collection":[{"href":"https:\/\/www.europesays.com\/fr\/wp-json\/wp\/v2\/posts"}],"about":[{"href":"https:\/\/www.europesays.com\/fr\/wp-json\/wp\/v2\/types\/post"}],"author":[{"embeddable":true,"href":"https:\/\/www.europesays.com\/fr\/wp-json\/wp\/v2\/users\/2"}],"replies":[{"embeddable":true,"href":"https:\/\/www.europesays.com\/fr\/wp-json\/wp\/v2\/comments?post=469507"}],"version-history":[{"count":0,"href":"https:\/\/www.europesays.com\/fr\/wp-json\/wp\/v2\/posts\/469507\/revisions"}],"wp:featuredmedia":[{"embeddable":true,"href":"https:\/\/www.europesays.com\/fr\/wp-json\/wp\/v2\/media\/469508"}],"wp:attachment":[{"href":"https:\/\/www.europesays.com\/fr\/wp-json\/wp\/v2\/media?parent=469507"}],"wp:term":[{"taxonomy":"category","embeddable":true,"href":"https:\/\/www.europesays.com\/fr\/wp-json\/wp\/v2\/categories?post=469507"},{"taxonomy":"post_tag","embeddable":true,"href":"https:\/\/www.europesays.com\/fr\/wp-json\/wp\/v2\/tags?post=469507"}],"curies":[{"name":"wp","href":"https:\/\/api.w.org\/{rel}","templated":true}]}}