{"id":469509,"date":"2025-10-17T08:24:10","date_gmt":"2025-10-17T08:24:10","guid":{"rendered":"https:\/\/www.europesays.com\/fr\/469509\/"},"modified":"2025-10-17T08:24:10","modified_gmt":"2025-10-17T08:24:10","slug":"un-restaurant-et-une-boulangerie-ouvrent-dans-cette-halle","status":"publish","type":"post","link":"https:\/\/www.europesays.com\/fr\/469509\/","title":{"rendered":"un restaurant et une boulangerie ouvrent dans cette halle"},"content":{"rendered":"<p>            Par<br \/>\n        <strong><br \/>\n            <a href=\"https:\/\/actu.fr\/auteur\/redaction-saint-etienne\" title=\"Consulter tous les articles de R\u00e9daction Saint-\u00c9tienne\" target=\"_blank\" rel=\"noopener\">R\u00e9daction Saint-\u00c9tienne<\/a><br \/>\n        <\/strong><\/p>\n<p>        Publi\u00e9 le<\/p>\n<p>            17 oct. 2025 \u00e0 10h20        <\/p>\n<p>Du nouveau dans l\u2019espace de commerces et de loisirs de Novaci\u00e9ries \u00e0 Hall in One de <a href=\"https:\/\/actu.fr\/auvergne-rhone-alpes\/saint-chamond_42207\" target=\"_blank\" rel=\"noopener\">Saint-Chamond<\/a> (Loire), pr\u00e8s de Saint-Etienne.<\/p>\n<p class=\" wall-content\">Selon <a href=\"https:\/\/www.leprogres.fr\/economie\/2025\/10\/13\/deux-nouvelles-enseignes-arrivent-a-hall-in-one-qui-sont-elles?at_content=link&amp;at_term=leprogres.gier.pilat&amp;at_campaign=Facebook&amp;at_medium=Social&amp;at_source=nonli\" target=\"_blank\" rel=\"noopener\">Le Progr\u00e8s<\/a>, le restaurant Bangkok Factory et la boulangerie Millet vont bient\u00f4t ouvrir. Il reste un local commercial \u00e0 louer, l\u00e0 o\u00f9 se situait <strong>Jou\u00e9Club<\/strong>.<\/p>\n<p>Street food et boulangerie<\/p>\n<p class=\" wall-content\">Dans le d\u00e9tail, l\u2019\u00e9tablissement de street food va remplacer l\u2019ancien salon de coiffure. L\u2019ouverture est pr\u00e9vue d\u00e9but novembre\u00a02025<\/p>\n<p class=\" wall-content\">La boulangerie Millet va s\u2019installer en face du cin\u00e9ma. Selon nos confr\u00e8res, les travaux doivent \u00eatre r\u00e9alis\u00e9s d\u2019ici \u00e0 la fin de l\u2019ann\u00e9e pour une ouverture fin 2025-d\u00e9but 2026.<\/p>\n<p>L\u2019\u00e9tage vide<\/p>\n<p class=\" wall-content\">700 m\u00b2 d\u2019espaces restant \u00e0 l\u2019\u00e9tage sont encore vides.<\/p>\n<p class=\" wall-content\">D\u00e9finitivement lanc\u00e9, le projet Novaci\u00e9ries n\u2019est pas achev\u00e9 pour autant. L\u2019am\u00e9nagement du site se poursuit jusqu\u2019en 2027.<\/p>\n<p class=\" wall-content\">Personnalisez votre actualit\u00e9 en ajoutant vos villes et m\u00e9dias en favori avec <a href=\"https:\/\/moncompte.actu.fr\" title=\"D\u00e9couvez Mon Actu\" rel=\"nofollow noopener\" data-trk=\"{&quot;cta&quot;:{&quot;action&quot;:&quot;https:\\\/\\\/moncompte.actu.fr&quot;,&quot;category&quot;:&quot;mon compte&quot;,&quot;from&quot;:&quot;article footer&quot;,&quot;name&quot;:&quot;Mon actu&quot;,&quot;type&quot;:&quot;cta&quot;}}\" target=\"_blank\">Mon Actu<\/a>.<\/p>\n","protected":false},"excerpt":{"rendered":"Par R\u00e9daction Saint-\u00c9tienne Publi\u00e9 le 17 oct. 2025 \u00e0 10h20 Du nouveau dans l\u2019espace de commerces et de&hellip;\n","protected":false},"author":2,"featured_media":469510,"comment_status":"","ping_status":"","sticky":false,"template":"","format":"standard","meta":{"footnotes":""},"categories":[9653],"tags":[1111,11,2430,33,1777,674,1011,27,12,3147,25,1340,4001],"class_list":{"0":"post-469509","1":"post","2":"type-post","3":"status-publish","4":"format-standard","5":"has-post-thumbnail","7":"category-saint-etienne","8":"tag-actu","9":"tag-actualites","10":"tag-auvergne-rhone-alpes","11":"tag-economie","12":"tag-eu","13":"tag-europe","14":"tag-fr","15":"tag-france","16":"tag-news","17":"tag-nouveaux-commerces","18":"tag-republique-francaise","19":"tag-restaurant","20":"tag-saint-etienne"},"share_on_mastodon":{"url":"https:\/\/pubeurope.com\/@fr\/115388551301671292","error":""},"_links":{"self":[{"href":"https:\/\/www.europesays.com\/fr\/wp-json\/wp\/v2\/posts\/469509","targetHints":{"allow":["GET"]}}],"collection":[{"href":"https:\/\/www.europesays.com\/fr\/wp-json\/wp\/v2\/posts"}],"about":[{"href":"https:\/\/www.europesays.com\/fr\/wp-json\/wp\/v2\/types\/post"}],"author":[{"embeddable":true,"href":"https:\/\/www.europesays.com\/fr\/wp-json\/wp\/v2\/users\/2"}],"replies":[{"embeddable":true,"href":"https:\/\/www.europesays.com\/fr\/wp-json\/wp\/v2\/comments?post=469509"}],"version-history":[{"count":0,"href":"https:\/\/www.europesays.com\/fr\/wp-json\/wp\/v2\/posts\/469509\/revisions"}],"wp:featuredmedia":[{"embeddable":true,"href":"https:\/\/www.europesays.com\/fr\/wp-json\/wp\/v2\/media\/469510"}],"wp:attachment":[{"href":"https:\/\/www.europesays.com\/fr\/wp-json\/wp\/v2\/media?parent=469509"}],"wp:term":[{"taxonomy":"category","embeddable":true,"href":"https:\/\/www.europesays.com\/fr\/wp-json\/wp\/v2\/categories?post=469509"},{"taxonomy":"post_tag","embeddable":true,"href":"https:\/\/www.europesays.com\/fr\/wp-json\/wp\/v2\/tags?post=469509"}],"curies":[{"name":"wp","href":"https:\/\/api.w.org\/{rel}","templated":true}]}}