{"id":469522,"date":"2025-10-17T08:31:45","date_gmt":"2025-10-17T08:31:45","guid":{"rendered":"https:\/\/www.europesays.com\/fr\/469522\/"},"modified":"2025-10-17T08:31:45","modified_gmt":"2025-10-17T08:31:45","slug":"trop-de-meubles-touristiques-airbnb-la-metropole-de-montpellier-impose-des-quotas","status":"publish","type":"post","link":"https:\/\/www.europesays.com\/fr\/469522\/","title":{"rendered":"Trop de meubl\u00e9s touristiques Airbnb ? La M\u00e9tropole de Montpellier impose des quotas"},"content":{"rendered":"<p>Paris, Marseille, Annecy, Saint-Malo\u2026 et maintenant <strong>Montpellier<\/strong>. Une \u00e0 une, <a href=\"https:\/\/www.capital.fr\/immobilier\/airbnb-ces-villes-qui-limitent-drastiquement-le-nombre-de-jours-de-location-autorises-1509465\" target=\"_blank\" rel=\"noopener\">les grandes villes<\/a> fran\u00e7aises durcissent le ton face aux plateformes de locations de meubl\u00e9s de tourisme en instaurant notamment des quotas. C\u2019est le cas donc de la M\u00e9tropole de Montpellier, a appris <a href=\"https:\/\/www.francebleu.fr\/infos\/economie-social\/la-metropole-de-montpellier-durcit-les-regles-en-vigueur-pour-les-locations-des-meubles-de-tourisme-type-airbnb-3548640\" rel=\"nofollow noopener\" target=\"_blank\">ICI H\u00e9rault<\/a>, qui vient de voter le 14 octobre dernier un <strong>durcissement des r\u00e8gles<\/strong>. Pourquoi autant de communes franchissent-elles le pas ? Gr\u00e2ce \u00e0 <a href=\"https:\/\/www.capital.fr\/immobilier\/abattement-fiscal-reduit-nouvelles-regles-de-dpe-ce-que-la-loi-anti-airbnb-reserve-aux-bailleurs-1504681\" target=\"_blank\" rel=\"noopener\">la loi Le Meur<\/a> qui vise \u00e0 r\u00e9duire les avantages dont la location de meubl\u00e9s touristiques b\u00e9n\u00e9ficie par rapport \u00e0 la location nue.<\/p>\n<p>Si l\u2019objectif est d\u2019inciter les propri\u00e9taires \u00e0 louer leurs biens sur de plus longues dur\u00e9es, les communes peuvent d\u00e9sormais instaurer des quotas. C\u2019est ce qu\u2019a fait la M\u00e9tropole de Montpellier qui <strong>comptabilisait 5 278 meubl\u00e9s de tourisme<\/strong> dont 3 000 r\u00e9sidences secondaires. D\u00e9sormais, <strong>seuls 770 logements<\/strong> sont autoris\u00e9s dans l\u2019hypercentre de la ville et la liste est d\u00e9j\u00e0 pleine, apprend-on. Pour les nouveaux arrivants, il faudra donc attendre qu\u2019une place se lib\u00e8re.<\/p>\n<p>Jusqu\u2019\u00e0 100 000 euros d\u2019amende<\/p>\n<p>Le conseil m\u00e9tropolitain a \u00e9galement statu\u00e9 sur une autre mesure : tous les logements b\u00e9n\u00e9ficiant d\u2019une aide publique ou d\u2019un dispositif d\u2019accession \u00e0 la propri\u00e9t\u00e9 ont d\u00e9sormais <strong>l\u2019interdiction de passer en location meubl\u00e9e touristique<\/strong>. Il faudra aussi que ce soit d\u00e9clar\u00e9 au r\u00e8glement de copropri\u00e9t\u00e9. Et attention aux contrevenants, l\u2019amende peut aller jusqu\u2019\u00e0 100 000 euros !<\/p>\n<p>Interrog\u00e9e par BFMTV, la vice-pr\u00e9sidente de la m\u00e9tropole d\u00e9l\u00e9gu\u00e9e \u00e0 l\u2019habitat et maire de Castries, Claudine Vassas-Mejri, explique que ces mesures visent \u00e0 mieux r\u00e9guler les meubl\u00e9s touristiques \u00abqui viennent bloquer des logements \u00e0 la location p\u00e9renne pour les familles et travailleurs\u00bb. Juste \u00e0 c\u00f4t\u00e9 de Montpellier, <strong>la ville de Lattes<\/strong> a \u00e9galement mis en place une r\u00e9gulation similaire, elle qui comptabilise <strong>449 meubl\u00e9s de tourisme<\/strong> (dont 141 r\u00e9sidences secondaires).<\/p>\n<p>Bient\u00f4t le passage de 120 \u00e0 90 jours ?<\/p>\n<p>Parmi les autres mesures envisag\u00e9es, la M\u00e9tropole souhaite abaisser la dur\u00e9e maximale de location de <strong>120 \u00e0 90 jours par an<\/strong> pour la location de r\u00e9sidences principales. En ao\u00fbt dernier, <a href=\"https:\/\/www.capital.fr\/immobilier\/airbnb-la-ville-de-cannes-durcit-le-ton-en-imposant-des-quotas-1516975\" target=\"_blank\" rel=\"noopener\">la ville de Cannes<\/a>, dirig\u00e9e par Davis Lisnard, avait annonc\u00e9 des d\u00e9cisions similaires, avec la mise en place de quotas sur le nombre de logements propos\u00e9s en <a href=\"https:\/\/www.capital.fr\/immobilier\/location-airbnb-conditions-reglementation-et-demarches-1506500\" target=\"_blank\" rel=\"noopener\">location sur Airbnb<\/a> dans les zones les plus tendues, mais \u00e9galement l\u2019interdiction des bo\u00eetes \u00e0 cl\u00e9s ainsi que le plafonnement des locations \u00e0 120 jours par an.<\/p>\n<p><a class=\"cta ctaInArticle lien-interne medium primary\" href=\"https:\/\/www.capital.fr\/dossiers\/prix-immobilier\" target=\"_blank\" rel=\"noopener\"><br \/>\n\t\t\t&gt;&gt; Les prix de l&rsquo;immobilier et loyers dans 100 villes de France (Indicateur Capital\/Fnaim\/Clameur)\t<\/p>\n<p>\t<\/a><\/p>\n","protected":false},"excerpt":{"rendered":"Paris, Marseille, Annecy, Saint-Malo\u2026 et maintenant Montpellier. Une \u00e0 une, les grandes villes fran\u00e7aises durcissent le ton face&hellip;\n","protected":false},"author":2,"featured_media":469523,"comment_status":"","ping_status":"","sticky":false,"template":"","format":"standard","meta":{"footnotes":""},"categories":[9599],"tags":[1111,11,7345,1777,674,1011,27,10284,27839,2208,12,2680,25,602],"class_list":{"0":"post-469522","1":"post","2":"type-post","3":"status-publish","4":"format-standard","5":"has-post-thumbnail","7":"category-montpellier","8":"tag-actu","9":"tag-actualites","10":"tag-airbnb","11":"tag-eu","12":"tag-europe","13":"tag-fr","14":"tag-france","15":"tag-location","16":"tag-location-meublu00e9e","17":"tag-montpellier","18":"tag-news","19":"tag-occitanie","20":"tag-republique-francaise","21":"tag-tourisme"},"share_on_mastodon":{"url":"https:\/\/pubeurope.com\/@fr\/115388578896408589","error":""},"_links":{"self":[{"href":"https:\/\/www.europesays.com\/fr\/wp-json\/wp\/v2\/posts\/469522","targetHints":{"allow":["GET"]}}],"collection":[{"href":"https:\/\/www.europesays.com\/fr\/wp-json\/wp\/v2\/posts"}],"about":[{"href":"https:\/\/www.europesays.com\/fr\/wp-json\/wp\/v2\/types\/post"}],"author":[{"embeddable":true,"href":"https:\/\/www.europesays.com\/fr\/wp-json\/wp\/v2\/users\/2"}],"replies":[{"embeddable":true,"href":"https:\/\/www.europesays.com\/fr\/wp-json\/wp\/v2\/comments?post=469522"}],"version-history":[{"count":0,"href":"https:\/\/www.europesays.com\/fr\/wp-json\/wp\/v2\/posts\/469522\/revisions"}],"wp:featuredmedia":[{"embeddable":true,"href":"https:\/\/www.europesays.com\/fr\/wp-json\/wp\/v2\/media\/469523"}],"wp:attachment":[{"href":"https:\/\/www.europesays.com\/fr\/wp-json\/wp\/v2\/media?parent=469522"}],"wp:term":[{"taxonomy":"category","embeddable":true,"href":"https:\/\/www.europesays.com\/fr\/wp-json\/wp\/v2\/categories?post=469522"},{"taxonomy":"post_tag","embeddable":true,"href":"https:\/\/www.europesays.com\/fr\/wp-json\/wp\/v2\/tags?post=469522"}],"curies":[{"name":"wp","href":"https:\/\/api.w.org\/{rel}","templated":true}]}}