{"id":469526,"date":"2025-10-17T08:33:18","date_gmt":"2025-10-17T08:33:18","guid":{"rendered":"https:\/\/www.europesays.com\/fr\/469526\/"},"modified":"2025-10-17T08:33:18","modified_gmt":"2025-10-17T08:33:18","slug":"les-decors-spectaculaires-inventifs-et-precieux-de-maxime-old-a-rouen","status":"publish","type":"post","link":"https:\/\/www.europesays.com\/fr\/469526\/","title":{"rendered":"Les d\u00e9cors spectaculaires, inventifs et pr\u00e9cieux de Maxime Old \u00e0 Rouen"},"content":{"rendered":"<p>Amoureux des formes pures, Maxime Old sera de plus en plus attentif aux mati\u00e8res \u00e9mergentes, et toujours plus soucieux des qualit\u00e9s fonctionnelles d\u2019un meuble. La l\u00e9gende dit d\u2019ailleurs que Charlotte Perriand, admirative du travail d\u2019ex\u00e9cution de ses meubles, serait venue le voir pour qu\u2019il travaille sur ses projets. Mais Maxime Old avait le vent en poupe et bien trop \u00e0 faire avec les siens, qui \u00e9taient en train de changer d\u2019\u00e9chelle, pour s\u2019occuper de ceux des autres.<\/p>\n<p>R\u00e9inventer Rouen<\/p>\n<p>\u00c0 l\u2019aube des ann\u00e9es 1960, il va peu \u00e0 peu d\u00e9laisser les chantiers priv\u00e9s et se mettre \u00e0 l\u2019am\u00e9nagement d\u2019h\u00f4tels de luxe \u00e0 l\u2019\u00e9tranger comme d\u2019ambassades de France plus ou moins lointaines, du Ghana \u00e0 la Norv\u00e8ge. Il y aura \u00e9galement l\u2019a\u00e9rogare de <a href=\"https:\/\/www.admagazine.fr\/article\/a-marseille-un-interieur-lumineux-tout-en-reflets-et-camaieux\" target=\"_blank\" rel=\"noopener\">Marseille<\/a>-Marignane et le paquebot France\u2026 des projets de plus en plus prestigieux pour un homme qui restera un \u00e9ternel discret. C\u2019est \u00e0 cette \u00e9poque que Rouen s\u2019inscrit dans sa trajectoire. En 1960, les architectes Henri Jullien et Raymond Barb\u00e9 lui confient l\u2019am\u00e9nagement de la halle aux Toiles, une salle des f\u00eates pour laquelle il dessinera des banquettes et des fauteuils en ch\u00eane, des chaises en acajou, des gu\u00e9ridons en m\u00e9tal et verre et des grandes tables d\u2019apparat, faisant appara\u00eetre ce qui deviendra l\u2019une de ses signatures : le pi\u00e8tement en X. Pour ce b\u00e2timent historique de la grande ville normande, il concevra aussi l\u2019\u00e9clairage, imaginera des extracteurs de fum\u00e9e interpr\u00e9t\u00e9s comme des sculptures sous la voute de la grande salle, et habillera certains murs de merisier, certaines lignes de laiton, et certains d\u00e9tails de couleurs.<\/p>\n<p><img decoding=\"async\" alt=\"maxime old rouen GALERIE du premier tage de l'h\u00f4tel de ville a t habille de pierre et de marbre dans une perspective...\" loading=\"lazy\" class=\"ResponsiveImageContainer-eNxvmU cfBbTk responsive-image__image\"   src=\"https:\/\/www.europesays.com\/fr\/wp-content\/uploads\/2025\/10\/maxime%20old%20rouen%20Galerie_004.jpg\"\/><\/p>\n<p>LA GRANDE GALERIE du premier \u00e9tage de l&rsquo;h\u00f4tel de ville a \u00e9t\u00e9 habill\u00e9e de pierre et de marbre dans une perspective qu&rsquo;\u00e9clairent les rayons du soleil.<\/p>\n<p>\u00a9 Christophe Co\u00ebnon<img decoding=\"async\" alt=\"maxime old rouen BUREAUX DU MAIRE et de ses adjoints sont reconnaissables \u00e0 leurs portes en palissandre de Rio.\" loading=\"lazy\" class=\"ResponsiveImageContainer-eNxvmU cfBbTk responsive-image__image\"   src=\"https:\/\/www.europesays.com\/fr\/wp-content\/uploads\/2025\/10\/maxime%20old%20rouen%20Galerie_022.jpg\"\/><\/p>\n<p>LES BUREAUX DU MAIRE et de ses adjoints sont reconnaissables \u00e0 leurs portes en palissandre de Rio.<\/p>\n<p>\u00a9 Christophe Co\u00ebnon<\/p>\n<p>Quand l\u2019usure et l\u2019oubli gagnent\u2026<\/p>\n<p>Au m\u00eame moment, un de ses clients, docteur \u00e0 Rouen et adjoint au maire en charge de la culture et du patrimoine, souffle son nom pour apporter un peu de confort et de modernit\u00e9 \u00e0 l\u2019h\u00f4tel de ville, dont l\u2019int\u00e9rieur est rest\u00e9 inchang\u00e9 depuis la fin du XIXe. Le 2 avril 1962, son projet d\u2019am\u00e9nagement pour la salle du conseil municipal, les salles de commissions attenantes et la grande galerie du premier \u00e9tage est choisi. Panneaux de palissandre rehauss\u00e9s de filets de laiton, marqueterie de m\u00e9lamin\u00e9, claustra de fer forg\u00e9, boiseries \u00e9clairantes, pi\u00e8tements en X et effets de bois pr\u00e9cieux se d\u00e9rouleront sous un monumental plafond compos\u00e9 de panneaux en m\u00e9tal perfor\u00e9 mont\u00e9s sur des portiques. Il r\u00e9alisera l\u00e0 l\u2019un de ses d\u00e9cors les plus spectaculaires, pour lequel, entre la commande et l\u2019inauguration, trois ann\u00e9es de travaux furent n\u00e9cessaires.<\/p>\n<p><img decoding=\"async\" alt=\"maxime old rouen escalier m\u00e8ne \u00e0 la grande salle de la halle aux Toiles est en marbre bord de laiton qu'clairent des...\" loading=\"lazy\" class=\"ResponsiveImageContainer-eNxvmU cfBbTk responsive-image__image\"   src=\"https:\/\/www.europesays.com\/fr\/wp-content\/uploads\/2025\/10\/maxime%20old%20rouen%20Hale%20aux%20toiles_003.jpg\"\/><\/p>\n<p>L&rsquo;ESCALIER PRINCIPAL, qui m\u00e8ne \u00e0 la grande salle de la halle aux Toiles, est en marbre bord\u00e9 de laiton, qu&rsquo;\u00e9clairent des notes de couleur.<\/p>\n<p>\u00a9 Christophe Co\u00ebnon<\/p>\n<p>Des ann\u00e9es, cinquante-quatre pr\u00e9cis\u00e9ment, se sont \u00e9coul\u00e9es depuis, durant lesquelles l\u2019estrade de la salle du conseil municipal a vu d\u00e9filer sept maires, et bien plus d\u2019\u00e9lus municipaux encore. Aujourd\u2019hui, certains se plaignent du grincement que font les ressorts des chaises, d\u2019autres disent s\u2019\u00e9merveiller du d\u00e9cor \u00e0 chaque assembl\u00e9e. Un jour, la voix des premiers, accompagn\u00e9e par l\u2019arriv\u00e9e de nouvelles normes, portera plus haut que celles des derniers, et l\u2019oeuvre de Maxime Old dispara\u00eetra sous les leds et les faux plafonds, tandis qu\u2019une poign\u00e9e de galeristes parisiens se disputeront les pi\u00e8ces de mobilier. \u00ab Terminus du train, tous les voyageurs sont invit\u00e9s \u00e0 descendre. \u00bb Voil\u00e0 comment nous nous sommes retrouv\u00e9s un jour d\u2019\u00e9t\u00e9 \u00e0 Rouen. Pour voir au moins une fois ces d\u00e9cors, en ressentir l\u2019\u00e9chelle, toucher \u00e0 la qualit\u00e9 des mat\u00e9riaux, observer ces lignes parfaites, balayer les clich\u00e9s que l\u2019on avait sur la ville et voyager au coeur des ann\u00e9es 1960, go\u00fbter un instant \u00e0 cette atmosph\u00e8re, avant que ce chapitre-l\u00e0 ne se referme.<\/p>\n","protected":false},"excerpt":{"rendered":"Amoureux des formes pures, Maxime Old sera de plus en plus attentif aux mati\u00e8res \u00e9mergentes, et toujours plus&hellip;\n","protected":false},"author":2,"featured_media":469527,"comment_status":"","ping_status":"","sticky":false,"template":"","format":"standard","meta":{"footnotes":""},"categories":[9587],"tags":[51958,1111,11,51959,1777,674,1011,27,10057,12,5161,25,9590],"class_list":{"0":"post-469526","1":"post","2":"type-post","3":"status-publish","4":"format-standard","5":"has-post-thumbnail","7":"category-rouen","8":"tag-25-ans-dad","9":"tag-actu","10":"tag-actualites","11":"tag-ad-25-ans","12":"tag-eu","13":"tag-europe","14":"tag-fr","15":"tag-france","16":"tag-lieux-spectaculaires","17":"tag-news","18":"tag-normandie","19":"tag-republique-francaise","20":"tag-rouen"},"share_on_mastodon":{"url":"https:\/\/pubeurope.com\/@fr\/115388587364591756","error":""},"_links":{"self":[{"href":"https:\/\/www.europesays.com\/fr\/wp-json\/wp\/v2\/posts\/469526","targetHints":{"allow":["GET"]}}],"collection":[{"href":"https:\/\/www.europesays.com\/fr\/wp-json\/wp\/v2\/posts"}],"about":[{"href":"https:\/\/www.europesays.com\/fr\/wp-json\/wp\/v2\/types\/post"}],"author":[{"embeddable":true,"href":"https:\/\/www.europesays.com\/fr\/wp-json\/wp\/v2\/users\/2"}],"replies":[{"embeddable":true,"href":"https:\/\/www.europesays.com\/fr\/wp-json\/wp\/v2\/comments?post=469526"}],"version-history":[{"count":0,"href":"https:\/\/www.europesays.com\/fr\/wp-json\/wp\/v2\/posts\/469526\/revisions"}],"wp:featuredmedia":[{"embeddable":true,"href":"https:\/\/www.europesays.com\/fr\/wp-json\/wp\/v2\/media\/469527"}],"wp:attachment":[{"href":"https:\/\/www.europesays.com\/fr\/wp-json\/wp\/v2\/media?parent=469526"}],"wp:term":[{"taxonomy":"category","embeddable":true,"href":"https:\/\/www.europesays.com\/fr\/wp-json\/wp\/v2\/categories?post=469526"},{"taxonomy":"post_tag","embeddable":true,"href":"https:\/\/www.europesays.com\/fr\/wp-json\/wp\/v2\/tags?post=469526"}],"curies":[{"name":"wp","href":"https:\/\/api.w.org\/{rel}","templated":true}]}}