{"id":469543,"date":"2025-10-17T08:42:37","date_gmt":"2025-10-17T08:42:37","guid":{"rendered":"https:\/\/www.europesays.com\/fr\/469543\/"},"modified":"2025-10-17T08:42:37","modified_gmt":"2025-10-17T08:42:37","slug":"dans-ce-lycee-pres-de-nantes-il-ny-aura-plus-de-fetes-de-fin-dannee-pour-les-eleves-de-terminale","status":"publish","type":"post","link":"https:\/\/www.europesays.com\/fr\/469543\/","title":{"rendered":"Dans ce lyc\u00e9e pr\u00e8s de Nantes, il n\u2019y aura plus de f\u00eates de fin d\u2019ann\u00e9e pour les \u00e9l\u00e8ves de terminale"},"content":{"rendered":"<p>            Par<br \/>\n        <strong><br \/>\n            <a href=\"https:\/\/actu.fr\/auteur\/journaliste-sm\" title=\"Consulter tous les articles de R\u00e9daction Clisson\" target=\"_blank\" rel=\"noopener\">R\u00e9daction Clisson<\/a><br \/>\n        <\/strong><\/p>\n<p>        Publi\u00e9 le<\/p>\n<p>            16 oct. 2025 \u00e0 8h07        <\/p>\n<p>A <a href=\"https:\/\/actu.fr\/pays-de-la-loire\/basse-goulaine_44009\" target=\"_blank\" rel=\"noopener\"><b>Basse-Goulaine<\/b>,<\/a> le<a href=\"https:\/\/herdrie.paysdelaloire.e-lyco.fr\/\" target=\"_blank\" rel=\"noopener\"> lyc\u00e9e de la Herdrie<\/a> reste le <b>plus gros \u00e9tablissement de la commune<\/b> avec ses 1\u2009083 lyc\u00e9ens et \u00e9tudiants en BTS.<\/p>\n<blockquote class=\"ac-article-quote wall-content\">\n<p>Nous avons 325 lyc\u00e9ens en seconde, 287 en premi\u00e8re, 310 en terminale et 161 en BTS et formation Greta.<\/p>\n<p>Fabienne Dubourg, proviseure.<\/p><\/blockquote>\n<p class=\" wall-content\">La <b>nouveaut\u00e9, <\/b>pour les \u00e9l\u00e8ves de premi\u00e8re, sera<b> l\u2019\u00e9preuve de math <\/b>en fin d\u2019ann\u00e9e scolaire, qui accompagnera le bac fran\u00e7ais. Dans un tout autre registre, le lyc\u00e9e a \u00e9galement pr\u00e9vu des<b> \u00e9changes avec la Norv\u00e8ge<\/b>,<b> l\u2019Angleterre<\/b>, l<b>\u2019Espagne<\/b> et <b>l\u2019Irlande, <\/b>initi\u00e9 par <a href=\"https:\/\/www.basse-goulaine.fr\/actualites\/sejour-en-irlande\/\" target=\"_blank\" rel=\"noopener\"><b>le comit\u00e9 de jumelage<\/b><\/a>.<\/p>\n<p class=\" wall-content\">Un doute subsiste quand m\u00eame sur le maintien de ces derniers.<\/p>\n<blockquote class=\"ac-article-quote wall-content\">\n<p>En effet, nos subventions pour le p\u00f4le culture ont \u00e9t\u00e9 consid\u00e9rablement r\u00e9duites. Pour l\u2019instant, nous n\u2019avons touch\u00e9 que celles du premier trimestre. Nous n\u2019avons aucune visibilit\u00e9 sur les deux autres. Donc, cela complique l\u2019organisation d\u2019\u00e9v\u00e9nements.<\/p>\n<\/blockquote>\n<p>Vid\u00e9os : en ce moment sur Actu<\/p>\n<p class=\" wall-content\">Quant \u00e0 la fin <b>des classes de juin\u00a02025<\/b> qui s\u2019est termin\u00e9e, <b>dans un grand chaos,<\/b> avec des <b>d\u00e9bordements lors de la f\u00eate des \u00e9l\u00e8ves de terminale,<\/b> n\u00e9cessitant l\u2019intervention des gendarmes, la proviseure a annonc\u00e9 l<b>a fin des f\u00eates de fin d\u2019ann\u00e9e<\/b>.<\/p>\n<blockquote class=\"ac-article-quote wall-content\">\n<p>Nous n\u2019avons pas vocation \u00e0 \u00eatre force de l\u2019ordre, ce n\u2019est pas notre boulot. Il faut savoir que par l\u2019interm\u00e9diaire des r\u00e9seaux un concours avait \u00e9t\u00e9 lanc\u00e9 pour d\u00e9signer le lyc\u00e9e le plus agit\u00e9. M\u00eame s\u2019il faut relativiser, car en voyant les r\u00e9seaux, on avait l\u2019impression que le lyc\u00e9e de La Herdrie \u00e9tait en flamme. Or, un seul fumig\u00e8ne a \u00e9t\u00e9 tir\u00e9. Mais, nous ne prendrons plus de risque, nous ne voulons pas r\u00e9it\u00e9rer l\u2019aventure.<\/p>\n<\/blockquote>\n<p>Votre r\u00e9gion, votre actu !<\/p>\n<p>Recevez chaque jour les infos qui comptent pour vous.<\/p>\n<p>\t<a href=\"https:\/\/actu.fr\/newsletter\" class=\"ac-btn ac-btn--corner ac-btn--medium ac-btn--blue800\" target=\"_blank\" rel=\"noopener\">S&rsquo;incrire<\/a><\/p>\n<p class=\" wall-content\">Le message est pass\u00e9.<\/p>\n<p>Les \u00e9coles primaires tourn\u00e9es vers l\u2019environnement<\/p>\n<p class=\" wall-content\">Concernant les \u00e9coles primaires, <b>ce sont 872\u00a0enfants qui sont retourn\u00e9s en classe<\/b>\u2009: 197 \u00e0 <a href=\"https:\/\/www.basse-goulaine.fr\/contacts\/ecole-publique-maternelle-de-la-champagnere\/\" target=\"_blank\" rel=\"noopener\">l\u2019\u00e9cole maternelle de la Champagn\u00e8re<\/a> r\u00e9partis en <b>huit classes <\/b>(dont 7\u00a0\u00e9l\u00e8ves de l\u2019unit\u00e9 externalis\u00e9e autistique), 373\u00a0enfants au <a href=\"https:\/\/www.basse-goulaine.fr\/contacts\/ecole-publique-elementaire-du-grignon\/\" target=\"_blank\" rel=\"noopener\">Grignon <\/a>r\u00e9partis en <b>15 classes<\/b> (dont quatre avec un double niveau et une de 14\u00a0\u00e9l\u00e8ves de l\u2019unit\u00e9 externalis\u00e9e d\u2019enseignement atteint de handicaps moteurs) et 302 \u00e0 <a href=\"https:\/\/www.saintbrice-saintemarie.org\/\" target=\"_blank\" rel=\"noopener\">l\u2019\u00e9cole Saint-Brice-Sainte-Marie<\/a>.<\/p>\n<p>    <img   decoding=\"async\" loading=\"lazy\" class=\"size-large\" src=\"https:\/\/www.europesays.com\/fr\/wp-content\/uploads\/2025\/10\/ba14f1c15ec866f14f1c15ec810000v-960x640.jpg\" alt=\"Rentr\u00e9e \u00e0 la Champagn\u00e8re\" width=\"960\" height=\"640\"\/><br \/>\n    La rentr\u00e9e \u00e0 l\u2019\u00e9cole de la Champagn\u00e8re. \u00a9Hebdo de S\u00e8vre et Maine<\/p>\n<p class=\" wall-content\">Le <b>th\u00e8me de l\u2019environnemen<\/b>t suivra toute l\u2019ann\u00e9e ces \u00e9coles. Au Grignon, par exemple, une r\u00e9flexion est engag\u00e9e pour \u00e9quiper en <b>zones d\u2019ombre et zones vertes<\/b> la totalit\u00e9 des cours de r\u00e9cr\u00e9ation. Dans le priv\u00e9, \u00ab\u2009nous allons <b>cr\u00e9er des nichoirs pour oiseaux et chauve-souris, des h\u00f4tels \u00e0 insectes et un potager<\/b>\u2009\u00bb, indiquait Pierre Bouret, directeur de Saint-Brice-Sainte-Marie qui ajoute\u2009:<\/p>\n<blockquote class=\"ac-article-quote wall-content\">\n<p>Nous allons aussi travailler sur le th\u00e8me de l\u2019alimentation et la sant\u00e9.<\/p>\n<\/blockquote>\n<p>    <img   decoding=\"async\" loading=\"lazy\" class=\"size-large\" src=\"https:\/\/www.europesays.com\/fr\/wp-content\/uploads\/2025\/10\/34e40b915ec8688e40b915ec88ce40v-960x640.jpg\" alt=\"Rentr\u00e9e \u00e0 Sainte Marie\" width=\"960\" height=\"640\"\/><br \/>\n    La rentr\u00e9e \u00e0 l\u2019\u00e9cole Sainte-Marie \u00a9Hebdo de S\u00e8vre et Maine522\u00a0\u00e9l\u00e8ves au coll\u00e8ge<\/p>\n<p class=\" wall-content\">Le <a href=\"https:\/\/goulaine.loire-atlantique.e-lyco.fr\/\" target=\"_blank\" rel=\"noopener\">coll\u00e8ge de Goulaine<\/a> a, de son c\u00f4t\u00e9, enregistr\u00e9<b> la rentr\u00e9e de 522 adolescents dans 20 classes<\/b>, soit cinq par niveau. A cela, il faut ajouter les 12\u00a0\u00e9l\u00e8ves de la classe ULIS (unit\u00e9 locale d\u2019inclusion scolaire) porteurs d\u2019un handicap cognitif et la classe de l\u2019institut de la Persagoti\u00e8re avec ses 14\u00a0\u00e9l\u00e8ves.<\/p>\n<blockquote class=\"ac-article-quote wall-content\">\n<p>A l\u2019arri\u00e8re de l\u2019\u00e9tablissement, un cheminement a \u00e9t\u00e9 cr\u00e9\u00e9 pour relier, la mare, le verger, la microfor\u00eat et le point de regroupement en cas d\u2019\u00e9vacuation. De plus, cet automne, nous allons, avec les \u00e9l\u00e8ves, planter les arbres du futur verger. Apr\u00e8s des \u00e9changes avec l\u2019Irlande, nous nous tournons, aussi, maintenant vers l\u2019Espagne (Madrid).<\/p>\n<p>Hugues Lenoir, principal du coll\u00e8ge public.<\/p><\/blockquote>\n<p class=\" wall-content\">L\u00e0 aussi une classe d\u2019\u00e9l\u00e8ves espagnols va faire le d\u00e9placement jusqu\u2019en Loire-Atlantique.<\/p>\n<p class=\" wall-content\">Personnalisez votre actualit\u00e9 en ajoutant vos villes et m\u00e9dias en favori avec <a href=\"https:\/\/moncompte.actu.fr\" title=\"D\u00e9couvez Mon Actu\" rel=\"nofollow noopener\" data-trk=\"{&quot;cta&quot;:{&quot;action&quot;:&quot;https:\\\/\\\/moncompte.actu.fr&quot;,&quot;category&quot;:&quot;mon compte&quot;,&quot;from&quot;:&quot;article footer&quot;,&quot;name&quot;:&quot;Mon actu&quot;,&quot;type&quot;:&quot;cta&quot;}}\" target=\"_blank\">Mon Actu<\/a>.<\/p>\n","protected":false},"excerpt":{"rendered":"Par R\u00e9daction Clisson Publi\u00e9 le 16 oct. 2025 \u00e0 8h07 A Basse-Goulaine, le lyc\u00e9e de la Herdrie reste&hellip;\n","protected":false},"author":2,"featured_media":469544,"comment_status":"","ping_status":"","sticky":false,"template":"","format":"standard","meta":{"footnotes":""},"categories":[2818],"tags":[1111,11,3867,1057,1777,674,1011,27,766,12,2636,25,104,2900],"class_list":{"0":"post-469543","1":"post","2":"type-post","3":"status-publish","4":"format-standard","5":"has-post-thumbnail","7":"category-nantes","8":"tag-actu","9":"tag-actualites","10":"tag-baccalaureat","11":"tag-education","12":"tag-eu","13":"tag-europe","14":"tag-fr","15":"tag-france","16":"tag-nantes","17":"tag-news","18":"tag-pays-de-la-loire","19":"tag-republique-francaise","20":"tag-societe","21":"tag-vignoble-nantais"},"share_on_mastodon":{"url":"https:\/\/pubeurope.com\/@fr\/115388622817037813","error":""},"_links":{"self":[{"href":"https:\/\/www.europesays.com\/fr\/wp-json\/wp\/v2\/posts\/469543","targetHints":{"allow":["GET"]}}],"collection":[{"href":"https:\/\/www.europesays.com\/fr\/wp-json\/wp\/v2\/posts"}],"about":[{"href":"https:\/\/www.europesays.com\/fr\/wp-json\/wp\/v2\/types\/post"}],"author":[{"embeddable":true,"href":"https:\/\/www.europesays.com\/fr\/wp-json\/wp\/v2\/users\/2"}],"replies":[{"embeddable":true,"href":"https:\/\/www.europesays.com\/fr\/wp-json\/wp\/v2\/comments?post=469543"}],"version-history":[{"count":0,"href":"https:\/\/www.europesays.com\/fr\/wp-json\/wp\/v2\/posts\/469543\/revisions"}],"wp:featuredmedia":[{"embeddable":true,"href":"https:\/\/www.europesays.com\/fr\/wp-json\/wp\/v2\/media\/469544"}],"wp:attachment":[{"href":"https:\/\/www.europesays.com\/fr\/wp-json\/wp\/v2\/media?parent=469543"}],"wp:term":[{"taxonomy":"category","embeddable":true,"href":"https:\/\/www.europesays.com\/fr\/wp-json\/wp\/v2\/categories?post=469543"},{"taxonomy":"post_tag","embeddable":true,"href":"https:\/\/www.europesays.com\/fr\/wp-json\/wp\/v2\/tags?post=469543"}],"curies":[{"name":"wp","href":"https:\/\/api.w.org\/{rel}","templated":true}]}}