{"id":469555,"date":"2025-10-17T08:48:12","date_gmt":"2025-10-17T08:48:12","guid":{"rendered":"https:\/\/www.europesays.com\/fr\/469555\/"},"modified":"2025-10-17T08:48:12","modified_gmt":"2025-10-17T08:48:12","slug":"demontage-des-golden-monoliths-fiesta-actualites","status":"publish","type":"post","link":"https:\/\/www.europesays.com\/fr\/469555\/","title":{"rendered":"D\u00e9montage des Golden Monoliths (Fiesta) \/ Actualit\u00e9s"},"content":{"rendered":"<p>Les 14 Golden Monoliths de la rue Faidherbe seront d\u00e9mont\u00e9s du 10 au 14 novembre, entra\u00eenant des modifications de circulation et de stationnement.<\/p>\n<p>            <img loading=\"lazy\" decoding=\"async\" src=\"\/var\/www\/storage\/images\/mediatheque\/mairie-de-lille\/actualites\/images\/2025\/avril\/faidherbe-rambla-fiesta\/3732102-5-fre-FR\/faidherbe-rambla-Fiesta_news_image_top.jpg\" width=\"779\" height=\"519\" alt=\"\"\/><br \/>\n    \tLes Golden Monoliths rue Faidherbe. Photo Dan R &#8211; Ville de Lille<\/p>\n<p>Fiesta, la 7e saison de lille3000, touche \u00e0 sa fin. Les portes de la f\u00eate vont bient\u00f4t se refermer. La rue Faidherbe, r\u00e9am\u00e9nag\u00e9e en \u00ab\u00a0rambla\u00a0\u00bb pour l\u2019occasion, va prochainement retrouver son aspect habituel. <strong>Les 14 Golden Monoliths de l\u2019artiste SpY seront d\u00e9mont\u00e9s<\/strong>. Cette op\u00e9ration aura lieu <strong>du 10 au 14 novembre<\/strong>.<\/p>\n<p>Pour garantir son bon d\u00e9roulement,<\/p>\n<ul class=\"listPuce\">\n<li>le stationnement sera interdit du lundi 10 novembre \u00e0 partir de 15h et jusqu\u2019au vendredi 14 novembre \u00e0 5h\u00a0;<\/li>\n<li>la circulation sera interdite \u00e0 partir du lundi 10 novembre au vendredi 14 novembre, chaque jour \u00e0 partir de 20h et jusqu\u2019au lendemain 5h (reprise de la circulation).<\/li>\n<\/ul>\n<p>Voici <strong>les rues interdites au stationnement et \u00e0 la circulation<\/strong> :<\/p>\n<ul class=\"listPuce\">\n<li>Rue Faidherbe, entre la place du Th\u00e9\u00e2tre et la place de la gare Lille-Flandres.<\/li>\n<li>Rue des ponts Comines, portion comprise entre la rue Schepers et la place des Reignaux<\/li>\n<li>Rue de la Quenette<\/li>\n<li>Rue du Priez, portion comprise entre le parvis Saint-Maurice et la rue Faidherbe<\/li>\n<\/ul>\n<p>            <img src-full=\"\/var\/www\/storage\/images\/mediatheque\/mairie-de-lille\/actualites\/images\/2025\/octobre-2025\/demontage-des-monoliths-rue-faidherbe-rues-interdites\/3871770-1-fre-FR\/Demontage-des-Monoliths-rue-Faidherbe-rues-interdites.jpg\" data-caption-full=\"D\u00e9montage des Monoliths rue Faidherbe : rues interdites au stationnement et \u00e0 la circulation.\" width=\"320\" height=\"244\" alt=\"D\u00e9montage des Monoliths rue Faidherbe : rues interdites\" title=\"D\u00e9montage des Monoliths rue Faidherbe : rues interdites\" class=\"align-\"\/>\n    <\/p>\n<p>Le cheminement pi\u00e9ton sera pr\u00e9serv\u00e9 pour l\u2019acc\u00e8s aux habitations et aux commerces. La collecte des d\u00e9chets m\u00e9nagers sera maintenue pendant le d\u00e9montage. Nous nous effor\u00e7ons de limiter les perturbations occasionn\u00e9es et vous remercions de votre compr\u00e9hension.<\/p>\n<p>&gt; <a href=\"https:\/\/www.lille.fr\/Que-faire-a-Lille\/Les-grands-evenements\/Fiesta-saison-2025-de-lille3000\/Fiesta-dernieres-semaines\" target=\"_self\" class=\"lien_interne\" rel=\"noopener\">Fiesta : nos derniers coups de c\u0153ur<\/a>\t<\/p>\n","protected":false},"excerpt":{"rendered":"Les 14 Golden Monoliths de la rue Faidherbe seront d\u00e9mont\u00e9s du 10 au 14 novembre, entra\u00eenant des modifications&hellip;\n","protected":false},"author":2,"featured_media":28203,"comment_status":"","ping_status":"","sticky":false,"template":"","format":"standard","meta":{"footnotes":""},"categories":[2815],"tags":[1111,11,4763,1777,674,1011,27,811,1307,5415,12,25],"class_list":{"0":"post-469555","1":"post","2":"type-post","3":"status-publish","4":"format-standard","5":"has-post-thumbnail","7":"category-lille","8":"tag-actu","9":"tag-actualites","10":"tag-agenda","11":"tag-eu","12":"tag-europe","13":"tag-fr","14":"tag-france","15":"tag-hauts-de-france","16":"tag-lille","17":"tag-mairie","18":"tag-news","19":"tag-republique-francaise"},"share_on_mastodon":{"url":"https:\/\/pubeurope.com\/@fr\/115388645833465312","error":""},"_links":{"self":[{"href":"https:\/\/www.europesays.com\/fr\/wp-json\/wp\/v2\/posts\/469555","targetHints":{"allow":["GET"]}}],"collection":[{"href":"https:\/\/www.europesays.com\/fr\/wp-json\/wp\/v2\/posts"}],"about":[{"href":"https:\/\/www.europesays.com\/fr\/wp-json\/wp\/v2\/types\/post"}],"author":[{"embeddable":true,"href":"https:\/\/www.europesays.com\/fr\/wp-json\/wp\/v2\/users\/2"}],"replies":[{"embeddable":true,"href":"https:\/\/www.europesays.com\/fr\/wp-json\/wp\/v2\/comments?post=469555"}],"version-history":[{"count":0,"href":"https:\/\/www.europesays.com\/fr\/wp-json\/wp\/v2\/posts\/469555\/revisions"}],"wp:featuredmedia":[{"embeddable":true,"href":"https:\/\/www.europesays.com\/fr\/wp-json\/wp\/v2\/media\/28203"}],"wp:attachment":[{"href":"https:\/\/www.europesays.com\/fr\/wp-json\/wp\/v2\/media?parent=469555"}],"wp:term":[{"taxonomy":"category","embeddable":true,"href":"https:\/\/www.europesays.com\/fr\/wp-json\/wp\/v2\/categories?post=469555"},{"taxonomy":"post_tag","embeddable":true,"href":"https:\/\/www.europesays.com\/fr\/wp-json\/wp\/v2\/tags?post=469555"}],"curies":[{"name":"wp","href":"https:\/\/api.w.org\/{rel}","templated":true}]}}